{"id":506915,"date":"2022-02-24T12:31:28","date_gmt":"2022-02-24T11:31:28","guid":{"rendered":"https:\/\/www.hashtag.al\/?p=506915"},"modified":"2022-02-24T12:31:28","modified_gmt":"2022-02-24T11:31:28","slug":"kremlini-rusia-e-nisi-operacionin-me-qellim-te-pastroje-ukrainen-nga-nazistet","status":"publish","type":"post","link":"https:\/\/www.hashtag.al\/index.php\/2022\/02\/24\/kremlini-rusia-e-nisi-operacionin-me-qellim-te-pastroje-ukrainen-nga-nazistet\/","title":{"rendered":"Kremlini: Rusia e nisi operacionin me q\u00ebllim t\u00eb pastroj\u00eb Ukrain\u00ebn nga nazist\u00ebt","gt_translate_keys":[{"key":"rendered","format":"text"}]},"content":{"rendered":"<p><span style=\"color: #000000;\"><a href=\"https:\/\/www.hashtag.al\/wp-content\/uploads\/2022\/02\/ukraine-7.jpg\"><img loading=\"lazy\" decoding=\"async\" class=\"aligncenter size-full wp-image-506916\" src=\"https:\/\/www.hashtag.al\/wp-content\/uploads\/2022\/02\/ukraine-7.jpg\" alt=\"\" width=\"624\" height=\"351\" srcset=\"https:\/\/www.hashtag.al\/wp-content\/uploads\/2022\/02\/ukraine-7.jpg 624w, https:\/\/www.hashtag.al\/wp-content\/uploads\/2022\/02\/ukraine-7-300x169.jpg 300w\" sizes=\"auto, (max-width: 624px) 100vw, 624px\" \/><\/a><\/span><\/p>\n<p><span style=\"color: #000000;\">Pas nd\u00ebrhyrjes s\u00eb forcave ruse n\u00eb Ukrain\u00eb, z\u00ebdh\u00ebn\u00ebsi i Kremlinit Dmitry Peskov ka deklaruar p\u00ebr mediet se Rusia ka nisur nj\u00eb operacion ushtarak n\u00eb Ukrain\u00eb p\u00ebr t\u00eb pastruar vendin nga nazist\u00ebt.<\/span><\/p>\n<p><span style=\"color: #000000;\"><em>&#8220;Idealisht, \u00ebsht\u00eb e nevojshme t\u00eb \u00e7lirohet Ukraina, t\u00eb pastrohet nga nazist\u00ebt, si dhe nga njer\u00ebzit dhe ideologjia pro-naziste.<\/em>&#8220;- u tha Peskov gazetar\u00ebve, sipas <span style=\"color: #0000ff;\"><a style=\"color: #0000ff;\" href=\"https:\/\/sputniknews.com\/20220224\/kremlin-russia-launched-operation-with-aim-of-clearing-ukraine-of-nazis-1093331876.html\">Sputnik<\/a><\/span>.<\/span><\/p>\n<p><span style=\"color: #000000;\">Peskov nuk dha detaje n\u00ebse presidenti ukrainas Volodymyr Zelensky konsiderohet nj\u00eb person &#8220;<em>pro-nazist<\/em>&#8220;, duke th\u00ebn\u00eb: <em>&#8220;Un\u00eb do t\u00eb p\u00ebrmbahem nga \u00e7do shpjegim tjet\u00ebr p\u00ebr k\u00ebt\u00eb \u00e7\u00ebshtje&#8221;.<\/em><\/span><\/p>\n<p><span style=\"color: #000000;\">Kujtojm\u00eb se n\u00eb nj\u00eb fjalim televiziv her\u00ebt t\u00eb premten, presidenti rus Vladimir Putin urdh\u00ebroi nj\u00eb <em>&#8220;operacion ushtarak&#8221;<\/em> n\u00eb rajonin lindor t\u00eb Donbasit t\u00eb Ukrain\u00ebs, por sipas raportimeve n\u00eb mediet per\u00ebndimore ajo q\u00eb ka nisur shkon shum\u00eb m\u00eb tej dhe p\u00ebrb\u00ebn nj\u00eb sulm n\u00eb shkall\u00eb t\u00eb plot\u00eb ndaj vendit.<\/span><\/p>\n<p><span style=\"color: #000000;\">Automjetet ushtarake ruse thuhet se kan\u00eb shkelur kufirin n\u00eb nj\u00eb num\u00ebr vendesh, n\u00eb veri, jug dhe lindje, duke p\u00ebrfshir\u00eb edhe nga Bjellorusia. T\u00eb pakt\u00ebn shtat\u00eb persona dihet se jan\u00eb vrar\u00eb n\u00eb sulmet ruse, thot\u00eb policia. 19 t\u00eb tjer\u00eb jan\u00eb t\u00eb zhdukur.<\/span><\/p>\n<p><span style=\"color: #000000;\">Shp\u00ebrthime t\u00eb shumta jan\u00eb d\u00ebgjuar n\u00eb qytetin e Odes\u00ebs brenda or\u00ebs s\u00eb kaluar. Presidenti rus Putin, tha se q\u00ebllimi i operacionit ishte \u00e7militarizimi dhe \u2018<em>denazifikimi<\/em>\u2019 i Ukrain\u00ebs.<\/span><\/p>\n","protected":false,"gt_translate_keys":[{"key":"rendered","format":"html"}]},"excerpt":{"rendered":"<p>Pas nd\u00ebrhyrjes s\u00eb forcave ruse n\u00eb Ukrain\u00eb, z\u00ebdh\u00ebn\u00ebsi i Kremlinit Dmitry Peskov ka deklaruar p\u00ebr mediet se Rusia ka nisur nj\u00eb operacion ushtarak n\u00eb Ukrain\u00eb p\u00ebr t\u00eb pastruar vendin nga nazist\u00ebt. &#8220;Idealisht, \u00ebsht\u00eb e nevojshme t\u00eb \u00e7lirohet Ukraina, t\u00eb pastrohet nga nazist\u00ebt, si dhe nga njer\u00ebzit dhe ideologjia pro-naziste.&#8220;- u tha Peskov gazetar\u00ebve, sipas Sputnik. [&hellip;]<\/p>\n","protected":false,"gt_translate_keys":[{"key":"rendered","format":"html"}]},"author":30,"featured_media":506916,"comment_status":"closed","ping_status":"closed","sticky":false,"template":"","format":"standard","meta":{"footnotes":""},"categories":[6,13],"tags":[],"class_list":["post-506915","post","type-post","status-publish","format-standard","has-post-thumbnail","hentry","category-nderkombetare","category-te-fundit"],"gt_translate_keys":[{"key":"link","format":"url"}],"_links":{"self":[{"href":"https:\/\/www.hashtag.al\/index.php\/wp-json\/wp\/v2\/posts\/506915","targetHints":{"allow":["GET"]}}],"collection":[{"href":"https:\/\/www.hashtag.al\/index.php\/wp-json\/wp\/v2\/posts"}],"about":[{"href":"https:\/\/www.hashtag.al\/index.php\/wp-json\/wp\/v2\/types\/post"}],"author":[{"embeddable":true,"href":"https:\/\/www.hashtag.al\/index.php\/wp-json\/wp\/v2\/users\/30"}],"replies":[{"embeddable":true,"href":"https:\/\/www.hashtag.al\/index.php\/wp-json\/wp\/v2\/comments?post=506915"}],"version-history":[{"count":0,"href":"https:\/\/www.hashtag.al\/index.php\/wp-json\/wp\/v2\/posts\/506915\/revisions"}],"wp:featuredmedia":[{"embeddable":true,"href":"https:\/\/www.hashtag.al\/index.php\/wp-json\/wp\/v2\/media\/506916"}],"wp:attachment":[{"href":"https:\/\/www.hashtag.al\/index.php\/wp-json\/wp\/v2\/media?parent=506915"}],"wp:term":[{"taxonomy":"category","embeddable":true,"href":"https:\/\/www.hashtag.al\/index.php\/wp-json\/wp\/v2\/categories?post=506915"},{"taxonomy":"post_tag","embeddable":true,"href":"https:\/\/www.hashtag.al\/index.php\/wp-json\/wp\/v2\/tags?post=506915"}],"curies":[{"name":"wp","href":"https:\/\/api.w.org\/{rel}","templated":true}]}}