{"id":506901,"date":"2022-02-24T11:47:36","date_gmt":"2022-02-24T10:47:36","guid":{"rendered":"https:\/\/www.hashtag.al\/?p=506901"},"modified":"2022-02-24T11:47:36","modified_gmt":"2022-02-24T10:47:36","slug":"berisha-rusia-nisi-luften-e-trete-boterore-do-e-humbe-e-fundi-i-saj-do-jete-me-tragjiku","status":"publish","type":"post","link":"https:\/\/www.hashtag.al\/index.php\/2022\/02\/24\/berisha-rusia-nisi-luften-e-trete-boterore-do-e-humbe-e-fundi-i-saj-do-jete-me-tragjiku\/","title":{"rendered":"Berisha: Rusia nisi Luft\u00ebn e Tret\u00eb Bot\u00ebrore, do e humb\u00eb e fundi i saj do jet\u00eb m\u00eb tragjiku","gt_translate_keys":[{"key":"rendered","format":"text"}]},"content":{"rendered":"<p><span style=\"color: #000000;\"><img loading=\"lazy\" decoding=\"async\" class=\"aligncenter size-full wp-image-506902\" src=\"https:\/\/www.hashtag.al\/wp-content\/uploads\/2022\/02\/berisha2-4.jpg\" alt=\"\" width=\"972\" height=\"491\" srcset=\"https:\/\/www.hashtag.al\/wp-content\/uploads\/2022\/02\/berisha2-4.jpg 972w, https:\/\/www.hashtag.al\/wp-content\/uploads\/2022\/02\/berisha2-4-300x152.jpg 300w, https:\/\/www.hashtag.al\/wp-content\/uploads\/2022\/02\/berisha2-4-768x388.jpg 768w\" sizes=\"auto, (max-width: 972px) 100vw, 972px\" \/><\/span><\/p>\n<p><span style=\"color: #000000;\">Ish-kryeministri Berisha ka deklaruar para hyrjes n\u00eb Kuvend se sulmi rus ndaj Ukrain\u00ebs ka nisur Luft\u00ebn e Tret\u00eb Bot\u00ebrore. <\/span><\/p>\n<p><span style=\"color: #000000;\">Gjat\u00eb fjal\u00ebs s\u00eb tij para gazetar\u00ebve ai tha se Rusia \u00ebsht\u00eb vendi q\u00eb ka nisur Luft\u00ebn e Par\u00eb Bot\u00ebrore dhe nism\u00ebtare e Luft\u00ebs s\u00eb Dyt\u00eb Bot\u00ebrore me paktin Ribetrop-Molotov p\u00ebr ndarjen e Polonis\u00eb. <\/span><\/p>\n<p><span style=\"color: #000000;\">Berisha shtoi se Rusia do e humb\u00eb k\u00ebt\u00eb luft\u00eb q\u00eb ka nisur dhe fundi i saj do jet\u00eb tragjik.<\/span><\/p>\n<p><span style=\"color: #000000;\"><em>\u201cRusia nisi Luft\u00ebn e Tret\u00eb Bot\u00ebrore me sulmin q\u00eb nisi ndaj Ukrain\u00ebs. Rusia \u00ebsht\u00eb vendi q\u00eb nisi de facto Luft\u00ebn e Par\u00eb Bot\u00ebrore. Edhe n\u00eb Luft\u00ebn e Dyt\u00eb Bot\u00ebrore, Rusia me paktin Ribentrop-Molotov \u00ebsht\u00eb nism\u00ebtare e saj. Shqip\u00ebria ishte viktima e par\u00eb n\u00eb Luft\u00ebn e Par\u00eb Bot\u00ebrore. Rusia do e humb\u00eb k\u00ebt\u00eb luft\u00eb dhe fundi i saj do jet\u00eb m\u00eb tragjiku q\u00eb ka par\u00eb ajo n\u00eb t\u00ebr\u00eb historin\u00eb. Nj\u00eb fund i merituar. Nuk na mbetet gj\u00eb tjet\u00ebr ve\u00e7 t\u00eb d\u00ebnojm\u00eb sulmin ndaj Ukrain\u00ebs nga dikatori barbar Vladimir Putin.\u201d<\/em> &#8211; tha Berisha para parlamentit.<\/span><\/p>\n","protected":false,"gt_translate_keys":[{"key":"rendered","format":"html"}]},"excerpt":{"rendered":"<p>Ish-kryeministri Berisha ka deklaruar para hyrjes n\u00eb Kuvend se sulmi rus ndaj Ukrain\u00ebs ka nisur Luft\u00ebn e Tret\u00eb Bot\u00ebrore. Gjat\u00eb fjal\u00ebs s\u00eb tij para gazetar\u00ebve ai tha se Rusia \u00ebsht\u00eb vendi q\u00eb ka nisur Luft\u00ebn e Par\u00eb Bot\u00ebrore dhe nism\u00ebtare e Luft\u00ebs s\u00eb Dyt\u00eb Bot\u00ebrore me paktin Ribetrop-Molotov p\u00ebr ndarjen e Polonis\u00eb. Berisha shtoi se [&hellip;]<\/p>\n","protected":false,"gt_translate_keys":[{"key":"rendered","format":"html"}]},"author":51,"featured_media":506902,"comment_status":"closed","ping_status":"closed","sticky":false,"template":"","format":"standard","meta":{"footnotes":""},"categories":[65,13],"tags":[],"class_list":["post-506901","post","type-post","status-publish","format-standard","has-post-thumbnail","hentry","category-lajme","category-te-fundit"],"gt_translate_keys":[{"key":"link","format":"url"}],"_links":{"self":[{"href":"https:\/\/www.hashtag.al\/index.php\/wp-json\/wp\/v2\/posts\/506901","targetHints":{"allow":["GET"]}}],"collection":[{"href":"https:\/\/www.hashtag.al\/index.php\/wp-json\/wp\/v2\/posts"}],"about":[{"href":"https:\/\/www.hashtag.al\/index.php\/wp-json\/wp\/v2\/types\/post"}],"author":[{"embeddable":true,"href":"https:\/\/www.hashtag.al\/index.php\/wp-json\/wp\/v2\/users\/51"}],"replies":[{"embeddable":true,"href":"https:\/\/www.hashtag.al\/index.php\/wp-json\/wp\/v2\/comments?post=506901"}],"version-history":[{"count":0,"href":"https:\/\/www.hashtag.al\/index.php\/wp-json\/wp\/v2\/posts\/506901\/revisions"}],"wp:featuredmedia":[{"embeddable":true,"href":"https:\/\/www.hashtag.al\/index.php\/wp-json\/wp\/v2\/media\/506902"}],"wp:attachment":[{"href":"https:\/\/www.hashtag.al\/index.php\/wp-json\/wp\/v2\/media?parent=506901"}],"wp:term":[{"taxonomy":"category","embeddable":true,"href":"https:\/\/www.hashtag.al\/index.php\/wp-json\/wp\/v2\/categories?post=506901"},{"taxonomy":"post_tag","embeddable":true,"href":"https:\/\/www.hashtag.al\/index.php\/wp-json\/wp\/v2\/tags?post=506901"}],"curies":[{"name":"wp","href":"https:\/\/api.w.org\/{rel}","templated":true}]}}