{"id":506793,"date":"2022-02-23T18:42:27","date_gmt":"2022-02-23T17:42:27","guid":{"rendered":"https:\/\/www.hashtag.al\/?p=506793"},"modified":"2022-02-23T18:48:00","modified_gmt":"2022-02-23T17:48:00","slug":"rama-paralajmeron-arrestimin-e-bashes-luli-mund-te-jete-atje-ne-burg-dhe-mbaje-mend","status":"publish","type":"post","link":"https:\/\/www.hashtag.al\/index.php\/2022\/02\/23\/rama-paralajmeron-arrestimin-e-bashes-luli-mund-te-jete-atje-ne-burg-dhe-mbaje-mend\/","title":{"rendered":"Rama &#8220;paralajm\u00ebron&#8221; arrestimin e Bash\u00ebs: Luli mund t\u00eb jet\u00eb atje n\u00eb burg dhe mbaje mend","gt_translate_keys":[{"key":"rendered","format":"text"}]},"content":{"rendered":"<p style=\"text-align: justify;\"><span style=\"color: #000000;\"><img loading=\"lazy\" decoding=\"async\" class=\"size-full wp-image-506733 aligncenter\" src=\"https:\/\/www.hashtag.al\/wp-content\/uploads\/2022\/02\/Tabaku-Rama-1.jpg\" alt=\"\" width=\"2000\" height=\"1000\" srcset=\"https:\/\/www.hashtag.al\/wp-content\/uploads\/2022\/02\/Tabaku-Rama-1.jpg 2000w, https:\/\/www.hashtag.al\/wp-content\/uploads\/2022\/02\/Tabaku-Rama-1-300x150.jpg 300w, https:\/\/www.hashtag.al\/wp-content\/uploads\/2022\/02\/Tabaku-Rama-1-1024x512.jpg 1024w, https:\/\/www.hashtag.al\/wp-content\/uploads\/2022\/02\/Tabaku-Rama-1-768x384.jpg 768w, https:\/\/www.hashtag.al\/wp-content\/uploads\/2022\/02\/Tabaku-Rama-1-1536x768.jpg 1536w\" sizes=\"auto, (max-width: 2000px) 100vw, 2000px\" \/><\/span><\/p>\n<p style=\"text-align: justify;\"><span style=\"color: #000000;\">Gjat\u00eb debatit n\u00eb Komisionin Hetimor p\u00ebr Incenerator\u00ebt, Kryeministri Edi Rama paralajm\u00ebroi arrestimin e kreut t\u00eb PD-s\u00eb Lulzim Basha.<\/span><\/p>\n<p style=\"text-align: justify;\"><span style=\"color: #000000;\">Debati me deputeten Jorida Tabaku, filloi kur kryeministrit ju p\u00ebrmend burgosja e ish-ministrit Lefter Koka p\u00ebr shkak t\u00eb afer\u00ebs s\u00eb incenerator\u00ebve.<\/span><\/p>\n<p style=\"text-align: justify;\"><span style=\"color: #000000;\">Rama i tha t\u00eb mos p\u00ebrmendte Kok\u00ebn sepse nj\u00eb dit\u00eb mund t\u00eb ishte Basha pas hekurave duke theksuar ta \u201cmbaj\u00eb mend\u201d.<\/span><\/p>\n<p style=\"text-align: justify;\"><span style=\"color: #000000;\"><em>\u201cAs prokurore t\u00eb ishe nuk do isha kaq e angazhuar p\u00ebr t\u00eb \u00e7uar njeri n\u00eb burg. Mos p\u00ebrmend Lefterin se nuk \u00ebsht\u00eb etike, mund t\u00eb jet\u00eb Luli nj\u00eb dit\u00eb atje n\u00eb burg dhe mbaje mend! Un\u00eb kurr\u00eb nuk ta p\u00ebrmend Lulin kur t\u00eb jet\u00eb atje, kurr\u00eb!\u201d<\/em>-deklaroi Rama<\/span><\/p>\n","protected":false,"gt_translate_keys":[{"key":"rendered","format":"html"}]},"excerpt":{"rendered":"<p>Gjat\u00eb debatit n\u00eb Komisionin Hetimor p\u00ebr Incenerator\u00ebt, Kryeministri Edi Rama paralajm\u00ebroi arrestimin e kreut t\u00eb PD-s\u00eb Lulzim Basha. Debati me deputeten Jorida Tabaku, filloi kur kryeministrit ju p\u00ebrmend burgosja e ish-ministrit Lefter Koka p\u00ebr shkak t\u00eb afer\u00ebs s\u00eb incenerator\u00ebve. Rama i tha t\u00eb mos p\u00ebrmendte Kok\u00ebn sepse nj\u00eb dit\u00eb mund t\u00eb ishte Basha pas hekurave [&hellip;]<\/p>\n","protected":false,"gt_translate_keys":[{"key":"rendered","format":"html"}]},"author":32,"featured_media":506733,"comment_status":"closed","ping_status":"closed","sticky":false,"template":"","format":"standard","meta":{"footnotes":""},"categories":[65,13],"tags":[],"class_list":["post-506793","post","type-post","status-publish","format-standard","has-post-thumbnail","hentry","category-lajme","category-te-fundit"],"gt_translate_keys":[{"key":"link","format":"url"}],"_links":{"self":[{"href":"https:\/\/www.hashtag.al\/index.php\/wp-json\/wp\/v2\/posts\/506793","targetHints":{"allow":["GET"]}}],"collection":[{"href":"https:\/\/www.hashtag.al\/index.php\/wp-json\/wp\/v2\/posts"}],"about":[{"href":"https:\/\/www.hashtag.al\/index.php\/wp-json\/wp\/v2\/types\/post"}],"author":[{"embeddable":true,"href":"https:\/\/www.hashtag.al\/index.php\/wp-json\/wp\/v2\/users\/32"}],"replies":[{"embeddable":true,"href":"https:\/\/www.hashtag.al\/index.php\/wp-json\/wp\/v2\/comments?post=506793"}],"version-history":[{"count":0,"href":"https:\/\/www.hashtag.al\/index.php\/wp-json\/wp\/v2\/posts\/506793\/revisions"}],"wp:featuredmedia":[{"embeddable":true,"href":"https:\/\/www.hashtag.al\/index.php\/wp-json\/wp\/v2\/media\/506733"}],"wp:attachment":[{"href":"https:\/\/www.hashtag.al\/index.php\/wp-json\/wp\/v2\/media?parent=506793"}],"wp:term":[{"taxonomy":"category","embeddable":true,"href":"https:\/\/www.hashtag.al\/index.php\/wp-json\/wp\/v2\/categories?post=506793"},{"taxonomy":"post_tag","embeddable":true,"href":"https:\/\/www.hashtag.al\/index.php\/wp-json\/wp\/v2\/tags?post=506793"}],"curies":[{"name":"wp","href":"https:\/\/api.w.org\/{rel}","templated":true}]}}