{"id":506568,"date":"2022-02-22T17:38:41","date_gmt":"2022-02-22T16:38:41","guid":{"rendered":"https:\/\/www.hashtag.al\/?p=506568"},"modified":"2022-02-22T17:38:41","modified_gmt":"2022-02-22T16:38:41","slug":"gezuar-presidentet-e-medhenj-te-shba-ve-jo-ti-supriza-e-hidhur-per-joe-bidenin-nga-gruaja-e-muzikantit-te-njohur-foto","status":"publish","type":"post","link":"https:\/\/www.hashtag.al\/index.php\/2022\/02\/22\/gezuar-presidentet-e-medhenj-te-shba-ve-jo-ti-supriza-e-hidhur-per-joe-bidenin-nga-gruaja-e-muzikantit-te-njohur-foto\/","title":{"rendered":"&#8220;G\u00ebzuar president\u00ebt e m\u00ebdhenj t\u00eb SHBA-ve, JO TI&#8221; &#8211; Supriza e hidhur p\u00ebr Joe Bidenin nga gruaja e muzikantit t\u00eb njohur (FOTO)","gt_translate_keys":[{"key":"rendered","format":"text"}]},"content":{"rendered":"<p><span style=\"color: #000000;\"><a href=\"https:\/\/www.hashtag.al\/wp-content\/uploads\/2022\/02\/Aldeann-1.jpg\"><img loading=\"lazy\" decoding=\"async\" class=\"aligncenter size-full wp-image-506569\" src=\"https:\/\/www.hashtag.al\/wp-content\/uploads\/2022\/02\/Aldeann-1.jpg\" alt=\"\" width=\"640\" height=\"480\" srcset=\"https:\/\/www.hashtag.al\/wp-content\/uploads\/2022\/02\/Aldeann-1.jpg 640w, https:\/\/www.hashtag.al\/wp-content\/uploads\/2022\/02\/Aldeann-1-300x225.jpg 300w\" sizes=\"auto, (max-width: 640px) 100vw, 640px\" \/><\/a><\/span><\/p>\n<p><span style=\"color: #000000;\">T\u00eb h\u00ebn\u00ebn amerikan\u00ebt festuan dit\u00ebn e Presidentit t\u00eb tyre. Dit\u00eb q\u00eb Brittany Aldean, bashk\u00ebshortja e yllit t\u00eb muzik\u00ebs country Jason Aldean, e p\u00ebrdori p\u00ebr t&#8217;i b\u00ebr\u00eb nj\u00eb surpriz\u00eb t\u00eb hidhur Presidentit Joe Biden.<\/span><\/p>\n<p><span style=\"color: #000000;\">N\u00eb nj\u00eb meme t\u00eb postuar n\u00eb \u201cInstagram\u201d, Brittany Aldean shkruan: <em>&#8220;G\u00ebzuar Dit\u00ebn e Presidentit p\u00ebr president\u00ebt kaq t\u00eb m\u00ebdhenj t\u00eb SHBA-ve&#8221;.<\/em> N\u00eb k\u00ebt\u00eb meme tregohen portretet e ish-president\u00ebve Ronald Reagan, Richard Nixon, Dwight D. Eisenhower dhe Abraham Lincoln.<\/span><span style=\"color: #000000;\"> Mes tyre edhe ish-presidenti <\/span><span style=\"color: #000000;\">Donald Trump.<\/span><\/p>\n<p><span style=\"color: #000000;\">N\u00eb meme nuk mungonte fotoja e Presidentit aktual Joe Biden, mir\u00ebpo ai shfaqet i veshur me nj\u00eb mask\u00eb dhe mbi t\u00eb ishin shkruar fjal\u00ebt <strong><em>&#8220;JO TI&#8221;.<\/em><\/strong><\/span><\/p>\n<p><span style=\"color: #000000;\">Kjo nuk \u00ebsht\u00eb hera e par\u00eb q\u00eb Brittany Aldean e kund\u00ebrshton publikisht Presidentin Biden.<\/span><\/p>\n<p><span style=\"color: #000000;\">Vitin e kaluar, ajo postoi nj\u00eb foto t\u00eb f\u00ebmij\u00ebve t\u00eb saj t\u00eb veshur me k\u00ebmisha anti-Biden ku shkruhej: <em>&#8220;Fshihu Biden&#8221;. <\/em>Ajo postoi gjithashtu foto t\u00eb saj pran\u00eb bashk\u00ebshortit, e veshur me nj\u00eb k\u00ebmish\u00eb ku shkruhej &#8220;<em>Klubi Social Anti-Biden&#8221;.<\/em><\/span><\/p>\n<p><a href=\"https:\/\/www.hashtag.al\/wp-content\/uploads\/2022\/02\/memeja.jpg\"><img loading=\"lazy\" decoding=\"async\" class=\"aligncenter size-full wp-image-506571\" src=\"https:\/\/www.hashtag.al\/wp-content\/uploads\/2022\/02\/memeja.jpg\" alt=\"\" width=\"828\" height=\"1682\" srcset=\"https:\/\/www.hashtag.al\/wp-content\/uploads\/2022\/02\/memeja.jpg 828w, https:\/\/www.hashtag.al\/wp-content\/uploads\/2022\/02\/memeja-148x300.jpg 148w, https:\/\/www.hashtag.al\/wp-content\/uploads\/2022\/02\/memeja-504x1024.jpg 504w, https:\/\/www.hashtag.al\/wp-content\/uploads\/2022\/02\/memeja-768x1560.jpg 768w, https:\/\/www.hashtag.al\/wp-content\/uploads\/2022\/02\/memeja-756x1536.jpg 756w\" sizes=\"auto, (max-width: 828px) 100vw, 828px\" \/><\/a><\/p>\n","protected":false,"gt_translate_keys":[{"key":"rendered","format":"html"}]},"excerpt":{"rendered":"<p>T\u00eb h\u00ebn\u00ebn amerikan\u00ebt festuan dit\u00ebn e Presidentit t\u00eb tyre. Dit\u00eb q\u00eb Brittany Aldean, bashk\u00ebshortja e yllit t\u00eb muzik\u00ebs country Jason Aldean, e p\u00ebrdori p\u00ebr t&#8217;i b\u00ebr\u00eb nj\u00eb surpriz\u00eb t\u00eb hidhur Presidentit Joe Biden. N\u00eb nj\u00eb meme t\u00eb postuar n\u00eb \u201cInstagram\u201d, Brittany Aldean shkruan: &#8220;G\u00ebzuar Dit\u00ebn e Presidentit p\u00ebr president\u00ebt kaq t\u00eb m\u00ebdhenj t\u00eb SHBA-ve&#8221;. N\u00eb [&hellip;]<\/p>\n","protected":false,"gt_translate_keys":[{"key":"rendered","format":"html"}]},"author":30,"featured_media":506570,"comment_status":"closed","ping_status":"closed","sticky":false,"template":"","format":"standard","meta":{"footnotes":""},"categories":[53,6,13],"tags":[],"class_list":["post-506568","post","type-post","status-publish","format-standard","has-post-thumbnail","hentry","category-fast-foodi","category-nderkombetare","category-te-fundit"],"gt_translate_keys":[{"key":"link","format":"url"}],"_links":{"self":[{"href":"https:\/\/www.hashtag.al\/index.php\/wp-json\/wp\/v2\/posts\/506568","targetHints":{"allow":["GET"]}}],"collection":[{"href":"https:\/\/www.hashtag.al\/index.php\/wp-json\/wp\/v2\/posts"}],"about":[{"href":"https:\/\/www.hashtag.al\/index.php\/wp-json\/wp\/v2\/types\/post"}],"author":[{"embeddable":true,"href":"https:\/\/www.hashtag.al\/index.php\/wp-json\/wp\/v2\/users\/30"}],"replies":[{"embeddable":true,"href":"https:\/\/www.hashtag.al\/index.php\/wp-json\/wp\/v2\/comments?post=506568"}],"version-history":[{"count":0,"href":"https:\/\/www.hashtag.al\/index.php\/wp-json\/wp\/v2\/posts\/506568\/revisions"}],"wp:featuredmedia":[{"embeddable":true,"href":"https:\/\/www.hashtag.al\/index.php\/wp-json\/wp\/v2\/media\/506570"}],"wp:attachment":[{"href":"https:\/\/www.hashtag.al\/index.php\/wp-json\/wp\/v2\/media?parent=506568"}],"wp:term":[{"taxonomy":"category","embeddable":true,"href":"https:\/\/www.hashtag.al\/index.php\/wp-json\/wp\/v2\/categories?post=506568"},{"taxonomy":"post_tag","embeddable":true,"href":"https:\/\/www.hashtag.al\/index.php\/wp-json\/wp\/v2\/tags?post=506568"}],"curies":[{"name":"wp","href":"https:\/\/api.w.org\/{rel}","templated":true}]}}