{"id":506264,"date":"2022-02-21T14:27:21","date_gmt":"2022-02-21T13:27:21","guid":{"rendered":"https:\/\/www.hashtag.al\/?p=506264"},"modified":"2022-02-21T14:28:35","modified_gmt":"2022-02-21T13:28:35","slug":"arroganca-dhe-injoranca-kane-arritur-kulmin-emirjana-sako-largohet-nga-salla-e-komisionit-hetimor-tabaku-e-kercenon-me-padi","status":"publish","type":"post","link":"https:\/\/www.hashtag.al\/index.php\/2022\/02\/21\/arroganca-dhe-injoranca-kane-arritur-kulmin-emirjana-sako-largohet-nga-salla-e-komisionit-hetimor-tabaku-e-kercenon-me-padi\/","title":{"rendered":"\u201cArroganca dhe injoranca kan\u00eb arritur kulmin\u201d &#8211; Emirjana Sako largohet nga salla e Komisionit Hetimor, Tabaku e k\u00ebrc\u00ebnon me padi","gt_translate_keys":[{"key":"rendered","format":"text"}]},"content":{"rendered":"<p><span style=\"color: #000000;\"><a href=\"https:\/\/www.hashtag.al\/wp-content\/uploads\/2022\/02\/Sako-Tabaku.jpg\"><img loading=\"lazy\" decoding=\"async\" class=\"aligncenter size-full wp-image-506265\" src=\"https:\/\/www.hashtag.al\/wp-content\/uploads\/2022\/02\/Sako-Tabaku.jpg\" alt=\"\" width=\"2000\" height=\"1000\" srcset=\"https:\/\/www.hashtag.al\/wp-content\/uploads\/2022\/02\/Sako-Tabaku.jpg 2000w, https:\/\/www.hashtag.al\/wp-content\/uploads\/2022\/02\/Sako-Tabaku-300x150.jpg 300w, https:\/\/www.hashtag.al\/wp-content\/uploads\/2022\/02\/Sako-Tabaku-1024x512.jpg 1024w, https:\/\/www.hashtag.al\/wp-content\/uploads\/2022\/02\/Sako-Tabaku-768x384.jpg 768w, https:\/\/www.hashtag.al\/wp-content\/uploads\/2022\/02\/Sako-Tabaku-1536x768.jpg 1536w\" sizes=\"auto, (max-width: 2000px) 100vw, 2000px\" \/><\/a><\/span><\/p>\n<p><span style=\"color: #000000;\">\u00cbsht\u00eb shoq\u00ebruar me debate mbledhja e sotme n\u00eb Komisionin Hetimor t\u00eb Incenerator\u00ebve.<\/span><\/p>\n<p><span style=\"color: #000000;\">E thirrur si d\u00ebshmitare, kryetarja e Bashkis\u00eb s\u00eb Durr\u00ebsit pas disa minutash d\u00ebshmi ka braktisur mbledhjen duke mos u p\u00ebrgjigjur pyetjeve.<\/span><\/p>\n<p><span style=\"color: #000000;\"><em>\u201cArroganca dhe injoranca kan\u00eb arritur n\u00eb kushtet ekstreme. Un\u00eb nuk kam m\u00eb pun\u00eb n\u00eb k\u00ebt\u00eb Komision. Sepse ke dal\u00eb t\u00ebr\u00ebsisht dhe k\u00ebtu nuk ka asnj\u00eb komunikim etik. Z.Dako \u00ebsht\u00eb ish-kryetar bashkie, n\u00ebse do mund ta th\u00ebrritni t\u00eb d\u00ebshmoj\u00eb. Jeni komplet jasht\u00eb objektit t\u00eb komisionit hetimor.\u201d-<\/em> tha Sako.<\/span><\/p>\n<p><span style=\"color: #000000;\">Ajo m\u00eb pas iu drejtua an\u00ebtar\u00ebve t\u00eb Komisionit <em>\u201cJeni duke shpifur\u201d<\/em> dhe u largua.<\/span><\/p>\n<p><span style=\"color: #000000;\">Kryetarja e komisionit Jorida Tabaku reagoi e revoltuar, duke th\u00ebn\u00eb se do e padis\u00eb Sakon p\u00ebr k\u00ebt\u00eb, me argumentin se ajo refuzoi t\u00eb p\u00ebrgjigjej.<\/span><\/p>\n<p><span style=\"color: #000000;\"><em>\u00a0\u201cJu lutem t\u00eb p\u00ebrgatit nj\u00eb padi ndaj Emirjana Sakos. P\u00ebr refuzimin p\u00ebr t\u00eb d\u00ebshmuar. Se jam p\u00ebrpjekur maskimialisht t\u00eb ruaj qet\u00ebsin\u00eb. Nj\u00eb kall\u00ebzim i k\u00ebrkoi k\u00ebshilltar\u00ebve t\u00eb Komisionit.\u201d-<\/em> deklaroi Tabaku.<\/span><\/p>\n","protected":false,"gt_translate_keys":[{"key":"rendered","format":"html"}]},"excerpt":{"rendered":"<p>\u00cbsht\u00eb shoq\u00ebruar me debate mbledhja e sotme n\u00eb Komisionin Hetimor t\u00eb Incenerator\u00ebve. E thirrur si d\u00ebshmitare, kryetarja e Bashkis\u00eb s\u00eb Durr\u00ebsit pas disa minutash d\u00ebshmi ka braktisur mbledhjen duke mos u p\u00ebrgjigjur pyetjeve. \u201cArroganca dhe injoranca kan\u00eb arritur n\u00eb kushtet ekstreme. Un\u00eb nuk kam m\u00eb pun\u00eb n\u00eb k\u00ebt\u00eb Komision. Sepse ke dal\u00eb t\u00ebr\u00ebsisht dhe k\u00ebtu [&hellip;]<\/p>\n","protected":false,"gt_translate_keys":[{"key":"rendered","format":"html"}]},"author":30,"featured_media":506265,"comment_status":"closed","ping_status":"closed","sticky":false,"template":"","format":"standard","meta":{"footnotes":""},"categories":[22,65,13],"tags":[],"class_list":["post-506264","post","type-post","status-publish","format-standard","has-post-thumbnail","hentry","category-ballina","category-lajme","category-te-fundit"],"gt_translate_keys":[{"key":"link","format":"url"}],"_links":{"self":[{"href":"https:\/\/www.hashtag.al\/index.php\/wp-json\/wp\/v2\/posts\/506264","targetHints":{"allow":["GET"]}}],"collection":[{"href":"https:\/\/www.hashtag.al\/index.php\/wp-json\/wp\/v2\/posts"}],"about":[{"href":"https:\/\/www.hashtag.al\/index.php\/wp-json\/wp\/v2\/types\/post"}],"author":[{"embeddable":true,"href":"https:\/\/www.hashtag.al\/index.php\/wp-json\/wp\/v2\/users\/30"}],"replies":[{"embeddable":true,"href":"https:\/\/www.hashtag.al\/index.php\/wp-json\/wp\/v2\/comments?post=506264"}],"version-history":[{"count":0,"href":"https:\/\/www.hashtag.al\/index.php\/wp-json\/wp\/v2\/posts\/506264\/revisions"}],"wp:featuredmedia":[{"embeddable":true,"href":"https:\/\/www.hashtag.al\/index.php\/wp-json\/wp\/v2\/media\/506265"}],"wp:attachment":[{"href":"https:\/\/www.hashtag.al\/index.php\/wp-json\/wp\/v2\/media?parent=506264"}],"wp:term":[{"taxonomy":"category","embeddable":true,"href":"https:\/\/www.hashtag.al\/index.php\/wp-json\/wp\/v2\/categories?post=506264"},{"taxonomy":"post_tag","embeddable":true,"href":"https:\/\/www.hashtag.al\/index.php\/wp-json\/wp\/v2\/tags?post=506264"}],"curies":[{"name":"wp","href":"https:\/\/api.w.org\/{rel}","templated":true}]}}