{"id":506201,"date":"2022-02-21T11:06:16","date_gmt":"2022-02-21T10:06:16","guid":{"rendered":"https:\/\/www.hashtag.al\/?p=506201"},"modified":"2022-02-21T11:06:16","modified_gmt":"2022-02-21T10:06:16","slug":"shkoi-te-takohej-me-kreun-e-spak-ut-ps-kallezon-ne-spak-jorida-tabakun-nuk-ishe-mandatuar-per-kete-gje","status":"publish","type":"post","link":"https:\/\/www.hashtag.al\/index.php\/2022\/02\/21\/shkoi-te-takohej-me-kreun-e-spak-ut-ps-kallezon-ne-spak-jorida-tabakun-nuk-ishe-mandatuar-per-kete-gje\/","title":{"rendered":"Shkoi t\u00eb takohej me kreun e SPAK-ut, PS kall\u00ebzon n\u00eb SPAK Jorida Tabakun: Nuk ishe mandatuar p\u00ebr k\u00ebt\u00eb gj\u00eb","gt_translate_keys":[{"key":"rendered","format":"text"}]},"content":{"rendered":"<p><span style=\"color: #000000;\"><img loading=\"lazy\" decoding=\"async\" class=\"aligncenter size-full wp-image-506202\" src=\"https:\/\/www.hashtag.al\/wp-content\/uploads\/2022\/02\/felajtabaku.jpg\" alt=\"\" width=\"1139\" height=\"747\" srcset=\"https:\/\/www.hashtag.al\/wp-content\/uploads\/2022\/02\/felajtabaku.jpg 1139w, https:\/\/www.hashtag.al\/wp-content\/uploads\/2022\/02\/felajtabaku-300x197.jpg 300w, https:\/\/www.hashtag.al\/wp-content\/uploads\/2022\/02\/felajtabaku-1024x672.jpg 1024w, https:\/\/www.hashtag.al\/wp-content\/uploads\/2022\/02\/felajtabaku-768x504.jpg 768w\" sizes=\"auto, (max-width: 1139px) 100vw, 1139px\" \/><\/span><\/p>\n<p><span style=\"color: #000000;\">An\u00ebtar\u00ebt e Partis\u00eb Socialiste n\u00eb komisionin parlamentar p\u00ebr incenerator\u00ebt kan\u00eb kall\u00ebzuar penalisht n\u00eb SPAK kryetaren e komisionit, Jorida Tabakun.<\/span><\/p>\n<p><span style=\"color: #000000;\">Sipas anetar\u00ebs s\u00eb PS-s\u00eb n\u00eb k\u00ebt\u00eb komision, Ermonela Felaj, Tabaku ka zhvilluar takim me kreun e SPAK-ut Arben Kraja pa qen\u00eb e mnadatuar p\u00ebr k\u00ebt\u00eb gj\u00eb nga komisioni.<\/span><\/p>\n<p><span style=\"color: #000000;\">Tabaku tha gjat\u00eb mbledhjes s\u00eb komisionit se po vendoset nj\u00eb presion pozitiv ndaj SPAK-ut p\u00ebr t\u00eb vepruar sa m\u00eb shpejt.<\/span><\/p>\n<p><span style=\"color: #000000;\"><em>\u201cTransparenca po vendos nj\u00eb presion pozitiv mbi SPAK p\u00ebr t\u00eb vepruar sa m\u00eb shpejt, sepse provat dhe faktet p\u00ebr abuzimet jan\u00eb t\u00eb qarta. Besoj se deri n\u00eb fund t\u00eb k\u00ebtij procesi, t\u00eb pakt\u00ebn n\u00eb em\u00ebr t\u00eb PD, do e b\u00ebjm\u00eb k\u00ebt\u00eb detyr\u00eb me integritet.\u201d<\/em> &#8211; tha Tabaku.<\/span><\/p>\n<p><span style=\"color: #000000;\">Nd\u00ebrsa socialistja Felaj tha se veprimi i Tabakut \u00ebsht\u00eb n\u00eb kund\u00ebrshtim t\u00eb plot\u00eb me ligjin dhe p\u00ebr k\u00ebt\u00eb arsye ajo \u00ebsht\u00eb kall\u00ebuar n\u00eb SPAK.<\/span><\/p>\n<p><span style=\"color: #000000;\"><em>\u201cJu keni shkuar pran\u00eb SPAK si kryetare e k\u00ebtij komisioni, pa qen\u00eb e mandatuar nga ky komision. Ndaj, veprimi juaj \u00ebsht\u00eb n\u00eb kund\u00ebrshtim t\u00eb hapur me ligjin, q\u00eb ju detyrojn\u00eb juve t\u00eb mos nd\u00ebrmerrni asnj\u00eb tag\u00ebr q\u00eb nuk ua jep ky komision. P\u00ebr k\u00ebt\u00eb arsye, ne an\u00ebtar\u00ebt e mazhoranc\u00ebs n\u00eb k\u00ebt\u00eb komision kemi vendosur t\u00eb drejtojm\u00eb nj\u00eb kall\u00ebzim penal n\u00eb SPAK p\u00ebr Jorida Tabakun, p\u00ebr dy vepra penale, p\u00ebr ushtrimin e ndikimin e paligjsh\u00ebm ndaj personave q\u00eb ushtrojn\u00eb veprime publike, dhe shp\u00ebrdorim detyre. Ky veprim \u00ebsht\u00eb kryer me dashje dhe me q\u00ebllimin p\u00ebr t\u00eb fituar kredo politike nga Tabaku. Sipas deklarimeve publike t\u00eb s\u00eb kall\u00ebzuar\u00ebs, rezulton ta ket\u00eb nxitur SPAK-un t\u00eb veproj\u00eb sipas partis\u00eb q\u00eb ajo disponon.\u201d<\/em> &#8211; tha Felaj.<\/span><\/p>\n","protected":false,"gt_translate_keys":[{"key":"rendered","format":"html"}]},"excerpt":{"rendered":"<p>An\u00ebtar\u00ebt e Partis\u00eb Socialiste n\u00eb komisionin parlamentar p\u00ebr incenerator\u00ebt kan\u00eb kall\u00ebzuar penalisht n\u00eb SPAK kryetaren e komisionit, Jorida Tabakun. Sipas anetar\u00ebs s\u00eb PS-s\u00eb n\u00eb k\u00ebt\u00eb komision, Ermonela Felaj, Tabaku ka zhvilluar takim me kreun e SPAK-ut Arben Kraja pa qen\u00eb e mnadatuar p\u00ebr k\u00ebt\u00eb gj\u00eb nga komisioni. Tabaku tha gjat\u00eb mbledhjes s\u00eb komisionit se po [&hellip;]<\/p>\n","protected":false,"gt_translate_keys":[{"key":"rendered","format":"html"}]},"author":51,"featured_media":506202,"comment_status":"closed","ping_status":"closed","sticky":false,"template":"","format":"standard","meta":{"footnotes":""},"categories":[65,13],"tags":[],"class_list":["post-506201","post","type-post","status-publish","format-standard","has-post-thumbnail","hentry","category-lajme","category-te-fundit"],"gt_translate_keys":[{"key":"link","format":"url"}],"_links":{"self":[{"href":"https:\/\/www.hashtag.al\/index.php\/wp-json\/wp\/v2\/posts\/506201","targetHints":{"allow":["GET"]}}],"collection":[{"href":"https:\/\/www.hashtag.al\/index.php\/wp-json\/wp\/v2\/posts"}],"about":[{"href":"https:\/\/www.hashtag.al\/index.php\/wp-json\/wp\/v2\/types\/post"}],"author":[{"embeddable":true,"href":"https:\/\/www.hashtag.al\/index.php\/wp-json\/wp\/v2\/users\/51"}],"replies":[{"embeddable":true,"href":"https:\/\/www.hashtag.al\/index.php\/wp-json\/wp\/v2\/comments?post=506201"}],"version-history":[{"count":0,"href":"https:\/\/www.hashtag.al\/index.php\/wp-json\/wp\/v2\/posts\/506201\/revisions"}],"wp:featuredmedia":[{"embeddable":true,"href":"https:\/\/www.hashtag.al\/index.php\/wp-json\/wp\/v2\/media\/506202"}],"wp:attachment":[{"href":"https:\/\/www.hashtag.al\/index.php\/wp-json\/wp\/v2\/media?parent=506201"}],"wp:term":[{"taxonomy":"category","embeddable":true,"href":"https:\/\/www.hashtag.al\/index.php\/wp-json\/wp\/v2\/categories?post=506201"},{"taxonomy":"post_tag","embeddable":true,"href":"https:\/\/www.hashtag.al\/index.php\/wp-json\/wp\/v2\/tags?post=506201"}],"curies":[{"name":"wp","href":"https:\/\/api.w.org\/{rel}","templated":true}]}}