{"id":506042,"date":"2022-02-20T18:22:39","date_gmt":"2022-02-20T17:22:39","guid":{"rendered":"https:\/\/www.hashtag.al\/?p=506042"},"modified":"2022-02-20T18:22:39","modified_gmt":"2022-02-20T17:22:39","slug":"putin-afrohet-me-bolsonaron-e-pret-ndryshe-nga-sa-beri-me-orban-macron-e-scholz-video","status":"publish","type":"post","link":"https:\/\/www.hashtag.al\/index.php\/2022\/02\/20\/putin-afrohet-me-bolsonaron-e-pret-ndryshe-nga-sa-beri-me-orban-macron-e-scholz-video\/","title":{"rendered":"Putin \u2018afrohet\u2019 me Bolsonaron, e pret ndryshe nga sa b\u00ebri me Orban, Macron e Scholz (Video)","gt_translate_keys":[{"key":"rendered","format":"text"}]},"content":{"rendered":"<p><span style=\"color: #000000;\"><img loading=\"lazy\" decoding=\"async\" class=\"aligncenter size-full wp-image-506043\" src=\"https:\/\/www.hashtag.al\/wp-content\/uploads\/2022\/02\/putinbolso.jpg\" alt=\"\" width=\"966\" height=\"582\" srcset=\"https:\/\/www.hashtag.al\/wp-content\/uploads\/2022\/02\/putinbolso.jpg 966w, https:\/\/www.hashtag.al\/wp-content\/uploads\/2022\/02\/putinbolso-300x181.jpg 300w, https:\/\/www.hashtag.al\/wp-content\/uploads\/2022\/02\/putinbolso-768x463.jpg 768w\" sizes=\"auto, (max-width: 966px) 100vw, 966px\" \/><\/span><\/p>\n<p><span style=\"color: #000000;\">Jair Bolsonaro \u00ebsht\u00eb personaliteti m\u00eb i fundit i huaj q\u00eb vizitoi Mosk\u00ebn k\u00ebt\u00eb shkurt. Nj\u00eb ndryshim i duksh\u00ebm n\u00eb trajtimin q\u00eb presidenti brazilian mori nga nikoqiri i tij, presidenti rus Vladimir Putin, ishte se ata u ul\u00ebn shum\u00eb pran\u00eb nj\u00ebri-tjetrit, ndryshe nga sa kishte ndodhur me lider\u00ebt e Hungaris\u00eb, Franc\u00ebs e Gjermanis\u00eb, m\u00eb her\u00ebt.<\/span><\/p>\n<p><span style=\"color: #000000;\">Presidenti rus mir\u00ebpriti mysafirin e tij nga Amerika Latine t\u00eb m\u00ebrkur\u00ebn me nj\u00eb shtr\u00ebngim duarsh dhe u ul p\u00ebrball\u00eb nj\u00eb tavoline t\u00eb vog\u00ebl. Protokolli nuk \u00ebsht\u00eb i ndrysh\u00ebm nga m\u00ebnyra se si priten zakonisht krer\u00ebt e shteteve n\u00eb Rusi, por ai ishte n\u00eb kontrast t\u00eb fort\u00eb me m\u00ebnyr\u00ebn se si u trajtuan disa t\u00eb tjer\u00eb n\u00eb fillim t\u00eb k\u00ebtij muaji.<\/span><\/p>\n<div style=\"width: 1170px;\" class=\"wp-video\"><video class=\"wp-video-shortcode\" id=\"video-506042-1\" width=\"1170\" height=\"658\" preload=\"metadata\" controls=\"controls\"><source type=\"video\/mp4\" src=\"https:\/\/www.hashtag.al\/wp-content\/uploads\/2022\/02\/files_2022.02_620cf9c020302740a67fee24.mp4?_=1\" \/><a href=\"https:\/\/www.hashtag.al\/wp-content\/uploads\/2022\/02\/files_2022.02_620cf9c020302740a67fee24.mp4\">https:\/\/www.hashtag.al\/wp-content\/uploads\/2022\/02\/files_2022.02_620cf9c020302740a67fee24.mp4<\/a><\/video><\/div>\n<p>&nbsp;<\/p>\n<p><span style=\"color: #000000;\">Tryeza shum\u00eb e gjat\u00eb e Putinit p\u00ebr takimet me Orban, Macron e Scholz la nj\u00eb p\u00ebrshtypje t\u00eb thell\u00eb n\u00eb mediat nd\u00ebrkomb\u00ebtare dhe vet\u00eb personat n\u00eb fjal\u00eb. Kryeministri hungarez thuhet se i tha mikprit\u00ebsit t\u00eb tij se nuk ishte ulur kurr\u00eb m\u00eb par\u00eb n\u00eb nj\u00eb tryez\u00eb kaq t\u00eb gjat\u00eb.<\/span><\/p>\n<div style=\"width: 1170px;\" class=\"wp-video\"><video class=\"wp-video-shortcode\" id=\"video-506042-2\" width=\"1170\" height=\"658\" preload=\"metadata\" controls=\"controls\"><source type=\"video\/mp4\" src=\"https:\/\/www.hashtag.al\/wp-content\/uploads\/2022\/02\/files_2022.02_620cfc2e85f5405f56759801.mp4?_=2\" \/><a href=\"https:\/\/www.hashtag.al\/wp-content\/uploads\/2022\/02\/files_2022.02_620cfc2e85f5405f56759801.mp4\">https:\/\/www.hashtag.al\/wp-content\/uploads\/2022\/02\/files_2022.02_620cfc2e85f5405f56759801.mp4<\/a><\/video><\/div>\n<p>&nbsp;<\/p>\n<p><span style=\"color: #000000;\">E nj\u00ebjta pamje u pa edhe n\u00eb takimet e Putin me Macron e Scholz. Transmetimi zyrtar i videos nga dhoma u p\u00ebrqendrua a shum\u00eb n\u00eb pamjet nga af\u00ebr t\u00eb dy lider\u00ebve, dhe jo n\u00eb faktin se ata ishin vet\u00ebm n\u00eb nj\u00eb tavolin\u00eb ku mund t\u00eb uleshin leht\u00ebsisht nj\u00eb duzin\u00eb.<\/span><\/p>\n<div style=\"width: 1170px;\" class=\"wp-video\"><video class=\"wp-video-shortcode\" id=\"video-506042-3\" width=\"1170\" height=\"658\" preload=\"metadata\" controls=\"controls\"><source type=\"video\/mp4\" src=\"https:\/\/www.hashtag.al\/wp-content\/uploads\/2022\/02\/files_2022.02_620cfbaf2030277b584b9207.mp4?_=3\" \/><a href=\"https:\/\/www.hashtag.al\/wp-content\/uploads\/2022\/02\/files_2022.02_620cfbaf2030277b584b9207.mp4\">https:\/\/www.hashtag.al\/wp-content\/uploads\/2022\/02\/files_2022.02_620cfbaf2030277b584b9207.mp4<\/a><\/video><\/div>\n<p>&nbsp;<\/p>\n<p><span style=\"color: #000000;\">Megjithat\u00eb, stafi i liderit francez nuk mund t\u00eb mos e paraqiste takimin si nj\u00eb lloj dueli t\u00eb zhvilluar n\u00eb tavolin\u00eb. Nd\u00ebrsa v\u00ebmendja globale u t\u00ebrhoq mbi takimin, i cili ndodhi n\u00eb mes t\u00eb nj\u00eb p\u00ebrplasjeje midis Rusis\u00eb dhe vendeve per\u00ebndimore mbi zgjerimin e NATO-s dhe Ukrain\u00ebs, imazhet u p\u00ebrhap\u00ebn si zjarr i furish\u00ebm.<\/span><\/p>\n<div style=\"width: 1170px;\" class=\"wp-video\"><video class=\"wp-video-shortcode\" id=\"video-506042-4\" width=\"1170\" height=\"658\" preload=\"metadata\" controls=\"controls\"><source type=\"video\/mp4\" src=\"https:\/\/www.hashtag.al\/wp-content\/uploads\/2022\/02\/files_2022.02_620cfea7203027414663377a.mp4?_=4\" \/><a href=\"https:\/\/www.hashtag.al\/wp-content\/uploads\/2022\/02\/files_2022.02_620cfea7203027414663377a.mp4\">https:\/\/www.hashtag.al\/wp-content\/uploads\/2022\/02\/files_2022.02_620cfea7203027414663377a.mp4<\/a><\/video><\/div>\n<p>&nbsp;<\/p>\n<p><span style=\"color: #000000;\">Kishte shum\u00eb spekulime n\u00ebse kishte di\u00e7ka m\u00eb shum\u00eb se nj\u00eb mas\u00eb paraprake e thjesht\u00eb mbi Covid-19 Macron, sipas mediave franceze, refuzoi t\u00eb dor\u00ebzonte l\u00ebngjet e tij trupore n\u00eb Rusi p\u00ebr t&#8217;u konfirmuar q\u00eb nuk ishte me Covid-19. Ai thuhet se nuk donte q\u00eb ADN-ja e tij t\u00eb binte n\u00eb duart e rus\u00ebve, sipas Figaro dhe Reuters.<\/span><\/p>\n<p>&nbsp;<\/p>\n","protected":false,"gt_translate_keys":[{"key":"rendered","format":"html"}]},"excerpt":{"rendered":"<p>Jair Bolsonaro \u00ebsht\u00eb personaliteti m\u00eb i fundit i huaj q\u00eb vizitoi Mosk\u00ebn k\u00ebt\u00eb shkurt. Nj\u00eb ndryshim i duksh\u00ebm n\u00eb trajtimin q\u00eb presidenti brazilian mori nga nikoqiri i tij, presidenti rus Vladimir Putin, ishte se ata u ul\u00ebn shum\u00eb pran\u00eb nj\u00ebri-tjetrit, ndryshe nga sa kishte ndodhur me lider\u00ebt e Hungaris\u00eb, Franc\u00ebs e Gjermanis\u00eb, m\u00eb her\u00ebt. Presidenti [&hellip;]<\/p>\n","protected":false,"gt_translate_keys":[{"key":"rendered","format":"html"}]},"author":51,"featured_media":506043,"comment_status":"closed","ping_status":"closed","sticky":false,"template":"","format":"standard","meta":{"footnotes":""},"categories":[53],"tags":[],"class_list":["post-506042","post","type-post","status-publish","format-standard","has-post-thumbnail","hentry","category-fast-foodi"],"gt_translate_keys":[{"key":"link","format":"url"}],"_links":{"self":[{"href":"https:\/\/www.hashtag.al\/index.php\/wp-json\/wp\/v2\/posts\/506042","targetHints":{"allow":["GET"]}}],"collection":[{"href":"https:\/\/www.hashtag.al\/index.php\/wp-json\/wp\/v2\/posts"}],"about":[{"href":"https:\/\/www.hashtag.al\/index.php\/wp-json\/wp\/v2\/types\/post"}],"author":[{"embeddable":true,"href":"https:\/\/www.hashtag.al\/index.php\/wp-json\/wp\/v2\/users\/51"}],"replies":[{"embeddable":true,"href":"https:\/\/www.hashtag.al\/index.php\/wp-json\/wp\/v2\/comments?post=506042"}],"version-history":[{"count":0,"href":"https:\/\/www.hashtag.al\/index.php\/wp-json\/wp\/v2\/posts\/506042\/revisions"}],"wp:featuredmedia":[{"embeddable":true,"href":"https:\/\/www.hashtag.al\/index.php\/wp-json\/wp\/v2\/media\/506043"}],"wp:attachment":[{"href":"https:\/\/www.hashtag.al\/index.php\/wp-json\/wp\/v2\/media?parent=506042"}],"wp:term":[{"taxonomy":"category","embeddable":true,"href":"https:\/\/www.hashtag.al\/index.php\/wp-json\/wp\/v2\/categories?post=506042"},{"taxonomy":"post_tag","embeddable":true,"href":"https:\/\/www.hashtag.al\/index.php\/wp-json\/wp\/v2\/tags?post=506042"}],"curies":[{"name":"wp","href":"https:\/\/api.w.org\/{rel}","templated":true}]}}