{"id":505969,"date":"2022-02-20T11:31:47","date_gmt":"2022-02-20T10:31:47","guid":{"rendered":"https:\/\/www.hashtag.al\/?p=505969"},"modified":"2022-02-20T11:31:47","modified_gmt":"2022-02-20T10:31:47","slug":"basha-firmos-peticionin-per-dekomunistizimin-ne-31-vjetorin-e-rrezimit-te-bustit-te-enver-hoxhes","status":"publish","type":"post","link":"https:\/\/www.hashtag.al\/index.php\/2022\/02\/20\/basha-firmos-peticionin-per-dekomunistizimin-ne-31-vjetorin-e-rrezimit-te-bustit-te-enver-hoxhes\/","title":{"rendered":"Basha firmos peticionin p\u00ebr dekomunistizimin n\u00eb 31-vjetorin e rr\u00ebzimit t\u00eb bustit t\u00eb Enver Hoxh\u00ebs","gt_translate_keys":[{"key":"rendered","format":"text"}]},"content":{"rendered":"<p style=\"text-align: justify;\"><span style=\"color: #000000;\"><img loading=\"lazy\" decoding=\"async\" class=\"aligncenter size-full wp-image-505970\" src=\"https:\/\/www.hashtag.al\/wp-content\/uploads\/2022\/02\/basha3323332.jpg\" alt=\"\" width=\"1157\" height=\"653\" srcset=\"https:\/\/www.hashtag.al\/wp-content\/uploads\/2022\/02\/basha3323332.jpg 1157w, https:\/\/www.hashtag.al\/wp-content\/uploads\/2022\/02\/basha3323332-300x169.jpg 300w, https:\/\/www.hashtag.al\/wp-content\/uploads\/2022\/02\/basha3323332-1024x578.jpg 1024w, https:\/\/www.hashtag.al\/wp-content\/uploads\/2022\/02\/basha3323332-768x433.jpg 768w\" sizes=\"auto, (max-width: 1157px) 100vw, 1157px\" \/><\/span><\/p>\n<p style=\"text-align: justify;\"><span style=\"color: #000000;\">N\u00eb 31 vjetorin e rr\u00ebzimit t\u00eb bustit t\u00eb diktatorit Enver Hoxha, Partia Demokratike, ka ngritur stend\u00ebn p\u00ebr firmosjen e peticionit p\u00ebr dekomunistizimit.<\/span><\/p>\n<p style=\"text-align: justify;\"><span style=\"color: #000000;\">Peticionin ka shkuar ta firmos\u00eb edhe Kreu i PD-s\u00eb, Lulzim Basha dhe deputet\u00eb t\u00eb tjer\u00eb t\u00eb PD-s\u00eb.<\/span><\/p>\n<p style=\"text-align: justify;\"><span style=\"color: #000000;\">Basha kujtoi edhe historin\u00eb e rr\u00ebzimit t\u00eb bustit t\u00eb Enver Hoxh\u00ebs duke th\u00ebn\u00eb se ka qen\u00eb i pranish\u00ebm n\u00eb shesh n\u00eb rrethana t\u00eb \u00e7uditshme.<\/span><\/p>\n<p style=\"text-align: justify;\"><span style=\"color: #000000;\"><em>\u201cKjo \u00ebsht\u00eb dometh\u00ebnia e 20 shkurtit. Rr\u00ebzimi i diktatur\u00ebs. Besoj jemi t\u00eb gjith\u00eb bashk\u00eb p\u00ebr t\u00eb firmosur peticionin. \u00cbsht\u00eb nj\u00eb dit\u00eb e ve\u00e7ant\u00eb. \u00cbsht\u00eb dita kur u ngrit\u00ebn bashk\u00eb, student\u00eb, intelektual\u00eb p\u00ebr t\u00eb rr\u00ebzuar statuj\u00ebn e Enver Hoxh\u00ebs. Ajo q\u00eb kemi arritur m\u00eb 20 shkurt \u00ebsht\u00eb e pjesshme. P\u00ebrpara se t\u00eb n\u00ebnshkruaj peticionin, dua t\u00eb ndaj tre mesazhe me rastin q\u00eb na jepni si institucion. Dhe me ndihm\u00ebn e partner\u00ebve gjerman\u00eb, s\u00eb pari duke qen\u00eb se kjo dit\u00eb e ve\u00e7ant\u00eb i takon shqiptar\u00ebve. \u00cbsht\u00eb nj\u00eb dit\u00eb kremtimi e rr\u00ebzimit t\u00eb simbolit t\u00eb diktatur\u00ebs. S\u00eb dyti, p\u00ebrve\u00e7 p\u00ebrsh\u00ebndetjes p\u00ebr qytetar\u00ebt shqiptar\u00eb, nj\u00eb fal\u00ebnderim p\u00ebr protagonist\u00ebt, ata q\u00eb e frym\u00ebzuan k\u00ebt\u00eb akt, t\u00eb b\u00ebrin lajmin e par\u00eb me 20 shkurt 1991 kishin lajmin e rr\u00ebzimit t\u00eb diktatur\u00ebs dhe shtatoren e Enver Hoxh\u00ebs. U kryen krimet nga m\u00eb monstruoze ndaj shqiptar\u00ebve, mbi 6000 t\u00eb vrar\u00eb, mbi dhjetra t\u00eb tjer\u00eb t\u00eb internuar n\u00eb burgje. Regjim q\u00eb u fut brenda familjeve shqiptare, i shkuli me rr\u00ebnj\u00eb nga sht\u00ebpit\u00eb e tyre, i hodhi kund\u00ebr nj\u00ebri-tjetrit n\u00eb em\u00ebr t\u00eb kultit t\u00eb individit.<\/em><\/span><\/p>\n<p style=\"text-align: justify;\"><span style=\"color: #000000;\"><em>Kam qen\u00eb k\u00ebtu n\u00eb k\u00ebt\u00eb shesh,. Kam mb\u00ebrritur n\u00eb nj\u00eb rrethan\u00eb t\u00eb \u00e7uditshme. Dita nisi si nj\u00eb takim mes student\u00ebve n\u00eb Qyteti Studenti. Erdhi duke u b\u00ebr\u00eb m\u00eb e madhe me p\u00ebrfshirjen e qytetar\u00ebve t\u00eb Tiran\u00ebs. Pati nj\u00eb thirrje nga Rajmonda Bulku, q\u00eb vajzat t\u2019i k\u00ebrkonin Presidentit heqjen e emrit t\u00eb diktatorit nga Universiteti. Kam mb\u00ebrritur k\u00ebtu n\u00eb or\u00ebn 13:30. Familja ime ndodhej k\u00ebtu n\u00eb kat\u00ebr an\u00eb t\u00eb sheshit. Asnj\u00eb prej nesh nuk e dinte q\u00eb ishim k\u00ebtu. Im at\u00eb kishte ardhur nga puna. Si familje biologjike ishim t\u00eb shp\u00ebrndar\u00eb. Q\u00eb prej nisjes s\u00eb protest\u00ebs, deri tek festimi i k\u00ebtij momenti dhe \u00e7uarjes s\u00eb shtatores s\u00eb diktatorit, ne ishim b\u00ebr\u00eb t\u00eb gjith\u00eb nj\u00eb familje. Kulti i individit shkat\u00ebrron\u201d \u2013 <\/em>tha Basha.<\/span><\/p>\n","protected":false,"gt_translate_keys":[{"key":"rendered","format":"html"}]},"excerpt":{"rendered":"<p>N\u00eb 31 vjetorin e rr\u00ebzimit t\u00eb bustit t\u00eb diktatorit Enver Hoxha, Partia Demokratike, ka ngritur stend\u00ebn p\u00ebr firmosjen e peticionit p\u00ebr dekomunistizimit. Peticionin ka shkuar ta firmos\u00eb edhe Kreu i PD-s\u00eb, Lulzim Basha dhe deputet\u00eb t\u00eb tjer\u00eb t\u00eb PD-s\u00eb. Basha kujtoi edhe historin\u00eb e rr\u00ebzimit t\u00eb bustit t\u00eb Enver Hoxh\u00ebs duke th\u00ebn\u00eb se ka qen\u00eb [&hellip;]<\/p>\n","protected":false,"gt_translate_keys":[{"key":"rendered","format":"html"}]},"author":32,"featured_media":505970,"comment_status":"closed","ping_status":"closed","sticky":false,"template":"","format":"standard","meta":{"footnotes":""},"categories":[65,13],"tags":[],"class_list":["post-505969","post","type-post","status-publish","format-standard","has-post-thumbnail","hentry","category-lajme","category-te-fundit"],"gt_translate_keys":[{"key":"link","format":"url"}],"_links":{"self":[{"href":"https:\/\/www.hashtag.al\/index.php\/wp-json\/wp\/v2\/posts\/505969","targetHints":{"allow":["GET"]}}],"collection":[{"href":"https:\/\/www.hashtag.al\/index.php\/wp-json\/wp\/v2\/posts"}],"about":[{"href":"https:\/\/www.hashtag.al\/index.php\/wp-json\/wp\/v2\/types\/post"}],"author":[{"embeddable":true,"href":"https:\/\/www.hashtag.al\/index.php\/wp-json\/wp\/v2\/users\/32"}],"replies":[{"embeddable":true,"href":"https:\/\/www.hashtag.al\/index.php\/wp-json\/wp\/v2\/comments?post=505969"}],"version-history":[{"count":0,"href":"https:\/\/www.hashtag.al\/index.php\/wp-json\/wp\/v2\/posts\/505969\/revisions"}],"wp:featuredmedia":[{"embeddable":true,"href":"https:\/\/www.hashtag.al\/index.php\/wp-json\/wp\/v2\/media\/505970"}],"wp:attachment":[{"href":"https:\/\/www.hashtag.al\/index.php\/wp-json\/wp\/v2\/media?parent=505969"}],"wp:term":[{"taxonomy":"category","embeddable":true,"href":"https:\/\/www.hashtag.al\/index.php\/wp-json\/wp\/v2\/categories?post=505969"},{"taxonomy":"post_tag","embeddable":true,"href":"https:\/\/www.hashtag.al\/index.php\/wp-json\/wp\/v2\/tags?post=505969"}],"curies":[{"name":"wp","href":"https:\/\/api.w.org\/{rel}","templated":true}]}}