{"id":505644,"date":"2022-02-18T19:18:20","date_gmt":"2022-02-18T18:18:20","guid":{"rendered":"https:\/\/www.hashtag.al\/?p=505644"},"modified":"2022-02-18T19:18:20","modified_gmt":"2022-02-18T18:18:20","slug":"meta-nese-do-fitonte-opozita-ne-25-prill-do-deshiroja-nje-mandat-te-dyte-per-te-forcuar-rolin-e-presidentit","status":"publish","type":"post","link":"https:\/\/www.hashtag.al\/index.php\/2022\/02\/18\/meta-nese-do-fitonte-opozita-ne-25-prill-do-deshiroja-nje-mandat-te-dyte-per-te-forcuar-rolin-e-presidentit\/","title":{"rendered":"Meta: N\u00ebse do fitonte opozita n\u00eb 25 prill do d\u00ebshiroja nj\u00eb mandat t\u00eb dyt\u00eb p\u00ebr t\u00eb forcuar rolin e Presidentit","gt_translate_keys":[{"key":"rendered","format":"text"}]},"content":{"rendered":"<p style=\"text-align: justify;\"><span style=\"color: #000000;\"><img loading=\"lazy\" decoding=\"async\" class=\"aligncenter size-full wp-image-505645\" src=\"https:\/\/www.hashtag.al\/wp-content\/uploads\/2022\/02\/meta-report-tv.png\" alt=\"\" width=\"978\" height=\"499\" srcset=\"https:\/\/www.hashtag.al\/wp-content\/uploads\/2022\/02\/meta-report-tv.png 978w, https:\/\/www.hashtag.al\/wp-content\/uploads\/2022\/02\/meta-report-tv-300x153.png 300w, https:\/\/www.hashtag.al\/wp-content\/uploads\/2022\/02\/meta-report-tv-768x392.png 768w, https:\/\/www.hashtag.al\/wp-content\/uploads\/2022\/02\/meta-report-tv-568x290.png 568w\" sizes=\"auto, (max-width: 978px) 100vw, 978px\" \/><\/span><\/p>\n<p style=\"text-align: justify;\"><span style=\"color: #000000;\">Kreu i Shtetit, Ilir Meta n\u00eb nj\u00eb intervist\u00eb p\u00ebr emisionin \u201cKontrast\u201d deklaroi se do d\u00ebshironte nj\u00eb mandat t\u00eb dyt\u00eb si President vet\u00ebm n\u00ebse do kishte fituar opozita zgjedhjet e 25 prillit 2021.<\/span><\/p>\n<p style=\"text-align: justify;\"><span style=\"color: #000000;\">Meta tha se n\u00eb mandatin e tij t\u00eb dyt\u00eb do punonte p\u00ebr t\u00eb forcuar rolin e Presidentit si garant p\u00ebrball\u00eb bab\u00ebzis\u00eb s\u00eb pushtetit.<\/span><\/p>\n<p style=\"text-align: justify;\"><span style=\"color: #000000;\"><em>\u201cJam optimist q\u00eb do t\u00eb ket\u00eb nj\u00eb mandat t\u00eb dyt\u00eb por pas 25 viteve. N\u00ebse s\u00eb do t\u00eb kishte fituar opozita do t\u00eb kisha dashur nj\u00eb mandat t\u00eb dyt\u00eb pasi nuk do t\u00eb rikthehesha n\u00eb politik\u00eb dhe do t\u00eb kisha forcuar rolin e presidentit n\u00eb Kushtetut\u00eb p\u00ebr president\u00ebt e tjer\u00eb n\u00eb t\u00eb ardhmen jo p\u00ebr vet\u00eb, pasi presidenti \u00ebsht\u00eb garant i shtetit p\u00ebr bab\u00ebzin\u00eb e pushtetit q\u00eb cenon interesat komb\u00ebtare. P\u00ebr fat t\u00eb keq Kushtetuta e ka l\u00ebn\u00eb pa instrumentet e duhura Presidentin p\u00ebr t\u00eb mbrojtur shtetin dhe interesat e qytetar\u00ebve&#8221;, <\/em>tha Meta.<\/span><\/p>\n","protected":false,"gt_translate_keys":[{"key":"rendered","format":"html"}]},"excerpt":{"rendered":"<p>Kreu i Shtetit, Ilir Meta n\u00eb nj\u00eb intervist\u00eb p\u00ebr emisionin \u201cKontrast\u201d deklaroi se do d\u00ebshironte nj\u00eb mandat t\u00eb dyt\u00eb si President vet\u00ebm n\u00ebse do kishte fituar opozita zgjedhjet e 25 prillit 2021. Meta tha se n\u00eb mandatin e tij t\u00eb dyt\u00eb do punonte p\u00ebr t\u00eb forcuar rolin e Presidentit si garant p\u00ebrball\u00eb bab\u00ebzis\u00eb s\u00eb pushtetit. [&hellip;]<\/p>\n","protected":false,"gt_translate_keys":[{"key":"rendered","format":"html"}]},"author":32,"featured_media":505645,"comment_status":"closed","ping_status":"closed","sticky":false,"template":"","format":"standard","meta":{"footnotes":""},"categories":[65,13],"tags":[],"class_list":["post-505644","post","type-post","status-publish","format-standard","has-post-thumbnail","hentry","category-lajme","category-te-fundit"],"gt_translate_keys":[{"key":"link","format":"url"}],"_links":{"self":[{"href":"https:\/\/www.hashtag.al\/index.php\/wp-json\/wp\/v2\/posts\/505644","targetHints":{"allow":["GET"]}}],"collection":[{"href":"https:\/\/www.hashtag.al\/index.php\/wp-json\/wp\/v2\/posts"}],"about":[{"href":"https:\/\/www.hashtag.al\/index.php\/wp-json\/wp\/v2\/types\/post"}],"author":[{"embeddable":true,"href":"https:\/\/www.hashtag.al\/index.php\/wp-json\/wp\/v2\/users\/32"}],"replies":[{"embeddable":true,"href":"https:\/\/www.hashtag.al\/index.php\/wp-json\/wp\/v2\/comments?post=505644"}],"version-history":[{"count":0,"href":"https:\/\/www.hashtag.al\/index.php\/wp-json\/wp\/v2\/posts\/505644\/revisions"}],"wp:featuredmedia":[{"embeddable":true,"href":"https:\/\/www.hashtag.al\/index.php\/wp-json\/wp\/v2\/media\/505645"}],"wp:attachment":[{"href":"https:\/\/www.hashtag.al\/index.php\/wp-json\/wp\/v2\/media?parent=505644"}],"wp:term":[{"taxonomy":"category","embeddable":true,"href":"https:\/\/www.hashtag.al\/index.php\/wp-json\/wp\/v2\/categories?post=505644"},{"taxonomy":"post_tag","embeddable":true,"href":"https:\/\/www.hashtag.al\/index.php\/wp-json\/wp\/v2\/tags?post=505644"}],"curies":[{"name":"wp","href":"https:\/\/api.w.org\/{rel}","templated":true}]}}