{"id":505348,"date":"2022-02-17T17:18:36","date_gmt":"2022-02-17T16:18:36","guid":{"rendered":"https:\/\/www.hashtag.al\/?p=505348"},"modified":"2022-02-17T17:20:32","modified_gmt":"2022-02-17T16:20:32","slug":"kuvendi-voton-zgjidhen-6-anetaret-e-rinj-te-ama-s","status":"publish","type":"post","link":"https:\/\/www.hashtag.al\/index.php\/2022\/02\/17\/kuvendi-voton-zgjidhen-6-anetaret-e-rinj-te-ama-s\/","title":{"rendered":"Kuvendi voton, zgjidhen 6 an\u00ebtar\u00ebt e rinj t\u00eb AMA-s","gt_translate_keys":[{"key":"rendered","format":"text"}]},"content":{"rendered":"<p><span style=\"color: #000000;\"><a href=\"https:\/\/www.hashtag.al\/wp-content\/uploads\/2022\/02\/Nikolla-1.jpg\"><img loading=\"lazy\" decoding=\"async\" class=\"aligncenter size-full wp-image-505349\" src=\"https:\/\/www.hashtag.al\/wp-content\/uploads\/2022\/02\/Nikolla-1.jpg\" alt=\"\" width=\"1273\" height=\"714\" srcset=\"https:\/\/www.hashtag.al\/wp-content\/uploads\/2022\/02\/Nikolla-1.jpg 1273w, https:\/\/www.hashtag.al\/wp-content\/uploads\/2022\/02\/Nikolla-1-300x168.jpg 300w, https:\/\/www.hashtag.al\/wp-content\/uploads\/2022\/02\/Nikolla-1-1024x574.jpg 1024w, https:\/\/www.hashtag.al\/wp-content\/uploads\/2022\/02\/Nikolla-1-768x431.jpg 768w\" sizes=\"auto, (max-width: 1273px) 100vw, 1273px\" \/><\/a><\/span><\/p>\n<p><span style=\"color: #000000;\">Kuvendi ka zgjedhur 6 an\u00ebtar\u00ebt e rinj t\u00eb Autoritetit t\u00eb Medias Audiovizive (AMA). M\u00ebsohet se n\u00eb seanc\u00ebn e sotme plenare deputet\u00ebt kan\u00eb votuar m\u00eb t\u00eb shumt\u00eb n\u00eb num\u00ebr p\u00ebr Joana Allushin, e cila ka marr\u00eb 118 vota pro.\u00a0 Nd\u00ebrsa Gjergj Hamiti ka marr\u00eb 92 vota.<\/span><\/p>\n<p><strong><span style=\"color: #000000;\">An\u00ebtar\u00ebt e rinj:<\/span><\/strong><\/p>\n<p><span style=\"color: #000000;\">Gjergj Hamiti &#8211; 92 vota pro<\/span><\/p>\n<p><span style=\"color: #000000;\">Desata Metaj &#8211; 99 vota pro<\/span><\/p>\n<p><span style=\"color: #000000;\">Joana Allushi &#8211; 118 vota pro<\/span><\/p>\n<p><span style=\"color: #000000;\">Aurela Bicja &#8211; 99 vota pro<\/span><\/p>\n<p><span style=\"color: #000000;\">Jetmir Halilaj &#8211; 101 vota pro<\/span><\/p>\n<p><span style=\"color: #000000;\">Besian Zotaj &#8211; 101 vota pro<\/span><\/p>\n","protected":false,"gt_translate_keys":[{"key":"rendered","format":"html"}]},"excerpt":{"rendered":"<p>Kuvendi ka zgjedhur 6 an\u00ebtar\u00ebt e rinj t\u00eb Autoritetit t\u00eb Medias Audiovizive (AMA). M\u00ebsohet se n\u00eb seanc\u00ebn e sotme plenare deputet\u00ebt kan\u00eb votuar m\u00eb t\u00eb shumt\u00eb n\u00eb num\u00ebr p\u00ebr Joana Allushin, e cila ka marr\u00eb 118 vota pro.\u00a0 Nd\u00ebrsa Gjergj Hamiti ka marr\u00eb 92 vota. An\u00ebtar\u00ebt e rinj: Gjergj Hamiti &#8211; 92 vota pro Desata [&hellip;]<\/p>\n","protected":false,"gt_translate_keys":[{"key":"rendered","format":"html"}]},"author":30,"featured_media":505349,"comment_status":"closed","ping_status":"closed","sticky":false,"template":"","format":"standard","meta":{"footnotes":""},"categories":[65,13],"tags":[],"class_list":["post-505348","post","type-post","status-publish","format-standard","has-post-thumbnail","hentry","category-lajme","category-te-fundit"],"gt_translate_keys":[{"key":"link","format":"url"}],"_links":{"self":[{"href":"https:\/\/www.hashtag.al\/index.php\/wp-json\/wp\/v2\/posts\/505348","targetHints":{"allow":["GET"]}}],"collection":[{"href":"https:\/\/www.hashtag.al\/index.php\/wp-json\/wp\/v2\/posts"}],"about":[{"href":"https:\/\/www.hashtag.al\/index.php\/wp-json\/wp\/v2\/types\/post"}],"author":[{"embeddable":true,"href":"https:\/\/www.hashtag.al\/index.php\/wp-json\/wp\/v2\/users\/30"}],"replies":[{"embeddable":true,"href":"https:\/\/www.hashtag.al\/index.php\/wp-json\/wp\/v2\/comments?post=505348"}],"version-history":[{"count":0,"href":"https:\/\/www.hashtag.al\/index.php\/wp-json\/wp\/v2\/posts\/505348\/revisions"}],"wp:featuredmedia":[{"embeddable":true,"href":"https:\/\/www.hashtag.al\/index.php\/wp-json\/wp\/v2\/media\/505349"}],"wp:attachment":[{"href":"https:\/\/www.hashtag.al\/index.php\/wp-json\/wp\/v2\/media?parent=505348"}],"wp:term":[{"taxonomy":"category","embeddable":true,"href":"https:\/\/www.hashtag.al\/index.php\/wp-json\/wp\/v2\/categories?post=505348"},{"taxonomy":"post_tag","embeddable":true,"href":"https:\/\/www.hashtag.al\/index.php\/wp-json\/wp\/v2\/tags?post=505348"}],"curies":[{"name":"wp","href":"https:\/\/api.w.org\/{rel}","templated":true}]}}