{"id":505330,"date":"2022-02-17T16:14:27","date_gmt":"2022-02-17T15:14:27","guid":{"rendered":"https:\/\/www.hashtag.al\/?p=505330"},"modified":"2022-02-17T16:17:43","modified_gmt":"2022-02-17T15:17:43","slug":"berisha-paralajmeron-se-shpejti-dalin-pergjime-te-komunikimeve-te-fshehta-te-qeveritareve-me-bandat-do-dridhen-themelet-e-narkoshtetit","status":"publish","type":"post","link":"https:\/\/www.hashtag.al\/index.php\/2022\/02\/17\/berisha-paralajmeron-se-shpejti-dalin-pergjime-te-komunikimeve-te-fshehta-te-qeveritareve-me-bandat-do-dridhen-themelet-e-narkoshtetit\/","title":{"rendered":"Berisha paralajm\u00ebron: S\u00eb shpejti dalin p\u00ebrgjime t\u00eb komunikimeve t\u00eb fshehta t\u00eb qeveritar\u00ebve me bandat, do dridhen themelet e Narkoshtetit","gt_translate_keys":[{"key":"rendered","format":"text"}]},"content":{"rendered":"<p><span style=\"color: #000000;\"><a href=\"https:\/\/www.hashtag.al\/wp-content\/uploads\/2022\/02\/sali-berisha-2.jpg\"><img loading=\"lazy\" decoding=\"async\" class=\"aligncenter size-full wp-image-505331\" src=\"https:\/\/www.hashtag.al\/wp-content\/uploads\/2022\/02\/sali-berisha-2.jpg\" alt=\"\" width=\"761\" height=\"373\" srcset=\"https:\/\/www.hashtag.al\/wp-content\/uploads\/2022\/02\/sali-berisha-2.jpg 761w, https:\/\/www.hashtag.al\/wp-content\/uploads\/2022\/02\/sali-berisha-2-300x147.jpg 300w\" sizes=\"auto, (max-width: 761px) 100vw, 761px\" \/><\/a><\/span><\/p>\n<p><span style=\"color: #000000;\">Ish-kryeministri Sali Berisha ka b\u00ebr\u00eb nj\u00eb deklarat\u00eb t\u00eb fort\u00eb jasht\u00eb godin\u00ebs s\u00eb Parlamentit, lidhur me operacion policor t\u00eb kryer s\u00eb fundmi n\u00eb disa shtete evropiane ku u arrestuan shum\u00eb shqiptar\u00eb t\u00eb p\u00ebrfshir\u00eb n\u00eb trafikun e kokain\u00ebs.<\/span><\/p>\n<p><span style=\"color: #000000;\">Gjat\u00eb fjal\u00ebs s\u00eb tij, Berisha ka paralajm\u00ebruar se shum\u00eb shpejt do t\u00eb publikohen p\u00ebrgjime t\u00eb politikan\u00ebve shqiptar\u00eb duke komunikuar me bandat.<\/span><\/p>\n<p><span style=\"color: #000000;\">Kjo pasi sipas tij agjencit\u00eb e huaja t\u00eb zbatimit t\u00eb ligjit kan\u00eb zbuluar komunikime t\u00eb fshehta p\u00ebrmes aplikacioneve t\u00eb zyrtar\u00ebve shqiptar\u00eb me bandat kriminale.<\/span><\/p>\n<p><span style=\"color: #000000;\">Megjithat\u00eb Berisha nuk p\u00ebrmendi emra.<\/span><\/p>\n<p><em><span style=\"color: #000000;\">\u00a0\u201cKam nj\u00eb k\u00ebnaq\u00ebsi t\u00eb ve\u00e7ant\u00eb t\u00eb informoj shqiptar\u00ebt se hetimi i fundit i kryer nga disa shtete, Itali, Belgjik\u00eb, Gjermani, Franc\u00eb\u2026 mundet edhe shtete t\u00eb tjera por k\u00ebto jan\u00eb t\u00eb sigurta\u2026pas zbulimit t\u00eb nj\u00eb aplikacioni q\u00eb p\u00ebrdornin bandat shqiptare dhe qeveritar\u00ebt shqiptar\u00eb p\u00ebr komunikime t\u00eb fshehta, themelet e Narkoshtetit po dridhen si n\u00eb nj\u00eb t\u00ebrmet.<\/span><\/em><\/p>\n<p><span style=\"color: #000000;\"><em>Ju garantoj se n\u00eb ato p\u00ebrgjime, ka emra ministrash, drejtor\u00ebsh, prokuror\u00ebsh, gjykat\u00ebsish, e shum\u00eb t\u00eb tjer\u00eb. E mir\u00ebpres si nj\u00eb zhvillim shum\u00eb t\u00eb r\u00ebnd\u00ebsish\u00ebm n\u00eb betej\u00ebn kund\u00ebr narkoshtetit. Ju b\u00ebj thirrje k\u00ebtyre agjencive p\u00ebr nj\u00eb hetim t\u00eb pavarur, sikund\u00ebr i b\u00ebj thirrje antimafias italiane n\u00eb nj\u00eb akt mb\u00ebshtetje dhe ndihme kund\u00ebr bashk\u00ebpunimit transatlantik t\u00eb mafias t\u00eb hetoj\u00eb me t\u00eb gjith\u00eb potencialet e saj afer\u00ebn e incenerator\u00ebve n\u00eb Shqip\u00ebri. K\u00ebtu \u00ebsht\u00eb b\u00ebr\u00eb korrupsioni ligj, transparenca \u00ebsht\u00eb b\u00ebr\u00eb p\u00ebrjashtim. Vet\u00ebm protestat e zgjidhin k\u00ebt\u00eb. Do t\u00eb fillojm\u00eb sa m\u00eb shpejt q\u00eb ta gjykojm\u00eb t\u00eb arsyeshme. Protestat p\u00ebr Portin dhe incenerator\u00ebt do t\u00eb jen\u00eb m\u00eb t\u00eb fuqishmet q\u00eb ka njohur vendi.\u201d-<\/em> deklaroi Berisha.<\/span><\/p>\n","protected":false,"gt_translate_keys":[{"key":"rendered","format":"html"}]},"excerpt":{"rendered":"<p>Ish-kryeministri Sali Berisha ka b\u00ebr\u00eb nj\u00eb deklarat\u00eb t\u00eb fort\u00eb jasht\u00eb godin\u00ebs s\u00eb Parlamentit, lidhur me operacion policor t\u00eb kryer s\u00eb fundmi n\u00eb disa shtete evropiane ku u arrestuan shum\u00eb shqiptar\u00eb t\u00eb p\u00ebrfshir\u00eb n\u00eb trafikun e kokain\u00ebs. Gjat\u00eb fjal\u00ebs s\u00eb tij, Berisha ka paralajm\u00ebruar se shum\u00eb shpejt do t\u00eb publikohen p\u00ebrgjime t\u00eb politikan\u00ebve shqiptar\u00eb duke komunikuar [&hellip;]<\/p>\n","protected":false,"gt_translate_keys":[{"key":"rendered","format":"html"}]},"author":30,"featured_media":505331,"comment_status":"closed","ping_status":"closed","sticky":false,"template":"","format":"standard","meta":{"footnotes":""},"categories":[22,65,13],"tags":[],"class_list":["post-505330","post","type-post","status-publish","format-standard","has-post-thumbnail","hentry","category-ballina","category-lajme","category-te-fundit"],"gt_translate_keys":[{"key":"link","format":"url"}],"_links":{"self":[{"href":"https:\/\/www.hashtag.al\/index.php\/wp-json\/wp\/v2\/posts\/505330","targetHints":{"allow":["GET"]}}],"collection":[{"href":"https:\/\/www.hashtag.al\/index.php\/wp-json\/wp\/v2\/posts"}],"about":[{"href":"https:\/\/www.hashtag.al\/index.php\/wp-json\/wp\/v2\/types\/post"}],"author":[{"embeddable":true,"href":"https:\/\/www.hashtag.al\/index.php\/wp-json\/wp\/v2\/users\/30"}],"replies":[{"embeddable":true,"href":"https:\/\/www.hashtag.al\/index.php\/wp-json\/wp\/v2\/comments?post=505330"}],"version-history":[{"count":0,"href":"https:\/\/www.hashtag.al\/index.php\/wp-json\/wp\/v2\/posts\/505330\/revisions"}],"wp:featuredmedia":[{"embeddable":true,"href":"https:\/\/www.hashtag.al\/index.php\/wp-json\/wp\/v2\/media\/505331"}],"wp:attachment":[{"href":"https:\/\/www.hashtag.al\/index.php\/wp-json\/wp\/v2\/media?parent=505330"}],"wp:term":[{"taxonomy":"category","embeddable":true,"href":"https:\/\/www.hashtag.al\/index.php\/wp-json\/wp\/v2\/categories?post=505330"},{"taxonomy":"post_tag","embeddable":true,"href":"https:\/\/www.hashtag.al\/index.php\/wp-json\/wp\/v2\/tags?post=505330"}],"curies":[{"name":"wp","href":"https:\/\/api.w.org\/{rel}","templated":true}]}}