{"id":505309,"date":"2022-02-17T15:31:15","date_gmt":"2022-02-17T14:31:15","guid":{"rendered":"https:\/\/www.hashtag.al\/?p=505309"},"modified":"2022-02-17T15:36:12","modified_gmt":"2022-02-17T14:36:12","slug":"te-gjitha-zonjat-te-nderpresim-seancen-ferdinand-xhaferaj-cohet-ne-kembe-dhe-u-kerkon-ndjese-zonjave-ne-parlament-pas-kritikave-qe-i-bene","status":"publish","type":"post","link":"https:\/\/www.hashtag.al\/index.php\/2022\/02\/17\/te-gjitha-zonjat-te-nderpresim-seancen-ferdinand-xhaferaj-cohet-ne-kembe-dhe-u-kerkon-ndjese-zonjave-ne-parlament-pas-kritikave-qe-i-bene\/","title":{"rendered":"&#8220;T\u00eb gjitha zonjat t\u00eb nd\u00ebrpresim seanc\u00ebn!&#8221; &#8211; Ferdinand Xhaferaj \u00e7ohet n\u00eb k\u00ebmb\u00eb dhe u k\u00ebrkon ndjes\u00eb zonjave n\u00eb Parlament pas kritikave q\u00eb i b\u00ebn\u00eb","gt_translate_keys":[{"key":"rendered","format":"text"}]},"content":{"rendered":"<p><span style=\"color: #000000;\"><a style=\"color: #000000;\" href=\"https:\/\/www.hashtag.al\/wp-content\/uploads\/2022\/02\/ndjese.jpg\"><img loading=\"lazy\" decoding=\"async\" class=\"aligncenter size-full wp-image-505312\" src=\"https:\/\/www.hashtag.al\/wp-content\/uploads\/2022\/02\/ndjese.jpg\" alt=\"\" width=\"2289\" height=\"1000\" srcset=\"https:\/\/www.hashtag.al\/wp-content\/uploads\/2022\/02\/ndjese.jpg 2289w, https:\/\/www.hashtag.al\/wp-content\/uploads\/2022\/02\/ndjese-300x131.jpg 300w, https:\/\/www.hashtag.al\/wp-content\/uploads\/2022\/02\/ndjese-1024x447.jpg 1024w, https:\/\/www.hashtag.al\/wp-content\/uploads\/2022\/02\/ndjese-768x336.jpg 768w, https:\/\/www.hashtag.al\/wp-content\/uploads\/2022\/02\/ndjese-1536x671.jpg 1536w, https:\/\/www.hashtag.al\/wp-content\/uploads\/2022\/02\/ndjese-2048x895.jpg 2048w\" sizes=\"auto, (max-width: 2289px) 100vw, 2289px\" \/><\/a><\/span><\/p>\n<p><span style=\"color: #000000;\">N\u00eb seanc\u00ebn e sotme plenare kan\u00eb vijuar debatet pas deklarat\u00ebs s\u00eb deputetit Ferdinand Xhaferaj, i cili tha se kryeministri Edi Rama b\u00ebri ministre disa \u201c<em>\u00e7up\u00eblina<\/em>\u201d pa eksperienc\u00eb.<\/span><\/p>\n<p><span style=\"color: #000000;\">Deputete t\u00eb krahut t\u00eb majt\u00eb dhe t\u00eb djatht\u00eb, secila sipas m\u00ebnyr\u00ebs s\u00eb tyre e kritikuan Xhaferajn p\u00ebr termin e p\u00ebrdorur duke e nxitur t\u00eb k\u00ebrkoj\u00eb ndjes\u00eb.<\/span><\/p>\n<p><span style=\"color: #000000;\">Madje deputetja socialiste Blerina Gjylameti u b\u00ebri thirrje t\u00eb gjitha grave t\u00eb nd\u00ebrpresin seanc\u00ebn n\u00ebse nuk d\u00ebgjonin nj\u00eb ndjes\u00eb nga ana e deputetit.<\/span><\/p>\n<p><span style=\"color: #000000;\">Pasi i d\u00ebgjoi t\u00eb gjitha zonjat me radh\u00eb, Xhaferaj n\u00eb fund u ngrit n\u00eb k\u00ebmb\u00eb dhe k\u00ebmb\u00ebnguli q\u00eb fjal\u00ebt e tij jan\u00eb nxjerr\u00eb nga konteksti, megjithat\u00eb n\u00eb fund k\u00ebrkoi ndjes\u00eb. Ai tha se t\u00eb pakt\u00ebn ky debat sh\u00ebrbeu p\u00ebr t\u00eb sensibilizuar p\u00ebr nj\u00eb \u00e7\u00ebshtje si seksizmi.<\/span><\/p>\n<p><span style=\"color: #000000;\"><em>\u201cFaleminderit t\u00eb gjitha zonjave. Foli pak ministrja Kumbaro. Un\u00eb p\u00ebrve\u00e7 t\u00eb tjerave feminizmin e jap leksion n\u00eb universitet. Fjal\u00ebt u nxorr\u00ebn nga konteksti. Por edhe pse fjal\u00ebt u nxorr\u00ebn nga konteksti, k\u00ebto 30 minuta sh\u00ebrbyen p\u00ebr t\u00eb folur dhe sensibilizuar p\u00ebr nj\u00eb \u00e7\u00ebshtje seksizmi q\u00eb n\u00eb Shqip\u00ebri v\u00ebrtet\u00eb ekziston dhe duhet t\u00eb b\u00ebjm\u00eb hapa p\u00ebrpara. Un\u00eb k\u00ebrkoj ndjes\u00eb.\u201d<\/em>&#8211; jan\u00eb fjal\u00ebt e Xhaferaj. Pas k\u00ebtyre t\u00eb gjitha zonjat duartrokit\u00ebn.<\/span><\/p>\n<p>&nbsp;<\/p>\n<p><span style=\"color: #000000;\"><strong><a style=\"color: #000000;\" href=\"https:\/\/www.hashtag.al\/wp-content\/uploads\/2022\/02\/5-1.jpg\"><img loading=\"lazy\" decoding=\"async\" class=\"aligncenter size-full wp-image-505310\" src=\"https:\/\/www.hashtag.al\/wp-content\/uploads\/2022\/02\/5-1.jpg\" alt=\"\" width=\"752\" height=\"374\" srcset=\"https:\/\/www.hashtag.al\/wp-content\/uploads\/2022\/02\/5-1.jpg 752w, https:\/\/www.hashtag.al\/wp-content\/uploads\/2022\/02\/5-1-300x149.jpg 300w, https:\/\/www.hashtag.al\/wp-content\/uploads\/2022\/02\/5-1-750x374.jpg 750w\" sizes=\"auto, (max-width: 752px) 100vw, 752px\" \/><\/a><\/strong><\/span><\/p>\n<p><span style=\"color: #000000;\"><strong>Kritikat e zonjave n\u00eb Kuvend:<\/strong><\/span><\/p>\n<p><span style=\"color: #000000;\"><strong>Ogerta Manastirliu:\u00a0<\/strong>U b\u00eb e p\u00ebrs\u00ebritur q\u00eb grave n\u00eb Kuvend i etiketohen lloj-lloj epitetesh dhe kjo \u00ebsht\u00eb\u00a0 e papranueshme. Sot ndihemi t\u00eb fyera n\u00eb dinjitet q\u00eb nj\u00eb pjese prej jush mbase i mungon. Sot \u00ebsht\u00eb nj\u00eb dit\u00eb q\u00eb sot duhet t\u00eb b\u00ebhet m\u00ebsim q\u00eb kur ofendon duhet t\u00eb k\u00ebrkosh falje. Ne k\u00ebtu nuk do flasim p\u00ebr asgj\u00eb tjet\u00ebr ve\u00e7se p\u00ebr k\u00ebt\u00eb dinjitet q\u00eb po fyhet p\u00ebr grat\u00eb. Sot presim falje nga z.Xhaferraj p\u00ebr at\u00eb etiketim q\u00eb b\u00ebri.<\/span><\/p>\n<p><span style=\"color: #000000;\"><strong>Mesila Doda:\u00a0<\/strong>Ngrihen burrat e p\u00ebrdorin nj\u00eb fjalor misogjen. D\u00ebnoj nga t\u00eb gjitha krah\u00ebt nj\u00eb burr\u00eb q\u00eb flet ndaj grave. Jo vet\u00ebm Xhaferaj ishte gabim, por dhe fjala q\u00eb kryeministri p\u00ebrdor n\u00eb lidhje me fjal\u00ebt e opozit\u00ebs, kur nuk i p\u00eblqen ndonj\u00eb fjal\u00eb, \u00ebsht\u00eb nj\u00eb fjalor misogjen. T\u00eb nderuara zonja ngrihuni n\u00eb nivelin e dinjitetit q\u00eb iu ka dh\u00ebn\u00eb Zoti. Mos i etiketoni grat\u00eb si qenie t\u00eb shkall\u00ebs s\u00eb dyt\u00eb, m\u00eb t\u00eb ul\u00ebta se burrat. Mos atakoni n\u00eb baz\u00eb t\u00eb gjinis\u00eb, sepse na ka dh\u00ebn\u00eb Zoti t\u00eb barabart\u00eb. Ndaj un\u00eb sot d\u00ebnoj fjal\u00ebn e kolegut tim, q\u00eb duhet t\u00eb k\u00ebrkoj\u00eb patjet\u00ebr ndjes\u00eb. Por, ftoj zonjat ministre dhe zonjat e PS sot q\u00eb t\u00eb d\u00ebnoj\u00eb fjal\u00ebt e kryeministrit, q\u00eb sa her\u00eb n\u00eb fushat\u00eb na ka etiketuar dhe nxjerr\u00eb fjal\u00ebt tona. Grat\u00eb duhet t\u00eb b\u00ebhen bashk\u00eb.<\/span><\/p>\n<p><span style=\"color: #000000;\"><strong>Erisa Xhixho:\u00a0<\/strong>Gjuha seksiste e nj\u00eb kolegu p\u00ebr mua \u00ebsht\u00eb e papranueshme. \u00c7do grua meriton respekt dhe v\u00ebrejtjen e kam nga t\u00eb dy krah\u00ebt politik\u00eb sepse kemi par\u00eb edhe nga maxhoranca bulliz\u00ebm ndaj grave dhe nga opozitat dhe duhet \u00ebt vihet nj\u00eb standard q\u00eb asnj\u00eb grua q\u00eb merret me politik\u00eb mos t\u00eb bullizohet. jemi gati p\u00ebr debat e argumenta, por kur vjen puna p\u00ebr bulliz\u00ebm e seksiz\u00ebm n\u00eb k\u00ebt\u00eb parlament nuk duhet ta pranojm\u00eb nga askush, as nga koleg\u00ebt tan\u00eb burra. Duhet t\u00eb vendoset nj\u00eb standard tjet\u00ebr n\u00eb k\u00ebt\u00eb parlament.<\/span><\/p>\n<p><span style=\"color: #000000;\"><strong>Oriola Pampuri:\u00a0<\/strong>Ju k\u00ebrkoni nj\u00eb sjellje q\u00eb ju vet\u00eb nuk arrini ta zbatoni, ne kemi par\u00eb sjellje t\u00eb kryeministri nga t\u00eb cilat t\u00eb gjitha ne jemi ndjer\u00eb keq dhe kur ju t\u00eb ndaloni sjelljet e kryeministrit ndaj jush, ngrini z\u00ebrin p\u00ebr m\u00eb shum\u00eb. Kjo grugule b\u00ebhet p\u00ebr nj\u00eb arsye t\u00eb madhe, p\u00ebr t\u00eb zhvendosur v\u00ebmendjen nga nj\u00eb \u00e7\u00ebshtje e madhe. Kemi \u00e7\u00ebshtjen e incenerator\u00ebve dhe ata q\u00eb ndihen t\u00eb frik\u00ebsuar, merren me nj\u00eb fjal\u00eb. Zoti Xhaferraj \u00ebsht\u00eb nga ata koleg\u00eb q\u00eb ka respektin maksimal ndaj grave.<\/span><\/p>\n<p><span style=\"color: #000000;\"><strong>Mirela Kumbaro:<\/strong> Ne k\u00ebrkojm\u00eb nj\u00eb ndjes\u00eb publike. Kuptojm\u00eb se sa i thell\u00eb \u00ebsht\u00eb halli i seksizmit q\u00eb t\u00eb b\u00ebn kaq t\u00eb v\u00ebshtir\u00eb p\u00ebr t\u00eb k\u00ebrkuar ndjes\u00eb n\u00eb mejdan q\u00eb e keni konsideruar t\u00eb burrave. P\u00ebr ne zonjat q\u00eb nuk e kemi mosh\u00ebn p\u00ebr \u00e7uplin\u00eb ta merrnim si kompliment. Por se pat\u00ebt n\u00eb k\u00ebt\u00eb kontekst, u treguat p\u00ebrbuz\u00ebs, seksist\u00eb e arrogant. K\u00ebtu ka pasur deputet\u00eb, kryetar grupesh parlamentar n\u00eb mosh\u00ebn e vajz\u00ebs tuaj e timen. Ne i kemi konsideruar ato si autoritete t\u00eb dh\u00ebna me mandate t\u00eb sovranit. Pse n\u00ebse jan\u00eb zonja jan\u00eb t\u00eb papjekura? \u00cbsht\u00eb anti-Kushtetuese. Mosh\u00ebn e p\u00ebrcakton Kushtetuta. Andia, dhe moshatar\u00eb t\u00eb tjer\u00eb t\u00eb Andias kan\u00eb qen\u00eb n\u00eb k\u00ebto karrige. K\u00ebrkoni nj\u00eb ndjes\u00eb, jo m\u00eb p\u00ebr ne, sepse p\u00ebrderisa jemi n\u00eb k\u00ebto tryeza kemi b\u00ebr\u00eb mjaftuesh\u00ebm rrug\u00eb p\u00ebr t\u2019ia dal\u00eb. K\u00ebrkoni ndjes\u00eb p\u00ebr t\u00eb vendosur standardin. Pres ndjes\u00ebn.<\/span><\/p>\n<p><span style=\"color: #000000;\"><strong>Blerina Gjylameti:<\/strong> Nuk e kuptoj sa e v\u00ebshtir\u00eb \u00ebsht\u00eb p\u00ebr nj\u00eb zot\u00ebri q\u00eb t\u00eb b\u00ebj\u00eb t\u00eb vetmen gj\u00eb q\u00eb e dallon nga niveli i xhentiles\u00ebs, edhe p\u00ebr nga mosha q\u00eb ka, dhe p\u00ebr nga fakti q\u00eb \u00ebsht\u00eb babai i nj\u00eb vajze, \u00ebsht\u00eb bashk\u00ebshorti i nj\u00eb zonje. Nuk e kuptoj se sa e v\u00ebshtir\u00eb \u00ebsht\u00eb t\u00eb k\u00ebrkoj\u00eb ndjes\u00eb. P\u00ebrdor nj\u00eb gjuh\u00eb t\u00eb papranueshme dhe m\u00eb pak e kuptoj kur zonjat e krahut majtas ton\u00eb g\u00ebzojn\u00eb dhe thon\u00eb se kjo gjuh\u00eb \u00ebsht\u00eb p\u00ebrdorur m\u00eb her\u00ebt. Tenton t\u00eb cenoj\u00eb dinjitetin e grave k\u00ebtu. Nuk \u00ebsht\u00eb hera e par\u00eb q\u00eb ka patur precedent t\u00eb till\u00eb n\u00eb k\u00ebt\u00eb sall\u00eb, por mendova se duhet t\u00eb ishte hera e fundit z.Xhaferraj. Un\u00eb mendova se nuk duhet t\u2019ju b\u00ebj thirrje p\u00ebr t\u00eb k\u00ebrkuar ndjes\u00eb. T\u00eb mblidhemi t\u00eb gjitha zonjat e t\u00eb nd\u00ebrpresim seanc\u00ebn n\u00ebse Xhaferraj nuk k\u00ebrkon ndjes\u00eb. Nuk ka lidhje as mosha, as eksperienca.<\/span><\/p>\n","protected":false,"gt_translate_keys":[{"key":"rendered","format":"html"}]},"excerpt":{"rendered":"<p>N\u00eb seanc\u00ebn e sotme plenare kan\u00eb vijuar debatet pas deklarat\u00ebs s\u00eb deputetit Ferdinand Xhaferaj, i cili tha se kryeministri Edi Rama b\u00ebri ministre disa \u201c\u00e7up\u00eblina\u201d pa eksperienc\u00eb. Deputete t\u00eb krahut t\u00eb majt\u00eb dhe t\u00eb djatht\u00eb, secila sipas m\u00ebnyr\u00ebs s\u00eb tyre e kritikuan Xhaferajn p\u00ebr termin e p\u00ebrdorur duke e nxitur t\u00eb k\u00ebrkoj\u00eb ndjes\u00eb. Madje deputetja [&hellip;]<\/p>\n","protected":false,"gt_translate_keys":[{"key":"rendered","format":"html"}]},"author":30,"featured_media":505312,"comment_status":"closed","ping_status":"closed","sticky":false,"template":"","format":"standard","meta":{"footnotes":""},"categories":[22,65,13],"tags":[],"class_list":["post-505309","post","type-post","status-publish","format-standard","has-post-thumbnail","hentry","category-ballina","category-lajme","category-te-fundit"],"gt_translate_keys":[{"key":"link","format":"url"}],"_links":{"self":[{"href":"https:\/\/www.hashtag.al\/index.php\/wp-json\/wp\/v2\/posts\/505309","targetHints":{"allow":["GET"]}}],"collection":[{"href":"https:\/\/www.hashtag.al\/index.php\/wp-json\/wp\/v2\/posts"}],"about":[{"href":"https:\/\/www.hashtag.al\/index.php\/wp-json\/wp\/v2\/types\/post"}],"author":[{"embeddable":true,"href":"https:\/\/www.hashtag.al\/index.php\/wp-json\/wp\/v2\/users\/30"}],"replies":[{"embeddable":true,"href":"https:\/\/www.hashtag.al\/index.php\/wp-json\/wp\/v2\/comments?post=505309"}],"version-history":[{"count":0,"href":"https:\/\/www.hashtag.al\/index.php\/wp-json\/wp\/v2\/posts\/505309\/revisions"}],"wp:featuredmedia":[{"embeddable":true,"href":"https:\/\/www.hashtag.al\/index.php\/wp-json\/wp\/v2\/media\/505312"}],"wp:attachment":[{"href":"https:\/\/www.hashtag.al\/index.php\/wp-json\/wp\/v2\/media?parent=505309"}],"wp:term":[{"taxonomy":"category","embeddable":true,"href":"https:\/\/www.hashtag.al\/index.php\/wp-json\/wp\/v2\/categories?post=505309"},{"taxonomy":"post_tag","embeddable":true,"href":"https:\/\/www.hashtag.al\/index.php\/wp-json\/wp\/v2\/tags?post=505309"}],"curies":[{"name":"wp","href":"https:\/\/api.w.org\/{rel}","templated":true}]}}