{"id":505299,"date":"2022-02-17T14:53:53","date_gmt":"2022-02-17T13:53:53","guid":{"rendered":"https:\/\/www.hashtag.al\/?p=505299"},"modified":"2022-02-17T15:38:55","modified_gmt":"2022-02-17T14:38:55","slug":"jeni-baba-i-nje-vajze-si-e-gjeni-guximin-te-ofendoni-grate-balluku-debaton-me-xhaferajn-mbi-termin-cupelina","status":"publish","type":"post","link":"https:\/\/www.hashtag.al\/index.php\/2022\/02\/17\/jeni-baba-i-nje-vajze-si-e-gjeni-guximin-te-ofendoni-grate-balluku-debaton-me-xhaferajn-mbi-termin-cupelina\/","title":{"rendered":"&#8220;Jeni baba i nj\u00eb vajze, si e gjeni guximin t\u00eb ofendoni grat\u00eb?!&#8221; &#8211; Balluku debaton me Xhaferajn mbi termin &#8220;\u00e7up\u00eblina&#8221;","gt_translate_keys":[{"key":"rendered","format":"text"}]},"content":{"rendered":"<p><span style=\"color: #000000;\"><a href=\"https:\/\/www.hashtag.al\/wp-content\/uploads\/2022\/02\/Balluku-Xhaferraj.jpg\"><img loading=\"lazy\" decoding=\"async\" class=\"aligncenter size-full wp-image-505300\" src=\"https:\/\/www.hashtag.al\/wp-content\/uploads\/2022\/02\/Balluku-Xhaferraj.jpg\" alt=\"\" width=\"2000\" height=\"1000\" srcset=\"https:\/\/www.hashtag.al\/wp-content\/uploads\/2022\/02\/Balluku-Xhaferraj.jpg 2000w, https:\/\/www.hashtag.al\/wp-content\/uploads\/2022\/02\/Balluku-Xhaferraj-300x150.jpg 300w, https:\/\/www.hashtag.al\/wp-content\/uploads\/2022\/02\/Balluku-Xhaferraj-1024x512.jpg 1024w, https:\/\/www.hashtag.al\/wp-content\/uploads\/2022\/02\/Balluku-Xhaferraj-768x384.jpg 768w, https:\/\/www.hashtag.al\/wp-content\/uploads\/2022\/02\/Balluku-Xhaferraj-1536x768.jpg 1536w\" sizes=\"auto, (max-width: 2000px) 100vw, 2000px\" \/><\/a><\/span><\/p>\n<p><span style=\"color: #000000;\">Ministrja e Infrastruktur\u00ebs dhe Energjetik\u00ebs, Belinda Balluku ka reaguar n\u00eb foltoren e Kuvendit lidhur me deklarat\u00ebn e deputetit t\u00eb PD-s\u00eb, Fredinant Xhaferaj i cili p\u00ebrdori termin \u201c\u00e7up\u00eblina\u201d p\u00ebr disa nga ministret e qeveris\u00eb.<\/span><\/p>\n<p><span style=\"color: #000000;\">Balluku tha se nj\u00eb gjuh\u00eb e till\u00eb nuk duhet p\u00ebrdorur, nd\u00ebrsa i kujtoi Xhaferajt se ka nj\u00eb vajz\u00eb q\u00eb mbi t\u00eb gjitha e ka ekselente.<\/span><\/p>\n<p><em><span style=\"color: #000000;\">\u00a0\u201cKeni nj\u00eb vajz\u00eb q\u00eb me sa di un\u00eb e keni ekselete e \u00ebsht\u00eb goc\u00eb shum\u00eb e mir\u00eb dhe profesioniste.<\/span><\/em><\/p>\n<p><em><span style=\"color: #000000;\">Si baba i nj\u00eb vajze si e gjeni guximin t\u00eb ofendoni grat\u00eb?! Un\u00eb s\u2019e ndaj shum\u00eb mendimin gra dhe burra n\u00eb parlament sepse mendoj q\u00eb jemi t\u00eb gjith\u00eb t\u00eb votuar. E vetmja gj\u00eb q\u00eb gjeni p\u00ebr t\u2019i th\u00ebn\u00eb qeveris\u00eb Rama \u00ebsht\u00eb se ka gra e \u00e7up\u00eblina tregon q\u00eb jemi mir\u00eb e ju m\u00ebreni me k\u00ebt\u00eb argument. I drejtohem kolegeve demokrate. A ndiheni mir\u00eb kur d\u00ebgjoni koleg\u00ebt tuaj kur flasin p\u00ebr grat\u00eb n\u00eb k\u00ebt\u00eb gjuh\u00eb?<\/span><\/em><\/p>\n<p><span style=\"color: #000000;\"><em>A i thoni ndonj\u00eb fjal\u00eb kolegut q\u00eb t\u00eb pakt\u00ebn t\u00eb mos e p\u00ebrs\u00ebris\u00eb m\u00eb? Koleg\u00ebt tan\u00eb nuk dalin t\u2019ju marrin n\u00ebp\u00ebrk\u00ebmb\u00eb e as t\u2019ju ofendojm\u00eb. \u00cbsht\u00eb kthyer n\u00eb qesharake. \u00cbsht\u00eb mir\u00eb t\u00eb mblidhni k\u00ebto burra e t\u00eb merren me di\u00e7ka tjet\u00ebr e jo p\u00ebr faktin se jemi gra, \u00e7up\u00eblina apo t\u00eb vjetra n\u00eb mosh\u00eb. Nuk \u00ebsht\u00eb ky argumenti p\u00ebr t\u00eb na goditur politikisht, ka shum\u00eb argumente t\u00eb tjera.\u201d<\/em>&#8211; deklaroi Balluku.<\/span><\/p>\n<p><span style=\"color: #000000;\">Pas k\u00ebtyre fjal\u00ebve t\u00eb ministres, Xhaferaj reagoi p\u00ebrs\u00ebri duke th\u00ebn\u00eb se nuk ka pse k\u00ebrkon falje. Ai shpjegoi kontekstin n\u00eb t\u00eb cil\u00ebn e ka p\u00ebrdorur at\u00eb term, duke iu referuar mosh\u00ebs s\u00eb re t\u00eb ministrave, q\u00eb sipas tij nuk kan\u00eb kualifikimin dhe eksperienc\u00ebn e duhur p\u00ebr detyr\u00ebn.<\/span><\/p>\n<p><span style=\"color: #000000;\"><em>\u201cN\u00eb kultur\u00ebn time nuk e kam problem p\u00ebr t\u00eb k\u00ebrkuar falje e ndjes\u00eb. T\u00eb jesh minist\u00ebr n\u00ebnkupton eksperienc\u00eb, kontribut, gjysma e zonjave ministre aty e kan\u00eb filluar p\u00ebr her\u00eb t\u00eb par\u00eb me profesionin e ministrit. N\u00eb k\u00ebt\u00eb kontekst p\u00ebrmenda fjal\u00ebn \u00e7up\u00eblin\u00eb, duke n\u00ebnkuptuar k\u00ebtu edhe vajz\u00ebn time q\u00eb \u00ebsht\u00eb e shkolluar ekselente, por kurr\u00eb nuk e mendoj q\u00eb p\u00ebr mosh\u00ebn q\u00eb ka \u00ebsht\u00eb n\u00eb gjendje t\u00eb sh\u00ebrbej\u00eb si ministre.<\/em>\u201d-tha Xhaferaj duke iu p\u00ebrgjigjur deklarat\u00ebs s\u00eb ministres.<\/span><\/p>\n","protected":false,"gt_translate_keys":[{"key":"rendered","format":"html"}]},"excerpt":{"rendered":"<p>Ministrja e Infrastruktur\u00ebs dhe Energjetik\u00ebs, Belinda Balluku ka reaguar n\u00eb foltoren e Kuvendit lidhur me deklarat\u00ebn e deputetit t\u00eb PD-s\u00eb, Fredinant Xhaferaj i cili p\u00ebrdori termin \u201c\u00e7up\u00eblina\u201d p\u00ebr disa nga ministret e qeveris\u00eb. Balluku tha se nj\u00eb gjuh\u00eb e till\u00eb nuk duhet p\u00ebrdorur, nd\u00ebrsa i kujtoi Xhaferajt se ka nj\u00eb vajz\u00eb q\u00eb mbi t\u00eb gjitha [&hellip;]<\/p>\n","protected":false,"gt_translate_keys":[{"key":"rendered","format":"html"}]},"author":30,"featured_media":505300,"comment_status":"closed","ping_status":"closed","sticky":false,"template":"","format":"standard","meta":{"footnotes":""},"categories":[65,13],"tags":[],"class_list":["post-505299","post","type-post","status-publish","format-standard","has-post-thumbnail","hentry","category-lajme","category-te-fundit"],"gt_translate_keys":[{"key":"link","format":"url"}],"_links":{"self":[{"href":"https:\/\/www.hashtag.al\/index.php\/wp-json\/wp\/v2\/posts\/505299","targetHints":{"allow":["GET"]}}],"collection":[{"href":"https:\/\/www.hashtag.al\/index.php\/wp-json\/wp\/v2\/posts"}],"about":[{"href":"https:\/\/www.hashtag.al\/index.php\/wp-json\/wp\/v2\/types\/post"}],"author":[{"embeddable":true,"href":"https:\/\/www.hashtag.al\/index.php\/wp-json\/wp\/v2\/users\/30"}],"replies":[{"embeddable":true,"href":"https:\/\/www.hashtag.al\/index.php\/wp-json\/wp\/v2\/comments?post=505299"}],"version-history":[{"count":0,"href":"https:\/\/www.hashtag.al\/index.php\/wp-json\/wp\/v2\/posts\/505299\/revisions"}],"wp:featuredmedia":[{"embeddable":true,"href":"https:\/\/www.hashtag.al\/index.php\/wp-json\/wp\/v2\/media\/505300"}],"wp:attachment":[{"href":"https:\/\/www.hashtag.al\/index.php\/wp-json\/wp\/v2\/media?parent=505299"}],"wp:term":[{"taxonomy":"category","embeddable":true,"href":"https:\/\/www.hashtag.al\/index.php\/wp-json\/wp\/v2\/categories?post=505299"},{"taxonomy":"post_tag","embeddable":true,"href":"https:\/\/www.hashtag.al\/index.php\/wp-json\/wp\/v2\/tags?post=505299"}],"curies":[{"name":"wp","href":"https:\/\/api.w.org\/{rel}","templated":true}]}}