{"id":505081,"date":"2022-02-16T16:16:55","date_gmt":"2022-02-16T15:16:55","guid":{"rendered":"https:\/\/www.hashtag.al\/?p=505081"},"modified":"2022-02-16T16:18:32","modified_gmt":"2022-02-16T15:18:32","slug":"inceneratori-i-elbasanit-i-fikur-prej-me-shume-se-nje-muaji-kryebashkiaku-gledian-llatja-deshmon-ne-komisionin-hetimor","status":"publish","type":"post","link":"https:\/\/www.hashtag.al\/index.php\/2022\/02\/16\/inceneratori-i-elbasanit-i-fikur-prej-me-shume-se-nje-muaji-kryebashkiaku-gledian-llatja-deshmon-ne-komisionin-hetimor\/","title":{"rendered":"&#8220;Inceneratori i Elbasanit i fikur prej m\u00eb shum\u00eb se nj\u00eb muaji&#8221; &#8211; Kryebashkiaku Gledian Llatja d\u00ebshmon n\u00eb Komisionin Hetimor","gt_translate_keys":[{"key":"rendered","format":"text"}]},"content":{"rendered":"<p><span style=\"color: #000000;\"><a href=\"https:\/\/www.hashtag.al\/wp-content\/uploads\/2022\/02\/Llatja.jpg\"><img loading=\"lazy\" decoding=\"async\" class=\"aligncenter size-full wp-image-505082\" src=\"https:\/\/www.hashtag.al\/wp-content\/uploads\/2022\/02\/Llatja.jpg\" alt=\"\" width=\"770\" height=\"403\" srcset=\"https:\/\/www.hashtag.al\/wp-content\/uploads\/2022\/02\/Llatja.jpg 770w, https:\/\/www.hashtag.al\/wp-content\/uploads\/2022\/02\/Llatja-300x157.jpg 300w, https:\/\/www.hashtag.al\/wp-content\/uploads\/2022\/02\/Llatja-768x402.jpg 768w\" sizes=\"auto, (max-width: 770px) 100vw, 770px\" \/><\/a><\/span><\/p>\n<p>&nbsp;<\/p>\n<p><span style=\"color: #000000;\">N\u00eb mbledhjen e sotme n\u00eb Komisionin Hetimor, u diskutua p\u00ebr afer\u00ebn e incenerator\u00ebt e Elbasanit. Kryetari i bashkis\u00eb s\u00eb Elbasanit, Gledian Llatja ishte nj\u00eb nga d\u00ebshmitar\u00ebt e thirrur p\u00ebr t\u2019u marr\u00eb n\u00eb pyetje nga deputet\u00ebt e komisionit.<\/span><\/p>\n<p><span style=\"color: #000000;\">Deputeti demokrat Lu\u00e7iano Bo\u00e7i e pyeti kryebashkiakun n\u00ebse inceneratori \u00ebsht\u00eb apo jo n\u00eb funksionim, por ky i fundit u p\u00ebrgjigj se prej gati nj\u00eb muaj e gjysm\u00eb inceneratori nuk \u00ebsht\u00eb n\u00eb pun\u00eb.<\/span><\/p>\n<p><span style=\"color: #000000;\">Kjo p\u00ebr shkak se i mungojn\u00eb disa materiale baz\u00eb.<\/span><\/p>\n<p><strong><span style=\"color: #000000;\">Pjes\u00eb nga diskutimi:<\/span><\/strong><\/p>\n<p><span style=\"color: #000000;\"><strong>Lu\u00e7iano Bo\u00e7i<\/strong>: Ju that\u00eb bashk\u00eb me centralin elektrik, n\u00eb vijim\u00ebsi t\u00eb marrjes n\u00eb dor\u00ebzim, n\u00eb dijenin\u00eb tuaj nga data 17 deri tani e flasim punon inceneratori dhe a prodhon energji?<\/span><\/p>\n<p><span style=\"color: #000000;\"><strong>Gledian Llatja<\/strong>: N\u00eb dat\u00eb 15 m\u00eb duket drejtuesi teknik p\u00ebr shkak t\u00eb munges\u00ebs dhe korespodenc\u00ebs q\u00eb kishte pasur me administratorin e ri, ka vendosur t\u00eb fik\u00eb inceneratorin p\u00ebr shkak se i mungonin disa materiale baz\u00eb q\u00eb merre nj\u00eb her\u00eb n\u00eb dy dit\u00eb. Sot q\u00eb ne flasim mjafton vet\u00ebm t\u00eb ndizet, pra t\u00eb blihen materialet, dhe n\u00eb dat\u00eb 15 \u00ebsht\u00eb urdh\u00ebruar fikja e detyruar e impiantit , dhe nga data kur \u00ebsht\u00eb fikur ka gati 1 muaj e gjysm\u00eb q\u00eb nuk \u00ebsht\u00eb n\u00eb funksion.<\/span><\/p>\n<p><span style=\"color: #000000;\"><strong>Bo\u00e7i<\/strong>: Si e keni marr\u00eb n\u00eb dor\u00ebzim inceneratorin? That\u00eb se ka patur korespondenc\u00eb kur nisi<\/span><\/p>\n<p><span style=\"color: #000000;\"><strong>Llatja<\/strong>:\u00a0Me sa mbaj mend, ka qen\u00eb nj\u00eb shkres\u00eb b\u00ebr\u00eb n\u00eb mes t\u00eb vitit t\u00eb kaluar.<\/span><\/p>\n<p><span style=\"color: #000000;\"><strong>Bo\u00e7i<\/strong>: A e keni lexuar draft kontrat\u00ebn?<\/span><\/p>\n<p><span style=\"color: #000000;\"><strong>Llatja<\/strong>: na \u00ebsht\u00eb v\u00ebn\u00eb n\u00eb dispozicion \u00ebsht\u00eb studiuar nga specialist\u00ebt tan\u00eb.<\/span><\/p>\n<p><span style=\"color: #000000;\"><strong>Bo\u00e7i<\/strong>: n\u00eb kontrat\u00eb p\u00ebrcaktohet qart\u00eb koha kur nisin, ndaj b\u00ebra pyetjen kur ka nisur. Ju duhet ta dini e ta sqaroni, inceneratori i kalon autoritetit kontraktor, n\u00eb k\u00ebt\u00eb rast min. mjedisit. Pse jeni ju si pale e tret\u00eb.<\/span><\/p>\n<p><span style=\"color: #000000;\"><strong>Llatja<\/strong>:\u00a0\u00cbsht\u00eb dhe n\u00eb kontrat\u00eb, p\u00ebrfshihet edhe pushteti vendor, u gjet zgjidhja e nd\u00ebrtimit t\u00eb nj\u00eb subjekti t\u00eb p\u00ebrbashk\u00ebt p\u00ebr marrjen n\u00eb dor\u00ebzim t\u00eb funksionimit dhe marrjen n\u00eb pron\u00ebsi t\u00eb k\u00ebtij impianti.<\/span><\/p>\n<p><span style=\"color: #000000;\"><strong>Bo\u00e7i<\/strong>: Koncesionari transferon aksionet kuotat n\u00eb kompanin\u00eb zbatuese t\u00eb projektit, ku \u00ebsht\u00eb bashkia k\u00ebtu.<\/span><\/p>\n<p><span style=\"color: #000000;\"><strong>Llatja<\/strong>:\u00a0Korespondenca q\u00eb ne kemi me ministrin\u00eb e linj\u00ebs, \u00ebsht\u00eb ngarkuar t\u00eb merret nga pushteti vendor, ose i delegohet.<\/span><\/p>\n<p><span style=\"color: #000000;\"><strong>Bo\u00e7i<\/strong>: Bashkia p\u00ebrcaktohet si kontribuuese p\u00ebr dh\u00ebnien e sheshit, por transferimi b\u00ebhet mes Alb tek dhe autoritetit kontraktues, Ministria e Mjedisit. Mbi baz\u00ebn e kujt e b\u00ebt\u00eb transferimin.<\/span><\/p>\n<p><span style=\"color: #000000;\"><strong>Llatja<\/strong>:\u00a0Nuk e kam kontrat\u00ebn p\u00ebrpara, neni 26 e p\u00ebrcakton\u2026 dhe \u00ebsht\u00eb brenda fush\u00ebs s\u00eb kompetenc\u00ebs ton\u00eb e gjith\u00eb kjo.<\/span><\/p>\n<p><span style=\"color: #000000;\"><strong>Bo\u00e7i<\/strong>: Materialet i ke n\u00eb inbox, mund t\u2019i referohesh, jan\u00eb dor\u00ebzuar n\u00eb baz\u00eb t\u00eb dokumenteve.<\/span><\/p>\n<p><span style=\"color: #000000;\"><strong>Llatja<\/strong>:\u00a0Nuk kam dijeni p\u00ebr shkelje ligji apo shkelje t\u00eb procedurave.<\/span><\/p>\n<p><span style=\"color: #000000;\"><strong>Bo\u00e7i<\/strong>: N\u00eb 16.12 ka ndodhur \u00e7\u00ebshtja penale dhe inceneratori eshte vene ne sekuestro. A keni ekip monitorues<\/span><\/p>\n<p><span style=\"color: #000000;\"><strong>Llatja<\/strong>:\u00a0\u00a0Ne kemi nj\u00eb struktur\u00eb t\u00eb ngritur nga 7 k\u00ebshillat bashkiak p\u00ebr nj\u00eb subjekt q\u00eb ka strukturat p\u00ebrkat\u00ebse dhe mban kontakte me impiantin, kam edhe un\u00eb ekspert\u00eb t\u00eb mi aty.\u00a0 Nd\u00ebrtim operim dhe transferim. Ka qen\u00eb operimi i impiantit q\u00eb mbaronte m\u00eb dt. 17. M\u00eb 17 dhjetor niste procesi i marrjes n\u00eb dor\u00ebzim t\u00eb t\u00eb gjitha aseteve, nga dera e rrug\u00ebs, peshorja impianti. etj<\/span><\/p>\n<p><span style=\"color: #000000;\"><strong>Bo\u00e7i<\/strong>:\u00a0Keni marr\u00eb bashk\u00eb edhe centralin<\/span><\/p>\n<p><span style=\"color: #000000;\"><strong>Llatja<\/strong>:\u00a0Nuk e kam marr, po administrohet nga shoq\u00ebria Eco El, pasi u sekuestrua tre dit\u00eb para se ta merrnim ne nga prokuroria.<\/span><\/p>\n<p><span style=\"color: #000000;\"><strong>Tabaku<\/strong>: Sapo that\u00eb i marrim nga dera te gardhi e impianti\u2026 \u00e7do gj\u00eb brenda sip\u00ebrfaqes ku \u00ebsht\u00eb inceneratori.<\/span><\/p>\n<p><span style=\"color: #000000;\"><strong>Llatja<\/strong>:\u00a0S\u2019e kam marr un\u00eb, por shoq\u00ebria Eco El.<\/span><\/p>\n<p><span style=\"color: #000000;\"><strong>Bo\u00e7i<\/strong>:\u00a0A punon inceneratori?<\/span><\/p>\n","protected":false,"gt_translate_keys":[{"key":"rendered","format":"html"}]},"excerpt":{"rendered":"<p>&nbsp; N\u00eb mbledhjen e sotme n\u00eb Komisionin Hetimor, u diskutua p\u00ebr afer\u00ebn e incenerator\u00ebt e Elbasanit. Kryetari i bashkis\u00eb s\u00eb Elbasanit, Gledian Llatja ishte nj\u00eb nga d\u00ebshmitar\u00ebt e thirrur p\u00ebr t\u2019u marr\u00eb n\u00eb pyetje nga deputet\u00ebt e komisionit. Deputeti demokrat Lu\u00e7iano Bo\u00e7i e pyeti kryebashkiakun n\u00ebse inceneratori \u00ebsht\u00eb apo jo n\u00eb funksionim, por ky i [&hellip;]<\/p>\n","protected":false,"gt_translate_keys":[{"key":"rendered","format":"html"}]},"author":30,"featured_media":505082,"comment_status":"closed","ping_status":"closed","sticky":false,"template":"","format":"standard","meta":{"footnotes":""},"categories":[65,13],"tags":[],"class_list":["post-505081","post","type-post","status-publish","format-standard","has-post-thumbnail","hentry","category-lajme","category-te-fundit"],"gt_translate_keys":[{"key":"link","format":"url"}],"_links":{"self":[{"href":"https:\/\/www.hashtag.al\/index.php\/wp-json\/wp\/v2\/posts\/505081","targetHints":{"allow":["GET"]}}],"collection":[{"href":"https:\/\/www.hashtag.al\/index.php\/wp-json\/wp\/v2\/posts"}],"about":[{"href":"https:\/\/www.hashtag.al\/index.php\/wp-json\/wp\/v2\/types\/post"}],"author":[{"embeddable":true,"href":"https:\/\/www.hashtag.al\/index.php\/wp-json\/wp\/v2\/users\/30"}],"replies":[{"embeddable":true,"href":"https:\/\/www.hashtag.al\/index.php\/wp-json\/wp\/v2\/comments?post=505081"}],"version-history":[{"count":0,"href":"https:\/\/www.hashtag.al\/index.php\/wp-json\/wp\/v2\/posts\/505081\/revisions"}],"wp:featuredmedia":[{"embeddable":true,"href":"https:\/\/www.hashtag.al\/index.php\/wp-json\/wp\/v2\/media\/505082"}],"wp:attachment":[{"href":"https:\/\/www.hashtag.al\/index.php\/wp-json\/wp\/v2\/media?parent=505081"}],"wp:term":[{"taxonomy":"category","embeddable":true,"href":"https:\/\/www.hashtag.al\/index.php\/wp-json\/wp\/v2\/categories?post=505081"},{"taxonomy":"post_tag","embeddable":true,"href":"https:\/\/www.hashtag.al\/index.php\/wp-json\/wp\/v2\/tags?post=505081"}],"curies":[{"name":"wp","href":"https:\/\/api.w.org\/{rel}","templated":true}]}}