{"id":504973,"date":"2022-02-16T09:59:33","date_gmt":"2022-02-16T08:59:33","guid":{"rendered":"https:\/\/www.hashtag.al\/?p=504973"},"modified":"2022-02-16T10:01:05","modified_gmt":"2022-02-16T09:01:05","slug":"dyshohet-se-vodhen-5-mije-euro-mall-pranga-dy-autoreve-e-pronarit-te-pike-se-skrapit-ne-elbasan","status":"publish","type":"post","link":"https:\/\/www.hashtag.al\/index.php\/2022\/02\/16\/dyshohet-se-vodhen-5-mije-euro-mall-pranga-dy-autoreve-e-pronarit-te-pike-se-skrapit-ne-elbasan\/","title":{"rendered":"Dyshohet se vodh\u00ebn 5 mij\u00eb euro mall, pranga dy autor\u00ebve e pronarit t\u00eb pik\u00ebs s\u00eb skrapit n\u00eb Elbasan","gt_translate_keys":[{"key":"rendered","format":"text"}]},"content":{"rendered":"<p><span style=\"color: #000000;\"><img loading=\"lazy\" decoding=\"async\" class=\"aligncenter size-full wp-image-504974\" src=\"https:\/\/www.hashtag.al\/wp-content\/uploads\/2022\/02\/skrap.png\" alt=\"\" width=\"740\" height=\"360\" srcset=\"https:\/\/www.hashtag.al\/wp-content\/uploads\/2022\/02\/skrap.png 740w, https:\/\/www.hashtag.al\/wp-content\/uploads\/2022\/02\/skrap-300x146.png 300w\" sizes=\"auto, (max-width: 740px) 100vw, 740px\" \/><\/span><\/p>\n<p><span style=\"color: #000000;\">Dy persona jan\u00eb arrestuar n\u00eb Elbasan pasi akuzohen se kan\u00eb vjedhur mall me vler\u00eb 5 mij\u00eb euro n\u00eb kompanin\u00eb e nj\u00eb shtetasi me iniciale K.B., banues n\u00eb Elbasan. <\/span><\/p>\n<p><span style=\"color: #000000;\">Bashk\u00eb me 27-vje\u00e7arin me iniciale D.K. e 30-vje\u00e7arin me iniciale D.M. \u00ebsht\u00eb prangosur edhe pronari i nj\u00eb pike skrapi, pasi akuzohet se ka bler\u00eb materialet e vjedhura.<\/span><\/p>\n<p><span style=\"color: #000000;\"><strong>Njoftimi<\/strong><\/span><\/p>\n<p><span style=\"color: #000000;\"><em>Specialist\u00ebt e Hetimit t\u00eb Krimit t\u00eb Komisariatit t\u00eb Policis\u00eb Elbasan, n\u00eb vijim t\u00eb pun\u00ebs p\u00ebr zbardhjen e vjedhjeve t\u00eb ndodhura m\u00eb par\u00eb, kapjen e autor\u00ebve dhe venien e tyre para p\u00ebrgjegj\u00ebsis\u00eb penale, bazuar n\u00eb informacionet e siguruara p\u00ebr vjedhjen n\u00eb nj\u00eb firm\u00eb, organizuan dhe finalizuan operacionin policor t\u00eb koduar \u201cBradasheshi\u201d.<\/em><\/span><\/p>\n<p><span style=\"color: #000000;\"><em>N\u00eb kuad\u00ebr t\u00eb k\u00ebtij operacioni u b\u00eb ndalimi i shtetasve D. K., 27 vje\u00e7 dhe D. M., 30 vje\u00e7, banues n\u00eb Elbasan, pasi m\u00eb dat\u00eb 08.02.2022, n\u00eb lagjen \u201c\u00c7lirim\u201d, dyshohet se n\u00eb bashk\u00ebpunim me nj\u00ebri-tjetrin, kan\u00eb vjedhur pajisje t\u00eb ndryshme, me vler\u00eb 5000 euro, n\u00eb firm\u00ebn n\u00eb pron\u00ebsi t\u00eb shtetasit K. B., banues n\u00eb Elbasan.<\/em><\/span><\/p>\n<p><span style=\"color: #000000;\"><em>Gjithashtu, n\u00eb vijim t\u00eb operacionit \u00ebsht\u00eb arrestuar n\u00eb flagranc\u00eb edhe shtetasi P. \u00c7., 56 vje\u00e7, pronar i nj\u00eb pike skrapi, pasi ka bler\u00eb pajisjet e vjedhura nga shtetasit e lartp\u00ebrmendur. K\u00ebta shtetas dyshohet se kan\u00eb kryer edhe disa vjedhje t\u00eb tjera. N\u00eb bashk\u00ebpunim me Prokurorin\u00eb vijon puna p\u00ebr zbardhjen dhe dokumentimin ligjor t\u00eb tyre. Materialet i kaluan Prokuroris\u00eb pran\u00eb Gjykat\u00ebs s\u00eb Shkall\u00ebs s\u00eb Par\u00eb Elbasan, p\u00ebr veprime t\u00eb m\u00ebtejshme, p\u00ebr veprat penale \u201cVjedhja\u201d, \u201cP\u00ebrvet\u00ebsimi i parave ose mallrave q\u00eb rrjedhin nga vepra penale ose veprimtaria kriminale\u201d dhe \u201cFshehja e t\u00eb ardhurave\u201d.<\/em><\/span><\/p>\n","protected":false,"gt_translate_keys":[{"key":"rendered","format":"html"}]},"excerpt":{"rendered":"<p>Dy persona jan\u00eb arrestuar n\u00eb Elbasan pasi akuzohen se kan\u00eb vjedhur mall me vler\u00eb 5 mij\u00eb euro n\u00eb kompanin\u00eb e nj\u00eb shtetasi me iniciale K.B., banues n\u00eb Elbasan. Bashk\u00eb me 27-vje\u00e7arin me iniciale D.K. e 30-vje\u00e7arin me iniciale D.M. \u00ebsht\u00eb prangosur edhe pronari i nj\u00eb pike skrapi, pasi akuzohet se ka bler\u00eb materialet e vjedhura. [&hellip;]<\/p>\n","protected":false,"gt_translate_keys":[{"key":"rendered","format":"html"}]},"author":51,"featured_media":504974,"comment_status":"closed","ping_status":"closed","sticky":false,"template":"","format":"standard","meta":{"footnotes":""},"categories":[65,13],"tags":[],"class_list":["post-504973","post","type-post","status-publish","format-standard","has-post-thumbnail","hentry","category-lajme","category-te-fundit"],"gt_translate_keys":[{"key":"link","format":"url"}],"_links":{"self":[{"href":"https:\/\/www.hashtag.al\/index.php\/wp-json\/wp\/v2\/posts\/504973","targetHints":{"allow":["GET"]}}],"collection":[{"href":"https:\/\/www.hashtag.al\/index.php\/wp-json\/wp\/v2\/posts"}],"about":[{"href":"https:\/\/www.hashtag.al\/index.php\/wp-json\/wp\/v2\/types\/post"}],"author":[{"embeddable":true,"href":"https:\/\/www.hashtag.al\/index.php\/wp-json\/wp\/v2\/users\/51"}],"replies":[{"embeddable":true,"href":"https:\/\/www.hashtag.al\/index.php\/wp-json\/wp\/v2\/comments?post=504973"}],"version-history":[{"count":0,"href":"https:\/\/www.hashtag.al\/index.php\/wp-json\/wp\/v2\/posts\/504973\/revisions"}],"wp:featuredmedia":[{"embeddable":true,"href":"https:\/\/www.hashtag.al\/index.php\/wp-json\/wp\/v2\/media\/504974"}],"wp:attachment":[{"href":"https:\/\/www.hashtag.al\/index.php\/wp-json\/wp\/v2\/media?parent=504973"}],"wp:term":[{"taxonomy":"category","embeddable":true,"href":"https:\/\/www.hashtag.al\/index.php\/wp-json\/wp\/v2\/categories?post=504973"},{"taxonomy":"post_tag","embeddable":true,"href":"https:\/\/www.hashtag.al\/index.php\/wp-json\/wp\/v2\/tags?post=504973"}],"curies":[{"name":"wp","href":"https:\/\/api.w.org\/{rel}","templated":true}]}}