{"id":504416,"date":"2022-02-13T20:26:49","date_gmt":"2022-02-13T19:26:49","guid":{"rendered":"https:\/\/www.hashtag.al\/?p=504416"},"modified":"2022-02-13T20:26:49","modified_gmt":"2022-02-13T19:26:49","slug":"vrasja-ne-grude-te-shkodres-viktima-ne-2011-eshte-arrestuar-per-tentative-per-hakmarrje","status":"publish","type":"post","link":"https:\/\/www.hashtag.al\/index.php\/2022\/02\/13\/vrasja-ne-grude-te-shkodres-viktima-ne-2011-eshte-arrestuar-per-tentative-per-hakmarrje\/","title":{"rendered":"Vrasja n\u00eb Grud\u00eb t\u00eb Shkodr\u00ebs, viktima n\u00eb 2011 \u00ebsht\u00eb arrestuar p\u00ebr tentativ\u00eb p\u00ebr hakmarrje","gt_translate_keys":[{"key":"rendered","format":"text"}]},"content":{"rendered":"<p style=\"text-align: justify;\"><span style=\"color: #000000;\"><img loading=\"lazy\" decoding=\"async\" class=\"size-full wp-image-504417\" src=\"https:\/\/www.hashtag.al\/wp-content\/uploads\/2022\/02\/Prek-tonaj-scaled.jpg\" alt=\"\" width=\"2560\" height=\"1732\" srcset=\"https:\/\/www.hashtag.al\/wp-content\/uploads\/2022\/02\/Prek-tonaj-scaled.jpg 2560w, https:\/\/www.hashtag.al\/wp-content\/uploads\/2022\/02\/Prek-tonaj-300x203.jpg 300w, https:\/\/www.hashtag.al\/wp-content\/uploads\/2022\/02\/Prek-tonaj-1024x693.jpg 1024w, https:\/\/www.hashtag.al\/wp-content\/uploads\/2022\/02\/Prek-tonaj-768x520.jpg 768w, https:\/\/www.hashtag.al\/wp-content\/uploads\/2022\/02\/Prek-tonaj-1536x1039.jpg 1536w, https:\/\/www.hashtag.al\/wp-content\/uploads\/2022\/02\/Prek-tonaj-2048x1385.jpg 2048w\" sizes=\"auto, (max-width: 2560px) 100vw, 2560px\" \/><\/span><\/p>\n<p style=\"text-align: justify;\"><span style=\"color: #000000;\">Detaje t\u00eb reja kan\u00eb dal\u00eb nga vrasja e 47-vje\u00e7arit Prek Tonaj n\u00eb fshatin Grud\u00eb t\u00eb Shkodr\u00ebs.<\/span><\/p>\n<p style=\"text-align: justify;\"><span style=\"color: #000000;\">Viktima Prek Tonaj, do t\u00eb arrestohej n\u00eb vitin 2011 pasi s\u00eb bashku me dy shtetas t\u00eb tjer\u00eb po p\u00ebrgatiteshin t\u00eb kryenin nj\u00eb vrasje q\u00eb kishte p\u00ebr motiv hakmarrjen.<\/span><\/p>\n<p style=\"text-align: justify;\"><span style=\"color: #000000;\">S\u00eb bashku me Prek Tonaj, asokohe n\u00eb pranga ran\u00eb edhe Ndue Tonaj dhe Ndoc Prela, banues n\u00eb lagjen \u201c3 heronjt\u00eb\u201d n\u00eb Shkod\u00ebr\u201d.<\/span><\/p>\n<p style=\"text-align: justify;\"><span style=\"color: #000000;\">Policia njoftoi se ngjarja ndodhi n\u00eb rrethana t\u00eb paqarta n\u00eb ambientet e nj\u00eb lokali.<\/span><\/p>\n<p style=\"text-align: justify;\"><span style=\"color: #000000;\">\u201c<em>M\u00eb dat\u00eb 13.02.2022, rreth or\u00ebs 19:15, n\u00eb fshatin Grud\u00eb e Re, Shkod\u00ebr, n\u00eb rrethana ende t\u00eb paqarta, n\u00eb ambientet e nj\u00eb lokali, \u00ebsht\u00eb vrar\u00eb me arm\u00eb zjarri shtetasi P. T., 47 vje\u00e7, banues n\u00eb Grud\u00eb, Shkod\u00ebr.<\/em><\/span><\/p>\n<p style=\"text-align: justify;\"><span style=\"color: #000000;\"><em>N\u00eb vendngjarje kan\u00eb shkuar menj\u00ebher\u00eb sh\u00ebrbimet e Policis\u00eb dhe grupi hetimor.<\/em><\/span><\/p>\n<p style=\"text-align: justify;\"><span style=\"color: #000000;\"><em>Jan\u00eb ngritur pika kontrolli dhe vijon krehja e zon\u00ebs, p\u00ebr t\u00eb b\u00ebr\u00eb t\u00eb mundur kapjen e autorit\/\u00ebve<\/em>\u201d-thuhet n\u00eb njoftimin paraprak t\u00eb policis\u00eb.<\/span><\/p>\n<p style=\"text-align: justify;\">\n","protected":false,"gt_translate_keys":[{"key":"rendered","format":"html"}]},"excerpt":{"rendered":"<p>Detaje t\u00eb reja kan\u00eb dal\u00eb nga vrasja e 47-vje\u00e7arit Prek Tonaj n\u00eb fshatin Grud\u00eb t\u00eb Shkodr\u00ebs. Viktima Prek Tonaj, do t\u00eb arrestohej n\u00eb vitin 2011 pasi s\u00eb bashku me dy shtetas t\u00eb tjer\u00eb po p\u00ebrgatiteshin t\u00eb kryenin nj\u00eb vrasje q\u00eb kishte p\u00ebr motiv hakmarrjen. S\u00eb bashku me Prek Tonaj, asokohe n\u00eb pranga ran\u00eb edhe Ndue [&hellip;]<\/p>\n","protected":false,"gt_translate_keys":[{"key":"rendered","format":"html"}]},"author":32,"featured_media":504417,"comment_status":"closed","ping_status":"closed","sticky":false,"template":"","format":"standard","meta":{"footnotes":""},"categories":[65,13],"tags":[],"class_list":["post-504416","post","type-post","status-publish","format-standard","has-post-thumbnail","hentry","category-lajme","category-te-fundit"],"gt_translate_keys":[{"key":"link","format":"url"}],"_links":{"self":[{"href":"https:\/\/www.hashtag.al\/index.php\/wp-json\/wp\/v2\/posts\/504416","targetHints":{"allow":["GET"]}}],"collection":[{"href":"https:\/\/www.hashtag.al\/index.php\/wp-json\/wp\/v2\/posts"}],"about":[{"href":"https:\/\/www.hashtag.al\/index.php\/wp-json\/wp\/v2\/types\/post"}],"author":[{"embeddable":true,"href":"https:\/\/www.hashtag.al\/index.php\/wp-json\/wp\/v2\/users\/32"}],"replies":[{"embeddable":true,"href":"https:\/\/www.hashtag.al\/index.php\/wp-json\/wp\/v2\/comments?post=504416"}],"version-history":[{"count":0,"href":"https:\/\/www.hashtag.al\/index.php\/wp-json\/wp\/v2\/posts\/504416\/revisions"}],"wp:featuredmedia":[{"embeddable":true,"href":"https:\/\/www.hashtag.al\/index.php\/wp-json\/wp\/v2\/media\/504417"}],"wp:attachment":[{"href":"https:\/\/www.hashtag.al\/index.php\/wp-json\/wp\/v2\/media?parent=504416"}],"wp:term":[{"taxonomy":"category","embeddable":true,"href":"https:\/\/www.hashtag.al\/index.php\/wp-json\/wp\/v2\/categories?post=504416"},{"taxonomy":"post_tag","embeddable":true,"href":"https:\/\/www.hashtag.al\/index.php\/wp-json\/wp\/v2\/tags?post=504416"}],"curies":[{"name":"wp","href":"https:\/\/api.w.org\/{rel}","templated":true}]}}