{"id":504343,"date":"2022-02-13T13:33:57","date_gmt":"2022-02-13T12:33:57","guid":{"rendered":"https:\/\/www.hashtag.al\/?p=504343"},"modified":"2022-02-13T13:34:52","modified_gmt":"2022-02-13T12:34:52","slug":"basha-rama-si-toto-riina-ne-aferen-e-inceneratoreve","status":"publish","type":"post","link":"https:\/\/www.hashtag.al\/index.php\/2022\/02\/13\/basha-rama-si-toto-riina-ne-aferen-e-inceneratoreve\/","title":{"rendered":"Basha: Rama si Toto Riina n\u00eb afer\u00ebn e incenerator\u00ebve","gt_translate_keys":[{"key":"rendered","format":"text"}]},"content":{"rendered":"<p><a href=\"https:\/\/www.hashtag.al\/wp-content\/uploads\/2022\/02\/lul-basha-1.jpg\"><img loading=\"lazy\" decoding=\"async\" class=\"aligncenter size-full wp-image-504344\" src=\"https:\/\/www.hashtag.al\/wp-content\/uploads\/2022\/02\/lul-basha-1.jpg\" alt=\"\" width=\"1280\" height=\"720\" srcset=\"https:\/\/www.hashtag.al\/wp-content\/uploads\/2022\/02\/lul-basha-1.jpg 1280w, https:\/\/www.hashtag.al\/wp-content\/uploads\/2022\/02\/lul-basha-1-300x169.jpg 300w, https:\/\/www.hashtag.al\/wp-content\/uploads\/2022\/02\/lul-basha-1-1024x576.jpg 1024w, https:\/\/www.hashtag.al\/wp-content\/uploads\/2022\/02\/lul-basha-1-768x432.jpg 768w\" sizes=\"auto, (max-width: 1280px) 100vw, 1280px\" \/><\/a><\/p>\n<p><span style=\"color: #000000;\">Gjat\u00eb konferenc\u00ebs s\u00eb sotme p\u00ebr mediet q\u00eb mbajti lidhur me afer\u00ebn e incenerator\u00ebve, kryedemokrati Lulzim Basha e krahasoi kryeministrin Edi Rama me Toto Riin\u00ebn.<\/span><\/p>\n<p><span style=\"color: #000000;\">Ai po tregonte dy aleat\u00ebt q\u00eb sipas tij ka PD n\u00eb k\u00ebt\u00eb situat\u00eb ku ndodhet vendi: Interesi publik i shqiptar\u00ebve dhe faktori nd\u00ebrkomb\u00ebtar.<\/span><\/p>\n<p><em><span style=\"color: #000000;\">\u00a0\u201cN\u00eb situat\u00ebn ku ndodhet vendi, n\u00eb republik\u00eb bananesh, ku nuk funksionon ligji, ku kemi nj\u00eb parlament produkti i nj\u00eb masakre zgjedhor, ku kemi nd\u00ebrthurje t\u00eb interesave mafioze me interesat publike ne kemi dy aleat\u00eb, i pari \u00ebsht\u00eb interesi publik i shqiptar\u00ebve. Kjo betej\u00eb garanci t\u00eb par\u00eb p\u00ebr fitore ka se i del p\u00ebr zot shqiptar\u00ebve, socialiste dhe demokrat\u00eb. Kjo po b\u00ebhet p\u00ebr interesin bazik, parat\u00eb e shqiptar\u00ebve q\u00eb i ka p\u00ebrprir\u00eb kjo mafie, ku Toto Riina \u00ebsht\u00eb Edi Rama.<\/span><\/em><\/p>\n<p><span style=\"color: #000000;\"><em>Aleat\u00eb i dyt\u00eb n\u00eb krah t\u00eb shqiptar\u00ebve sa her\u00eb p\u00ebrballen me keqqeverisje, me korrupsionin, faktori i dyt\u00eb n\u00eb mb\u00ebshtetje ka qen\u00eb faktori evropian. Edhe n\u00eb rikthimin e komisionit t\u00eb incenerator\u00ebve q\u00eb Rama urdh\u00ebroi mbylljen e tij, por edhe jet\u00ebsimi i nj\u00eb prej zotimeve kryesore t\u00eb fushat\u00ebs s\u00eb vitit t\u00eb kaluar, rindarjen territoriale t\u00eb Shqip\u00ebris\u00eb ja dedikojm\u00eb k\u00ebtyre dy faktor\u00ebve. Vendosm\u00ebris\u00eb ton\u00eb pavar\u00ebsisht prej malit t\u00eb g\u00ebnjeshtrave q\u00eb \u00ebsht\u00eb m\u00eb i madh se mali i plehrave, ne jemi t\u00eb vendosur t\u00eb mbrojm\u00eb interesin e shqiptar\u00ebve dhe mb\u00ebshtetjes s\u00eb faktorit euroatlantik q\u00eb do nj\u00eb shqip\u00ebri normale.<\/em>\u201d- tha Basha.<\/span><\/p>\n","protected":false,"gt_translate_keys":[{"key":"rendered","format":"html"}]},"excerpt":{"rendered":"<p>Gjat\u00eb konferenc\u00ebs s\u00eb sotme p\u00ebr mediet q\u00eb mbajti lidhur me afer\u00ebn e incenerator\u00ebve, kryedemokrati Lulzim Basha e krahasoi kryeministrin Edi Rama me Toto Riin\u00ebn. Ai po tregonte dy aleat\u00ebt q\u00eb sipas tij ka PD n\u00eb k\u00ebt\u00eb situat\u00eb ku ndodhet vendi: Interesi publik i shqiptar\u00ebve dhe faktori nd\u00ebrkomb\u00ebtar. \u00a0\u201cN\u00eb situat\u00ebn ku ndodhet vendi, n\u00eb republik\u00eb bananesh, [&hellip;]<\/p>\n","protected":false,"gt_translate_keys":[{"key":"rendered","format":"html"}]},"author":30,"featured_media":504344,"comment_status":"closed","ping_status":"closed","sticky":false,"template":"","format":"standard","meta":{"footnotes":""},"categories":[65,13],"tags":[],"class_list":["post-504343","post","type-post","status-publish","format-standard","has-post-thumbnail","hentry","category-lajme","category-te-fundit"],"gt_translate_keys":[{"key":"link","format":"url"}],"_links":{"self":[{"href":"https:\/\/www.hashtag.al\/index.php\/wp-json\/wp\/v2\/posts\/504343","targetHints":{"allow":["GET"]}}],"collection":[{"href":"https:\/\/www.hashtag.al\/index.php\/wp-json\/wp\/v2\/posts"}],"about":[{"href":"https:\/\/www.hashtag.al\/index.php\/wp-json\/wp\/v2\/types\/post"}],"author":[{"embeddable":true,"href":"https:\/\/www.hashtag.al\/index.php\/wp-json\/wp\/v2\/users\/30"}],"replies":[{"embeddable":true,"href":"https:\/\/www.hashtag.al\/index.php\/wp-json\/wp\/v2\/comments?post=504343"}],"version-history":[{"count":0,"href":"https:\/\/www.hashtag.al\/index.php\/wp-json\/wp\/v2\/posts\/504343\/revisions"}],"wp:featuredmedia":[{"embeddable":true,"href":"https:\/\/www.hashtag.al\/index.php\/wp-json\/wp\/v2\/media\/504344"}],"wp:attachment":[{"href":"https:\/\/www.hashtag.al\/index.php\/wp-json\/wp\/v2\/media?parent=504343"}],"wp:term":[{"taxonomy":"category","embeddable":true,"href":"https:\/\/www.hashtag.al\/index.php\/wp-json\/wp\/v2\/categories?post=504343"},{"taxonomy":"post_tag","embeddable":true,"href":"https:\/\/www.hashtag.al\/index.php\/wp-json\/wp\/v2\/tags?post=504343"}],"curies":[{"name":"wp","href":"https:\/\/api.w.org\/{rel}","templated":true}]}}