{"id":504334,"date":"2022-02-13T13:03:43","date_gmt":"2022-02-13T12:03:43","guid":{"rendered":"https:\/\/www.hashtag.al\/?p=504334"},"modified":"2022-02-13T13:44:12","modified_gmt":"2022-02-13T12:44:12","slug":"jorida-tabaku-neser-thirren-si-deshmitare-3-administratoret-e-inceneratoreve-po-nuk-erdhen-do-zbatojme-proceduren-me-policine-e-shtetit","status":"publish","type":"post","link":"https:\/\/www.hashtag.al\/index.php\/2022\/02\/13\/jorida-tabaku-neser-thirren-si-deshmitare-3-administratoret-e-inceneratoreve-po-nuk-erdhen-do-zbatojme-proceduren-me-policine-e-shtetit\/","title":{"rendered":"Jorida Tabaku: Nes\u00ebr thirren si d\u00ebshmitar\u00eb 3 administrator\u00ebt e incenerator\u00ebve, po nuk erdh\u00ebn do zbatojm\u00eb procedur\u00ebn me Policin\u00eb e Shtetit","gt_translate_keys":[{"key":"rendered","format":"text"}]},"content":{"rendered":"<p><span style=\"color: #000000;\"><a href=\"https:\/\/www.hashtag.al\/wp-content\/uploads\/2022\/02\/WhatsApp-Image-2022-02-13-at-1.11.57-PM.jpeg\"><img loading=\"lazy\" decoding=\"async\" class=\"aligncenter size-full wp-image-504346\" src=\"https:\/\/www.hashtag.al\/wp-content\/uploads\/2022\/02\/WhatsApp-Image-2022-02-13-at-1.11.57-PM.jpeg\" alt=\"\" width=\"1310\" height=\"1005\" srcset=\"https:\/\/www.hashtag.al\/wp-content\/uploads\/2022\/02\/WhatsApp-Image-2022-02-13-at-1.11.57-PM.jpeg 1310w, https:\/\/www.hashtag.al\/wp-content\/uploads\/2022\/02\/WhatsApp-Image-2022-02-13-at-1.11.57-PM-300x230.jpeg 300w, https:\/\/www.hashtag.al\/wp-content\/uploads\/2022\/02\/WhatsApp-Image-2022-02-13-at-1.11.57-PM-1024x786.jpeg 1024w, https:\/\/www.hashtag.al\/wp-content\/uploads\/2022\/02\/WhatsApp-Image-2022-02-13-at-1.11.57-PM-768x589.jpeg 768w\" sizes=\"auto, (max-width: 1310px) 100vw, 1310px\" \/><\/a><\/span><\/p>\n<p><span style=\"color: #000000;\">Kryetarja e Komisionit Hetimor p\u00ebr Incenerator\u00ebt, Jorida Tabaku n\u00eb konferenc\u00ebn e sotme p\u00ebr mediet, ka deklaruar se t\u00eb h\u00ebn\u00ebn do t\u00eb merren n\u00eb pyetje 3 administator\u00ebt e incenerator\u00ebve t\u00eb Tiran\u00ebs, Elbasanit dhe t\u00eb Fierit.<\/span><\/p>\n<p><span style=\"color: #000000;\"><em>\u201cD\u00ebshmitar\u00ebt e par\u00eb jan\u00eb 3 administrator\u00ebt. D\u00ebshira jon\u00eb do t\u00eb ishte q\u00eb t\u00eb ishin 3 pronar\u00ebt, q\u00eb jan\u00eb n\u00eb k\u00ebrkim. N\u00ebse nuk paraqiten, me t\u00eb gjith\u00eb forc\u00ebn q\u00eb m\u00eb jep ligji, me Policin\u00eb e Shtetit do ta zbatojn\u00eb procedur\u00ebn. Kushdo q\u00eb i del n\u00eb mbrojtje abuzimit, jemi t\u00eb hapur q\u00eb t\u2019i \u00e7ojm\u00eb para drejt\u00ebsis\u00eb.\u201d-<\/em> deklaroi Tabaku.<\/span><\/p>\n<p><span style=\"color: #000000;\">Gjat\u00eb fjal\u00ebs s\u00eb saj, Tabaku akuzoi kryeministrin Edi Rama si mbrojt\u00ebsin politik t\u00eb afer\u00ebs s\u00eb incenerator\u00ebve. Ajo shtoi se edhe\u00a0KLSH dhe Ministria e Financave e njohin se kjo \u00ebsht\u00eb kontrata m\u00eb diskriminuese, e cila nisi me 90 milion\u00eb euro dhe p\u00ebrfundoi me 430 milion\u00eb.<\/span><\/p>\n<p><em><span style=\"color: #000000;\">\u201cTani e dim\u00eb se Edi Rama di t\u00eb lyej\u00eb me boj\u00eb. \u00c7do gj\u00eb nisi 6 vite m\u00eb par\u00eb, kur PD foli p\u00ebr her\u00eb t\u00eb par\u00eb. Dua t\u2019i kujtoj qytetar\u00ebve q\u00eb nuk harrojn\u00eb, se PD dor\u00ebzoi n\u00eb tetor-n\u00ebntor 2020 tre padi n\u00eb SPAK. Arrestimi i Lefter Kok\u00ebs, dy pikat e para q\u00eb r\u00ebndoj\u00eb ndaj tij, jan\u00eb denoncim i PD-s\u00eb. Inceneratori i Tiran\u00ebs, pasi koleg\u00ebt than\u00eb se ai i Fierit dhe i Elbasanit jan\u00eb t\u00eb r\u00ebnd\u00eb. Por mendoj se ky \u00ebsht\u00eb m\u00eb i r\u00ebnd\u00eb. Duke analizuar dosjen e koncensioneve, tregoi se t\u00eb gjith\u00eb ministrat, zv\/kryetarja e Kuvendit, ministri Lefter Koka, kryetari i bashkis\u00eb s\u00eb Tiran\u00ebs, kryeministri jan\u00eb t\u00eb p\u00ebrfshir\u00eb n\u00eb k\u00ebt\u00eb afer\u00eb. N\u00eb k\u00ebt\u00eb dosje kan\u00eb ndodhur \u00e7udirat.<\/span><\/em><\/p>\n<p><span style=\"color: #000000;\"><em>\u00c7do gj\u00eb \u00ebsht\u00eb b\u00ebr\u00eb n\u00eb shkelje t\u00eb ligjit. \u00c7do gj\u00eb ndodh menj\u00ebher\u00eb, gjith\u00e7ka mbyllet n\u00eb 32 dit\u00eb. T\u00eb gjith\u00eb ministrat bien dakord q\u00eb procedurat duhet t\u2019i b\u00ebjn\u00eb Ministria e Financave, por brenda dit\u00ebs ngrihet ministri dhe b\u00ebn vendim qeverie. Dhe i jep mbrojtje politike k\u00ebtij procesi. KLSH dhe Ministria e Financave njohin se kjo \u00ebsht\u00eb kontrata m\u00eb diskriminuese. Nisi me 90 milion\u00eb euro, dhe p\u00ebrfundoi me 430 mln euro. Nga nes\u00ebr do t\u00eb nisim pyetjen e d\u00ebshmitar\u00ebve.\u201d<\/em>&#8211; tha Tabaku.<\/span><\/p>\n","protected":false,"gt_translate_keys":[{"key":"rendered","format":"html"}]},"excerpt":{"rendered":"<p>Kryetarja e Komisionit Hetimor p\u00ebr Incenerator\u00ebt, Jorida Tabaku n\u00eb konferenc\u00ebn e sotme p\u00ebr mediet, ka deklaruar se t\u00eb h\u00ebn\u00ebn do t\u00eb merren n\u00eb pyetje 3 administator\u00ebt e incenerator\u00ebve t\u00eb Tiran\u00ebs, Elbasanit dhe t\u00eb Fierit. \u201cD\u00ebshmitar\u00ebt e par\u00eb jan\u00eb 3 administrator\u00ebt. D\u00ebshira jon\u00eb do t\u00eb ishte q\u00eb t\u00eb ishin 3 pronar\u00ebt, q\u00eb jan\u00eb n\u00eb k\u00ebrkim. N\u00ebse [&hellip;]<\/p>\n","protected":false,"gt_translate_keys":[{"key":"rendered","format":"html"}]},"author":30,"featured_media":504346,"comment_status":"closed","ping_status":"closed","sticky":false,"template":"","format":"standard","meta":{"footnotes":""},"categories":[65,13],"tags":[],"class_list":["post-504334","post","type-post","status-publish","format-standard","has-post-thumbnail","hentry","category-lajme","category-te-fundit"],"gt_translate_keys":[{"key":"link","format":"url"}],"_links":{"self":[{"href":"https:\/\/www.hashtag.al\/index.php\/wp-json\/wp\/v2\/posts\/504334","targetHints":{"allow":["GET"]}}],"collection":[{"href":"https:\/\/www.hashtag.al\/index.php\/wp-json\/wp\/v2\/posts"}],"about":[{"href":"https:\/\/www.hashtag.al\/index.php\/wp-json\/wp\/v2\/types\/post"}],"author":[{"embeddable":true,"href":"https:\/\/www.hashtag.al\/index.php\/wp-json\/wp\/v2\/users\/30"}],"replies":[{"embeddable":true,"href":"https:\/\/www.hashtag.al\/index.php\/wp-json\/wp\/v2\/comments?post=504334"}],"version-history":[{"count":0,"href":"https:\/\/www.hashtag.al\/index.php\/wp-json\/wp\/v2\/posts\/504334\/revisions"}],"wp:featuredmedia":[{"embeddable":true,"href":"https:\/\/www.hashtag.al\/index.php\/wp-json\/wp\/v2\/media\/504346"}],"wp:attachment":[{"href":"https:\/\/www.hashtag.al\/index.php\/wp-json\/wp\/v2\/media?parent=504334"}],"wp:term":[{"taxonomy":"category","embeddable":true,"href":"https:\/\/www.hashtag.al\/index.php\/wp-json\/wp\/v2\/categories?post=504334"},{"taxonomy":"post_tag","embeddable":true,"href":"https:\/\/www.hashtag.al\/index.php\/wp-json\/wp\/v2\/tags?post=504334"}],"curies":[{"name":"wp","href":"https:\/\/api.w.org\/{rel}","templated":true}]}}