{"id":504213,"date":"2022-02-12T20:14:00","date_gmt":"2022-02-12T19:14:00","guid":{"rendered":"https:\/\/www.hashtag.al\/?p=504213"},"modified":"2022-02-12T20:28:30","modified_gmt":"2022-02-12T19:28:30","slug":"mesazhi-i-metes-ska-zot-qe-do-me-ndaloje-te-reagoj-ndaj-padrejtesive-shkeljeve-te-kushtetutes-e-dhunimin-e-qytetareve","status":"publish","type":"post","link":"https:\/\/www.hashtag.al\/index.php\/2022\/02\/12\/mesazhi-i-metes-ska-zot-qe-do-me-ndaloje-te-reagoj-ndaj-padrejtesive-shkeljeve-te-kushtetutes-e-dhunimin-e-qytetareve\/","title":{"rendered":"Mesazhi i Met\u00ebs: S\u2019ka Zot t\u00eb m\u00eb ndaloj\u00eb t\u00eb reagoj ndaj padrejt\u00ebsive, shkeljeve t\u00eb Kushtetut\u00ebs e dhunimin e qytetar\u00ebve","gt_translate_keys":[{"key":"rendered","format":"text"}]},"content":{"rendered":"<p><span style=\"color: #000000;\"><img loading=\"lazy\" decoding=\"async\" class=\"aligncenter size-full wp-image-504214\" src=\"https:\/\/www.hashtag.al\/wp-content\/uploads\/2022\/02\/meta-7.jpg\" alt=\"\" width=\"1280\" height=\"853\" srcset=\"https:\/\/www.hashtag.al\/wp-content\/uploads\/2022\/02\/meta-7.jpg 1280w, https:\/\/www.hashtag.al\/wp-content\/uploads\/2022\/02\/meta-7-300x200.jpg 300w, https:\/\/www.hashtag.al\/wp-content\/uploads\/2022\/02\/meta-7-1024x682.jpg 1024w, https:\/\/www.hashtag.al\/wp-content\/uploads\/2022\/02\/meta-7-768x512.jpg 768w\" sizes=\"auto, (max-width: 1280px) 100vw, 1280px\" \/><\/span><\/p>\n<p><span style=\"color: #000000;\">Presidenti Meta ka postuar nj\u00eb mesazh n\u00eb Facebook, ku shkruan se nuk ka Zot q\u00eb do e ndaloj\u00eb t\u00eb reagoj\u00eb kund\u00ebr padrejt\u00ebsive, shkjeljeve t\u00eb Kushtetut\u00ebs e dhunimit t\u00eb t\u00eb drejtave kushtetuese t\u00eb qytetar\u00ebve t\u00eb vendit.<\/span><\/p>\n<p><span style=\"color: #000000;\"><em>\u201cNuk ka Zot q\u00eb e ndal Ilir Met\u00ebn t\u00eb reagoj\u00eb kund\u00ebr padrejt\u00ebsive, shkeljeve t\u00eb Kushtetut\u00ebs dhe dhunimit t\u00eb t\u00eb drejtave kushtetuese t\u00eb qytetar\u00ebve shqiptar\u00eb!\u201d<\/em> &#8211; shkrua Meta.<\/span><\/p>\n<p><span style=\"color: #000000;\">M\u00eb her\u00ebt, n\u00eb nj\u00eb intervist\u00eb n\u00eb TV Apollon t\u00eb Fierit, ai tha se detyra e tij \u00ebsht\u00eb t\u00eb mbroj\u00eb Kushtetut\u00ebn, pluralizmin e rendin. <\/span><\/p>\n<p><span style=\"color: #000000;\">Ai akuzoi kryeministrin Rama si burimin e tensioneve para zgjedhjeve t\u00eb 25 prillit dhe se donte gjakderdhje mes shqiptar\u00ebve.<\/span><\/p>\n","protected":false,"gt_translate_keys":[{"key":"rendered","format":"html"}]},"excerpt":{"rendered":"<p>Presidenti Meta ka postuar nj\u00eb mesazh n\u00eb Facebook, ku shkruan se nuk ka Zot q\u00eb do e ndaloj\u00eb t\u00eb reagoj\u00eb kund\u00ebr padrejt\u00ebsive, shkjeljeve t\u00eb Kushtetut\u00ebs e dhunimit t\u00eb t\u00eb drejtave kushtetuese t\u00eb qytetar\u00ebve t\u00eb vendit. \u201cNuk ka Zot q\u00eb e ndal Ilir Met\u00ebn t\u00eb reagoj\u00eb kund\u00ebr padrejt\u00ebsive, shkeljeve t\u00eb Kushtetut\u00ebs dhe dhunimit t\u00eb t\u00eb drejtave [&hellip;]<\/p>\n","protected":false,"gt_translate_keys":[{"key":"rendered","format":"html"}]},"author":51,"featured_media":504214,"comment_status":"closed","ping_status":"closed","sticky":false,"template":"","format":"standard","meta":{"footnotes":""},"categories":[65,13],"tags":[],"class_list":["post-504213","post","type-post","status-publish","format-standard","has-post-thumbnail","hentry","category-lajme","category-te-fundit"],"gt_translate_keys":[{"key":"link","format":"url"}],"_links":{"self":[{"href":"https:\/\/www.hashtag.al\/index.php\/wp-json\/wp\/v2\/posts\/504213","targetHints":{"allow":["GET"]}}],"collection":[{"href":"https:\/\/www.hashtag.al\/index.php\/wp-json\/wp\/v2\/posts"}],"about":[{"href":"https:\/\/www.hashtag.al\/index.php\/wp-json\/wp\/v2\/types\/post"}],"author":[{"embeddable":true,"href":"https:\/\/www.hashtag.al\/index.php\/wp-json\/wp\/v2\/users\/51"}],"replies":[{"embeddable":true,"href":"https:\/\/www.hashtag.al\/index.php\/wp-json\/wp\/v2\/comments?post=504213"}],"version-history":[{"count":0,"href":"https:\/\/www.hashtag.al\/index.php\/wp-json\/wp\/v2\/posts\/504213\/revisions"}],"wp:featuredmedia":[{"embeddable":true,"href":"https:\/\/www.hashtag.al\/index.php\/wp-json\/wp\/v2\/media\/504214"}],"wp:attachment":[{"href":"https:\/\/www.hashtag.al\/index.php\/wp-json\/wp\/v2\/media?parent=504213"}],"wp:term":[{"taxonomy":"category","embeddable":true,"href":"https:\/\/www.hashtag.al\/index.php\/wp-json\/wp\/v2\/categories?post=504213"},{"taxonomy":"post_tag","embeddable":true,"href":"https:\/\/www.hashtag.al\/index.php\/wp-json\/wp\/v2\/tags?post=504213"}],"curies":[{"name":"wp","href":"https:\/\/api.w.org\/{rel}","templated":true}]}}