{"id":503785,"date":"2022-02-10T23:39:37","date_gmt":"2022-02-10T22:39:37","guid":{"rendered":"https:\/\/www.hashtag.al\/?p=503785"},"modified":"2022-02-10T23:39:37","modified_gmt":"2022-02-10T22:39:37","slug":"danimarka-e-gatshme-te-lejoje-dislokimin-e-trupave-amerikane","status":"publish","type":"post","link":"https:\/\/www.hashtag.al\/index.php\/2022\/02\/10\/danimarka-e-gatshme-te-lejoje-dislokimin-e-trupave-amerikane\/","title":{"rendered":"Danimarka e gatshme t\u00eb lejoj\u00eb dislokimin e trupave amerikane","gt_translate_keys":[{"key":"rendered","format":"text"}]},"content":{"rendered":"<p><span style=\"color: #000000;\"><img loading=\"lazy\" decoding=\"async\" class=\"aligncenter size-full wp-image-503786\" src=\"https:\/\/www.hashtag.al\/wp-content\/uploads\/2022\/02\/mette-frederiksen-1024x682-1.jpg\" alt=\"\" width=\"1024\" height=\"682\" srcset=\"https:\/\/www.hashtag.al\/wp-content\/uploads\/2022\/02\/mette-frederiksen-1024x682-1.jpg 1024w, https:\/\/www.hashtag.al\/wp-content\/uploads\/2022\/02\/mette-frederiksen-1024x682-1-300x200.jpg 300w, https:\/\/www.hashtag.al\/wp-content\/uploads\/2022\/02\/mette-frederiksen-1024x682-1-768x512.jpg 768w\" sizes=\"auto, (max-width: 1024px) 100vw, 1024px\" \/><\/span><\/p>\n<p><span style=\"color: #000000;\">Kryeministrja e Danimark\u00ebs tha se ky shtet an\u00ebtar i NATO-s \u00ebsht\u00eb i gatsh\u00ebm q\u00eb t\u00eb lejoj\u00eb stacionimin e trupave amerikane si pjes\u00eb e nj\u00eb marr\u00ebveshjeje dypal\u00ebshe t\u00eb mbrojtjes.<\/span><\/p>\n<p><span style=\"color: #000000;\">\u201cShtetet e Bashkuara kan\u00eb komunikuar me Danimark\u00ebn, duke i propozuar bashk\u00ebpunim dypal\u00ebsh n\u00eb fush\u00ebn e mbrojtjes\u201d, tha Mette Frederiksen gjat\u00eb nj\u00eb adresimi p\u00ebr gazetar\u00eb m\u00eb 10 shkurt.<\/span><\/p>\n<p><span style=\"color: #000000;\">\u201cNatyra ekzakte e k\u00ebtij bashk\u00ebpunimi ende nuk \u00ebsht\u00eb definuar, por mund t\u00eb p\u00ebrfshij\u00eb prezenc\u00ebn e trupave amerikane, materialeve dhe pajisjeve ushtarake amerikane n\u00eb tok\u00ebn daneze&#8221;, tha ajo.<\/span><\/p>\n<p><span style=\"color: #000000;\">Departamenti amerikan i Shtetit ka mir\u00ebpritur deklaratat e Frederiken dhe tha se marr\u00ebveshja, kur t\u00eb miratohet, \u201cdo t\u00eb lejoj\u00eb q\u00eb shtetet tona t\u00eb thellojn\u00eb partneritetin\u201d dhe \u201ct\u00eb forcojn\u00eb bashk\u00ebpunimin n\u00eb kuad\u00ebr t\u00eb operacioneve t\u00eb NATO-s\u201d.<\/span><\/p>\n<p><span style=\"color: #000000;\">Ushtria amerikane ve\u00e7se ka prani t\u00eb p\u00ebrhershme t\u00eb trupave n\u00eb disa shtete evropiane, p\u00ebrfshir\u00eb n\u00eb Gjermani, Belgjik\u00eb dhe Britani.<\/span><\/p>\n<p><span style=\"color: #000000;\">Tensionet jan\u00eb rritur muajve t\u00eb fundit pasi Rusia ka grumbulluar mbi 100,000 trupa p\u00ebrgjat\u00eb kufirit me Ukrain\u00ebn, duke rritur frik\u00ebn p\u00ebr nj\u00eb pushtim t\u00eb mundsh\u00ebm.<\/span><\/p>\n<p><span style=\"color: #000000;\">Moska mohon se ka plane q\u00eb ta pushtoj\u00eb Ukrain\u00ebn, q\u00eb nuk \u00ebsht\u00eb an\u00ebtare e NATO-s, por ka lidhje t\u00eb ngushta me Per\u00ebndimin.<\/span><\/p>\n<p><span style=\"color: #000000;\">Shtetet e NATO-s s\u00eb fundmi kan\u00eb rritur pranin\u00eb e tyre ushtarake n\u00eb Norvegji, Evrop\u00ebn Lindore dhe n\u00eb shtetet e Baltikut p\u00ebr t\u2019i siguruar aleat\u00ebt n\u00eb rast t\u00eb nj\u00eb agresioni rus.<\/span><\/p>\n<p><span style=\"color: #000000;\">Ministri danez i Mbrojtjes, Morten Bodskov, tha se \u00e7do marr\u00ebveshje ushtarake me SHBA-n\u00eb nuk do t\u00eb p\u00ebrfshinte ndonj\u00eb baz\u00eb t\u00eb p\u00ebrhershme ushtarake t\u00eb SHBA-s\u00eb n\u00eb Danimark\u00eb dhe se arm\u00ebt b\u00ebrthamore nuk do t\u00eb stacionoheshin n\u00eb territorin danez.<\/span><\/p>\n<p><span style=\"color: #000000;\">Bisedimet formale p\u00ebr marr\u00ebveshjen ushtarake pritet t\u00eb nisin n\u00eb muajt n\u00eb vazhdim, than\u00eb zyrtar\u00ebt.<\/span><\/p>\n","protected":false,"gt_translate_keys":[{"key":"rendered","format":"html"}]},"excerpt":{"rendered":"<p>Kryeministrja e Danimark\u00ebs tha se ky shtet an\u00ebtar i NATO-s \u00ebsht\u00eb i gatsh\u00ebm q\u00eb t\u00eb lejoj\u00eb stacionimin e trupave amerikane si pjes\u00eb e nj\u00eb marr\u00ebveshjeje dypal\u00ebshe t\u00eb mbrojtjes. \u201cShtetet e Bashkuara kan\u00eb komunikuar me Danimark\u00ebn, duke i propozuar bashk\u00ebpunim dypal\u00ebsh n\u00eb fush\u00ebn e mbrojtjes\u201d, tha Mette Frederiksen gjat\u00eb nj\u00eb adresimi p\u00ebr gazetar\u00eb m\u00eb 10 shkurt. [&hellip;]<\/p>\n","protected":false,"gt_translate_keys":[{"key":"rendered","format":"html"}]},"author":32,"featured_media":503786,"comment_status":"closed","ping_status":"closed","sticky":false,"template":"","format":"standard","meta":{"footnotes":""},"categories":[6,13],"tags":[],"class_list":["post-503785","post","type-post","status-publish","format-standard","has-post-thumbnail","hentry","category-nderkombetare","category-te-fundit"],"gt_translate_keys":[{"key":"link","format":"url"}],"_links":{"self":[{"href":"https:\/\/www.hashtag.al\/index.php\/wp-json\/wp\/v2\/posts\/503785","targetHints":{"allow":["GET"]}}],"collection":[{"href":"https:\/\/www.hashtag.al\/index.php\/wp-json\/wp\/v2\/posts"}],"about":[{"href":"https:\/\/www.hashtag.al\/index.php\/wp-json\/wp\/v2\/types\/post"}],"author":[{"embeddable":true,"href":"https:\/\/www.hashtag.al\/index.php\/wp-json\/wp\/v2\/users\/32"}],"replies":[{"embeddable":true,"href":"https:\/\/www.hashtag.al\/index.php\/wp-json\/wp\/v2\/comments?post=503785"}],"version-history":[{"count":0,"href":"https:\/\/www.hashtag.al\/index.php\/wp-json\/wp\/v2\/posts\/503785\/revisions"}],"wp:featuredmedia":[{"embeddable":true,"href":"https:\/\/www.hashtag.al\/index.php\/wp-json\/wp\/v2\/media\/503786"}],"wp:attachment":[{"href":"https:\/\/www.hashtag.al\/index.php\/wp-json\/wp\/v2\/media?parent=503785"}],"wp:term":[{"taxonomy":"category","embeddable":true,"href":"https:\/\/www.hashtag.al\/index.php\/wp-json\/wp\/v2\/categories?post=503785"},{"taxonomy":"post_tag","embeddable":true,"href":"https:\/\/www.hashtag.al\/index.php\/wp-json\/wp\/v2\/tags?post=503785"}],"curies":[{"name":"wp","href":"https:\/\/api.w.org\/{rel}","templated":true}]}}