{"id":503491,"date":"2022-02-09T18:33:54","date_gmt":"2022-02-09T17:33:54","guid":{"rendered":"https:\/\/www.hashtag.al\/?p=503491"},"modified":"2022-02-09T18:33:54","modified_gmt":"2022-02-09T17:33:54","slug":"meta-pret-ne-zyre-banore-te-zonave-qe-preken-nga-unaza-e-madhe-do-bej-gjithcka-qe-zeri-i-tyre-te-degjohet","status":"publish","type":"post","link":"https:\/\/www.hashtag.al\/index.php\/2022\/02\/09\/meta-pret-ne-zyre-banore-te-zonave-qe-preken-nga-unaza-e-madhe-do-bej-gjithcka-qe-zeri-i-tyre-te-degjohet\/","title":{"rendered":"Meta pret n\u00eb zyr\u00eb banor\u00eb t\u00eb zonave q\u00eb preken nga Unaza e Madhe: Do b\u00ebj gjith\u00e7ka q\u00eb z\u00ebri i tyre t\u00eb d\u00ebgjohet","gt_translate_keys":[{"key":"rendered","format":"text"}]},"content":{"rendered":"<p style=\"text-align: justify;\"><span style=\"color: #000000;\"><img loading=\"lazy\" decoding=\"async\" class=\"aligncenter size-full wp-image-503492\" src=\"https:\/\/www.hashtag.al\/wp-content\/uploads\/2022\/02\/meta10.jpg\" alt=\"\" width=\"1083\" height=\"670\" \/><\/span><\/p>\n<p style=\"text-align: justify;\"><span style=\"color: #000000;\">Kreu i Shtetit Republik\u00ebs Ilir Meta priti n\u00eb Presidenc\u00eb, nj\u00eb p\u00ebrfaq\u00ebsi t\u00eb protestuesve t\u00eb \u201c5 Majit\u201d, Laprak\u00ebs dhe Paskuqanit t\u00eb cil\u00ebve do ju prishen sht\u00ebpit\u00eb p\u00ebr shkak t\u00eb projekteve t\u00eb rind\u00ebrtimit apo edhe t\u00eb Unaz\u00ebs s\u00eb Madhe t\u00eb Tiran\u00ebs.<\/span><\/p>\n<p style=\"text-align: justify;\"><span style=\"color: #000000;\">Meta thekson se do t\u00eb b\u00ebj\u00eb \u00e7far\u00eb \u00ebsht\u00eb e mundur q\u00eb z\u00ebri i tyre t\u00eb d\u00ebgjohet.<\/span><\/p>\n<p style=\"text-align: justify;\"><span style=\"color: #000000;\">Meta pasi d\u00ebgjoi problematikat e banor\u00ebve n\u00eb lidhje me prishjen e banesave, dha mb\u00ebshtetjen e tij institucionale p\u00ebr legjitimimin e k\u00ebrkesave t\u00eb tyre n\u00eb m\u00ebnyr\u00eb q\u00eb t\u00eb marrin p\u00ebrgjigjen e duhur administrative dhe ligjore.<\/span><\/p>\n<p style=\"text-align: justify;\"><span style=\"color: #000000;\"><strong>\u201c<\/strong><em>Prita sot, me k\u00ebrkes\u00ebn e tyre, p\u00ebrfaq\u00ebsues t\u00eb banor\u00ebve protestues t\u00eb zonave t\u00eb 5 Majit, Laprak\u00ebs dhe Paskuqanit n\u00eb kryeqytet.<\/em><\/span><\/p>\n<p style=\"text-align: justify;\"><span style=\"color: #000000;\"><em>M\u00eb informuan n\u00eb detaje lidhur situat\u00ebn e dhembshme dhe antikushtetuese q\u00eb po ndodh me shpron\u00ebsimin arbitrar t\u00eb banesave dhe pronave t\u00eb tyre dhe me faktin e munges\u00ebs s\u00eb dialogut dhe d\u00ebgjimit t\u00eb k\u00ebrkesave t\u00eb tyre legjitime nga Bashkia e Tiran\u00ebs dhe institucionet e tjera p\u00ebrgjegj\u00ebse.<\/em><\/span><\/p>\n<p style=\"text-align: justify;\"><span style=\"color: #000000;\"><em>Banor\u00ebt m\u00eb deklaruan se jan\u00eb t\u00eb hapur ndaj zhvillimit urban dhe p\u00ebrmir\u00ebsimit t\u00eb infrastruktur\u00ebs s\u00eb Tiran\u00ebs, por ata nuk mund t\u00eb braktisen dhe t\u00eb lejojn\u00eb q\u00eb interesat okulte t\u00eb shkelin t\u00eb drejt\u00ebn e tyre jetike pron\u00ebsore duke u shkat\u00ebrruar pronat, pa kontrata dhe garanci t\u00eb rregullt ligjore.<\/em><\/span><\/p>\n<p style=\"text-align: justify;\"><span style=\"color: #000000;\"><em>Duke vler\u00ebsuar shqet\u00ebsimet e tyre, i garantova se do t\u00eb b\u00ebj gjith\u00e7ka q\u00eb z\u00ebri i tyre t\u00eb d\u00ebgjohet me ndjeshm\u00ebrin\u00eb m\u00eb t\u00eb madhe njer\u00ebzore dhe zyrtare, me t\u00eb gjith\u00eb mb\u00ebshtetjen time t\u00eb plot\u00eb institucionale, p\u00ebr t\u00eb legjitimuar k\u00ebrkesat e tyre q\u00eb meritojn\u00eb t\u00eb marrin p\u00ebrgjigjen e duhur nga organet p\u00ebrkat\u00ebse administrative e ligjore.<\/em><\/span><\/p>\n<p style=\"text-align: justify;\"><span style=\"color: #000000;\"><em>Beteja demokratike p\u00ebr nj\u00eb shoq\u00ebri t\u00eb drejt\u00eb dhe mos lejimin e kapjes s\u00eb shtetit ka nevoj\u00eb p\u00ebr nd\u00ebrgjegj\u00ebsimin e opinionit, zbatimin e drejt\u00eb t\u00eb ligjit dhe unifikimin e t\u00eb gjith\u00eb faktor\u00ebve t\u00eb shoq\u00ebris\u00eb shqiptare q\u00eb k\u00ebrkojn\u00eb zhvillim e prosperitet\u201d-<\/em>shkruan Meta.<\/span><\/p>\n<p style=\"text-align: justify;\">\n","protected":false,"gt_translate_keys":[{"key":"rendered","format":"html"}]},"excerpt":{"rendered":"<p>Kreu i Shtetit Republik\u00ebs Ilir Meta priti n\u00eb Presidenc\u00eb, nj\u00eb p\u00ebrfaq\u00ebsi t\u00eb protestuesve t\u00eb \u201c5 Majit\u201d, Laprak\u00ebs dhe Paskuqanit t\u00eb cil\u00ebve do ju prishen sht\u00ebpit\u00eb p\u00ebr shkak t\u00eb projekteve t\u00eb rind\u00ebrtimit apo edhe t\u00eb Unaz\u00ebs s\u00eb Madhe t\u00eb Tiran\u00ebs. Meta thekson se do t\u00eb b\u00ebj\u00eb \u00e7far\u00eb \u00ebsht\u00eb e mundur q\u00eb z\u00ebri i tyre t\u00eb d\u00ebgjohet. [&hellip;]<\/p>\n","protected":false,"gt_translate_keys":[{"key":"rendered","format":"html"}]},"author":32,"featured_media":503492,"comment_status":"closed","ping_status":"closed","sticky":false,"template":"","format":"standard","meta":{"footnotes":""},"categories":[65,13],"tags":[],"class_list":["post-503491","post","type-post","status-publish","format-standard","has-post-thumbnail","hentry","category-lajme","category-te-fundit"],"gt_translate_keys":[{"key":"link","format":"url"}],"_links":{"self":[{"href":"https:\/\/www.hashtag.al\/index.php\/wp-json\/wp\/v2\/posts\/503491","targetHints":{"allow":["GET"]}}],"collection":[{"href":"https:\/\/www.hashtag.al\/index.php\/wp-json\/wp\/v2\/posts"}],"about":[{"href":"https:\/\/www.hashtag.al\/index.php\/wp-json\/wp\/v2\/types\/post"}],"author":[{"embeddable":true,"href":"https:\/\/www.hashtag.al\/index.php\/wp-json\/wp\/v2\/users\/32"}],"replies":[{"embeddable":true,"href":"https:\/\/www.hashtag.al\/index.php\/wp-json\/wp\/v2\/comments?post=503491"}],"version-history":[{"count":0,"href":"https:\/\/www.hashtag.al\/index.php\/wp-json\/wp\/v2\/posts\/503491\/revisions"}],"wp:featuredmedia":[{"embeddable":true,"href":"https:\/\/www.hashtag.al\/index.php\/wp-json\/wp\/v2\/media\/503492"}],"wp:attachment":[{"href":"https:\/\/www.hashtag.al\/index.php\/wp-json\/wp\/v2\/media?parent=503491"}],"wp:term":[{"taxonomy":"category","embeddable":true,"href":"https:\/\/www.hashtag.al\/index.php\/wp-json\/wp\/v2\/categories?post=503491"},{"taxonomy":"post_tag","embeddable":true,"href":"https:\/\/www.hashtag.al\/index.php\/wp-json\/wp\/v2\/tags?post=503491"}],"curies":[{"name":"wp","href":"https:\/\/api.w.org\/{rel}","templated":true}]}}