{"id":503481,"date":"2022-02-09T17:44:10","date_gmt":"2022-02-09T16:44:10","guid":{"rendered":"https:\/\/www.hashtag.al\/?p=503481"},"modified":"2022-02-09T17:50:03","modified_gmt":"2022-02-09T16:50:03","slug":"balla-ne-lushnje-eshte-e-dukshme-qe-ps-me-eriselda-sefen-do-ti-fitoje-zgjedhjet-e-6-marsit","status":"publish","type":"post","link":"https:\/\/www.hashtag.al\/index.php\/2022\/02\/09\/balla-ne-lushnje-eshte-e-dukshme-qe-ps-me-eriselda-sefen-do-ti-fitoje-zgjedhjet-e-6-marsit\/","title":{"rendered":"Balla n\u00eb Lushnj\u00eb: \u00cbsht\u00eb e dukshme q\u00eb PS me Eriselda Sef\u00ebn do t\u2019i fitoj\u00eb zgjedhjet e 6 Marsit","gt_translate_keys":[{"key":"rendered","format":"text"}]},"content":{"rendered":"<p><span style=\"color: #000000;\"><a href=\"https:\/\/www.hashtag.al\/wp-content\/uploads\/2022\/02\/tballa.jpeg\"><img loading=\"lazy\" decoding=\"async\" class=\"aligncenter size-full wp-image-503482\" src=\"https:\/\/www.hashtag.al\/wp-content\/uploads\/2022\/02\/tballa.jpeg\" alt=\"\" width=\"589\" height=\"360\" srcset=\"https:\/\/www.hashtag.al\/wp-content\/uploads\/2022\/02\/tballa.jpeg 589w, https:\/\/www.hashtag.al\/wp-content\/uploads\/2022\/02\/tballa-300x183.jpeg 300w\" sizes=\"auto, (max-width: 589px) 100vw, 589px\" \/><\/a><\/span><\/p>\n<p><span style=\"color: #000000;\">Drejtuesi Politik i Partis\u00eb Socialiste p\u00ebr Qarkun e Fierit, Taulant Balla ndodhej k\u00ebt\u00eb t\u00eb shtun\u00eb n\u00eb nj\u00eb takim me banor\u00ebt e Karbunar\u00ebs.<\/span><\/p>\n<p><span style=\"color: #000000;\">Gjat\u00eb fjal\u00ebs s\u00eb tij, ai u shpreh i bindur se Bashkia e Lushnj\u00ebs do t\u00eb drejtohet nga Eriselda Sefa. N\u00eb nj\u00eb moment ai ka folur edhe p\u00ebr shkarkimin e presidentit Ilir Meta nga Kuvendi dhe vendimin q\u00eb pritet t\u00eb marr\u00eb Gjykata Kushtetuese. Balla tha se presidenti ka probleme me leximin e Kushtetut\u00ebs.<\/span><\/p>\n<p><em><span style=\"color: #000000;\">\u00a0\u201cKemi ardhur bashk\u00eb me Eriseld\u00ebn p\u00ebr nj\u00eb takim n\u00eb k\u00ebt\u00eb pjes\u00eb t\u00eb r\u00ebnd\u00ebsishme t\u00eb qytetit t\u00eb Lushnjes ku Partia Socialiste ka gjetur nj\u00eb mb\u00ebshtetje t\u00eb madhe dhe gjej rastin t\u2019ju falenderoj edhe n\u00eb em\u00ebr t\u00eb Edi Ram\u00ebs p\u00ebr mb\u00ebshtetjen q\u00eb dhat\u00eb edhe n\u00eb zgjedhjet e 25 prillit.<\/span><\/em><\/p>\n<p><em><span style=\"color: #000000;\">Zgjedhjet tashm\u00eb po b\u00ebhen vit pas viti, duke rizhvilluar zgjedhjet vendore p\u00ebr nj\u00eb mandat t\u00eb shkurt\u00ebr 1-vje\u00e7ar edhe pse Presidenti i Republik\u00ebs duhet t\u2019i kishte thirrur k\u00ebto zgjedhje n\u00eb korrik apo n\u00eb gusht t\u00eb vitit t\u00eb kaluar, por ju e dini q\u00eb presidenti yn\u00eb ka probleme me leximin e Kushtetut\u00ebs dhe kuvendi yn\u00eb ka vendosur ta shkarkoj\u00eb, por kjo vendimmarrje i takon Gjykat\u00ebs Kushtetuese.<\/span><\/em><\/p>\n<p><em><span style=\"color: #000000;\">Un\u00eb k\u00ebrkoj vot\u00ebbesimin tuaj p\u00ebr nj\u00eb kandidate tep\u00ebr t\u00eb mir\u00eb p\u00ebr shkak t\u00eb eksperienc\u00ebs s\u00eb saj n\u00eb qeverisjen vendore, p\u00ebr shkak t\u00eb eksperienc\u00ebs n\u00eb menaxhimin e financimeve t\u00eb huaja dhe 16 viteve n\u00eb nivelet e qeverisjes vendore e b\u00ebjn\u00eb Eriseld\u00ebn kandidaten e duhur p\u00ebr t\u00eb punuar apo transformuar m\u00eb tej Bashkin\u00eb Lushnje me t\u00eb gjitha investimet publike q\u00eb kjo bashki ka nevoj\u00eb. K\u00ebto jan\u00eb zgjedhje t\u00eb cilat Sali Berisha dhe Ilir Meta i thirr\u00ebn, jo p\u00ebr t\u2019u p\u00ebrballur me ne sepse me ne e din\u00eb si dalin por p\u00ebr t\u2019u p\u00ebrballur me Lulzim Bash\u00ebn sepse secila prej tyre duhej thirrur ne koh\u00ebn e duhur. N\u00eb Shkod\u00ebr zgjedhjet duheshin thirrur n\u00eb gusht t\u00eb 2019-\u00ebs dhe nuk u thirr\u00ebn. P\u00ebrse? Pra kjo l\u00eb vend p\u00ebr dy beteja, beteja jon\u00eb p\u00ebr t\u00eb transformuar Lushnjen dhe beteja e Saliut dhe Ilir Met\u00ebs me Lulzim Bash\u00ebn.<\/span><\/em><\/p>\n<p><em><span style=\"color: #000000;\">K\u00ebrkojm\u00eb vot\u00ebbesimin tuaj, t\u2019i japim mund\u00ebsin\u00eb Eriseld\u00ebs t\u00eb fillojm\u00eb t\u00eb b\u00ebjm\u00eb pun\u00eb t\u00eb cilat kan\u00eb koh\u00eb q\u00eb presin, k\u00ebtu tek ju dhe n\u00eb t\u00eb gjith\u00eb Bashkin\u00eb Lushnje. Prandaj nuk duhet ta humbasim k\u00ebt\u00eb moment, pasi kund\u00ebrshtari yn\u00eb nuk jan\u00eb kandidat\u00ebt e Lulit, Saliut apo Ilirit por thirrja ime \u00ebsht\u00eb q\u00eb t\u00eb kemi sa m\u00eb shum\u00eb pjes\u00ebmarrje n\u00eb 6 mars. \u00cbsht\u00eb e dukshme q\u00eb Partia Socialiste me Eriselda Sefa do t\u2019i fitoj\u00eb k\u00ebto zgjedhje.<\/span><\/em><\/p>\n<p><em><span style=\"color: #000000;\">Rezultati i k\u00ebtyre zgjedhjeve ka shum\u00eb r\u00ebnd\u00ebsi q\u00eb un\u00eb ta kem m\u00eb t\u00eb leht\u00eb q\u00eb n\u00eb dit\u00ebn e m\u00ebsuesve n\u00eb 7 mars apo 8 mars t\u2019i k\u00ebrkojm\u00eb Edi Ram\u00ebs m\u00eb shum\u00eb mb\u00ebshtetje p\u00ebr Lushnjen.<\/span><\/em><\/p>\n<p><span style=\"color: #000000;\"><em>Lushnja ka dh\u00ebn\u00eb shum\u00eb dhe nuk ka marr\u00eb at\u00eb q\u00eb ka merituar n\u00ebse do e shohim n\u00eb shum\u00eb aspekte: \u00cbsht\u00eb Bashkia e shtat\u00eb m\u00eb e madhe n\u00eb Shqip\u00ebri. Pozicioni gjeografik ky\u00e7, kudo q\u00eb t\u00eb shkosh duhet t\u00eb kalosh n\u00eb Lushnje. Ndaj p\u00ebr k\u00ebt\u00eb arsye dua q\u00eb t\u00eb jemi t\u00eb gjith\u00eb bashk\u00eb n\u00eb dat\u00ebn 6 mars, t\u2019i japim k\u00ebsaj vajz\u00ebs vot\u00ebbesimin p\u00ebr t\u00eb drejtuar Bashkin\u00eb e Lushnjes.\u201d<\/em>&#8211; tha sot Balla.<\/span><\/p>\n","protected":false,"gt_translate_keys":[{"key":"rendered","format":"html"}]},"excerpt":{"rendered":"<p>Drejtuesi Politik i Partis\u00eb Socialiste p\u00ebr Qarkun e Fierit, Taulant Balla ndodhej k\u00ebt\u00eb t\u00eb shtun\u00eb n\u00eb nj\u00eb takim me banor\u00ebt e Karbunar\u00ebs. Gjat\u00eb fjal\u00ebs s\u00eb tij, ai u shpreh i bindur se Bashkia e Lushnj\u00ebs do t\u00eb drejtohet nga Eriselda Sefa. N\u00eb nj\u00eb moment ai ka folur edhe p\u00ebr shkarkimin e presidentit Ilir Meta nga [&hellip;]<\/p>\n","protected":false,"gt_translate_keys":[{"key":"rendered","format":"html"}]},"author":30,"featured_media":503482,"comment_status":"closed","ping_status":"closed","sticky":false,"template":"","format":"standard","meta":{"footnotes":""},"categories":[65,13],"tags":[],"class_list":["post-503481","post","type-post","status-publish","format-standard","has-post-thumbnail","hentry","category-lajme","category-te-fundit"],"gt_translate_keys":[{"key":"link","format":"url"}],"_links":{"self":[{"href":"https:\/\/www.hashtag.al\/index.php\/wp-json\/wp\/v2\/posts\/503481","targetHints":{"allow":["GET"]}}],"collection":[{"href":"https:\/\/www.hashtag.al\/index.php\/wp-json\/wp\/v2\/posts"}],"about":[{"href":"https:\/\/www.hashtag.al\/index.php\/wp-json\/wp\/v2\/types\/post"}],"author":[{"embeddable":true,"href":"https:\/\/www.hashtag.al\/index.php\/wp-json\/wp\/v2\/users\/30"}],"replies":[{"embeddable":true,"href":"https:\/\/www.hashtag.al\/index.php\/wp-json\/wp\/v2\/comments?post=503481"}],"version-history":[{"count":0,"href":"https:\/\/www.hashtag.al\/index.php\/wp-json\/wp\/v2\/posts\/503481\/revisions"}],"wp:featuredmedia":[{"embeddable":true,"href":"https:\/\/www.hashtag.al\/index.php\/wp-json\/wp\/v2\/media\/503482"}],"wp:attachment":[{"href":"https:\/\/www.hashtag.al\/index.php\/wp-json\/wp\/v2\/media?parent=503481"}],"wp:term":[{"taxonomy":"category","embeddable":true,"href":"https:\/\/www.hashtag.al\/index.php\/wp-json\/wp\/v2\/categories?post=503481"},{"taxonomy":"post_tag","embeddable":true,"href":"https:\/\/www.hashtag.al\/index.php\/wp-json\/wp\/v2\/tags?post=503481"}],"curies":[{"name":"wp","href":"https:\/\/api.w.org\/{rel}","templated":true}]}}