{"id":503472,"date":"2022-02-09T17:06:04","date_gmt":"2022-02-09T16:06:04","guid":{"rendered":"https:\/\/www.hashtag.al\/?p=503472"},"modified":"2022-02-09T17:06:04","modified_gmt":"2022-02-09T16:06:04","slug":"pas-dy-vitesh-rama-rikthen-artemis-malon-si-zevendesministre-te-puneve-te-jashtme","status":"publish","type":"post","link":"https:\/\/www.hashtag.al\/index.php\/2022\/02\/09\/pas-dy-vitesh-rama-rikthen-artemis-malon-si-zevendesministre-te-puneve-te-jashtme\/","title":{"rendered":"Pas dy vitesh, Rama rikthen Artemis Malon si z\u00ebvend\u00ebsministre t\u00eb Pun\u00ebve t\u00eb Jashtme","gt_translate_keys":[{"key":"rendered","format":"text"}]},"content":{"rendered":"<p><a href=\"https:\/\/www.hashtag.al\/wp-content\/uploads\/2022\/02\/malo.jpg\"><img loading=\"lazy\" decoding=\"async\" class=\"aligncenter size-full wp-image-503473\" src=\"https:\/\/www.hashtag.al\/wp-content\/uploads\/2022\/02\/malo.jpg\" alt=\"\" width=\"905\" height=\"960\" srcset=\"https:\/\/www.hashtag.al\/wp-content\/uploads\/2022\/02\/malo.jpg 905w, https:\/\/www.hashtag.al\/wp-content\/uploads\/2022\/02\/malo-283x300.jpg 283w, https:\/\/www.hashtag.al\/wp-content\/uploads\/2022\/02\/malo-768x815.jpg 768w\" sizes=\"auto, (max-width: 905px) 100vw, 905px\" \/><\/a><\/p>\n<p><span style=\"color: #000000;\">Nj\u00eb tjet\u00ebr grua i bashkohet kabinetit t\u00eb qeveris\u00eb Rama. Pas mbledhjes s\u00eb sotme t\u00eb K\u00ebshillit t\u00eb Ministrave, kryeministri Edi Rama ka vendosur t\u00eb em\u00ebroj\u00eb si z\u00ebvend\u00ebsminist\u00ebr p\u00ebr Europ\u00ebn dhe Pun\u00ebt e Jashtme, Artemis Malo.<\/span><\/p>\n<p><span style=\"color: #000000;\">Nj\u00eb rikthim ky pas dy vitesh, pasi Malo e ka mbajtur k\u00ebt\u00eb post edhe m\u00eb par\u00eb.<\/span><\/p>\n<p><strong><span style=\"color: #000000;\">VENDIMI<\/span><\/strong><\/p>\n<p><span style=\"color: #000000;\">N\u00eb mb\u00ebshtetje t\u00eb nenit 100 t\u00eb Kushtetut\u00ebs dhe t\u00eb pik\u00ebs 2, t\u00eb nenit 6, t\u00eb ligjit nr.9000, dat\u00eb 30.1.2003, \u201cP\u00ebr organizimin dhe funksionimin e K\u00ebshillit t\u00eb Ministrave\u201d, me propozimin e Kryeministrit, K\u00ebshilli i Ministrave<\/span><\/p>\n<p><span style=\"color: #000000;\">V E N D O S I:<\/span><\/p>\n<p><span style=\"color: #000000;\">Znj. Artemis Malo em\u00ebrohet z\u00ebvend\u00ebsminist\u00ebr p\u00ebr Evrop\u00ebn dhe Pun\u00ebt e Jashtme.<\/span><\/p>\n<p><span style=\"color: #000000;\">Ky vendim hyn n\u00eb fuqi menj\u00ebher\u00eb.<\/span><\/p>\n<p><span style=\"color: #000000;\">K R Y E M I N I S T R I<\/span><br \/>\n<span style=\"color: #000000;\">EDI RAMA<\/span><\/p>\n","protected":false,"gt_translate_keys":[{"key":"rendered","format":"html"}]},"excerpt":{"rendered":"<p>Nj\u00eb tjet\u00ebr grua i bashkohet kabinetit t\u00eb qeveris\u00eb Rama. Pas mbledhjes s\u00eb sotme t\u00eb K\u00ebshillit t\u00eb Ministrave, kryeministri Edi Rama ka vendosur t\u00eb em\u00ebroj\u00eb si z\u00ebvend\u00ebsminist\u00ebr p\u00ebr Europ\u00ebn dhe Pun\u00ebt e Jashtme, Artemis Malo. Nj\u00eb rikthim ky pas dy vitesh, pasi Malo e ka mbajtur k\u00ebt\u00eb post edhe m\u00eb par\u00eb. VENDIMI N\u00eb mb\u00ebshtetje t\u00eb nenit [&hellip;]<\/p>\n","protected":false,"gt_translate_keys":[{"key":"rendered","format":"html"}]},"author":30,"featured_media":503474,"comment_status":"closed","ping_status":"closed","sticky":false,"template":"","format":"standard","meta":{"footnotes":""},"categories":[65,13],"tags":[],"class_list":["post-503472","post","type-post","status-publish","format-standard","has-post-thumbnail","hentry","category-lajme","category-te-fundit"],"gt_translate_keys":[{"key":"link","format":"url"}],"_links":{"self":[{"href":"https:\/\/www.hashtag.al\/index.php\/wp-json\/wp\/v2\/posts\/503472","targetHints":{"allow":["GET"]}}],"collection":[{"href":"https:\/\/www.hashtag.al\/index.php\/wp-json\/wp\/v2\/posts"}],"about":[{"href":"https:\/\/www.hashtag.al\/index.php\/wp-json\/wp\/v2\/types\/post"}],"author":[{"embeddable":true,"href":"https:\/\/www.hashtag.al\/index.php\/wp-json\/wp\/v2\/users\/30"}],"replies":[{"embeddable":true,"href":"https:\/\/www.hashtag.al\/index.php\/wp-json\/wp\/v2\/comments?post=503472"}],"version-history":[{"count":0,"href":"https:\/\/www.hashtag.al\/index.php\/wp-json\/wp\/v2\/posts\/503472\/revisions"}],"wp:featuredmedia":[{"embeddable":true,"href":"https:\/\/www.hashtag.al\/index.php\/wp-json\/wp\/v2\/media\/503474"}],"wp:attachment":[{"href":"https:\/\/www.hashtag.al\/index.php\/wp-json\/wp\/v2\/media?parent=503472"}],"wp:term":[{"taxonomy":"category","embeddable":true,"href":"https:\/\/www.hashtag.al\/index.php\/wp-json\/wp\/v2\/categories?post=503472"},{"taxonomy":"post_tag","embeddable":true,"href":"https:\/\/www.hashtag.al\/index.php\/wp-json\/wp\/v2\/tags?post=503472"}],"curies":[{"name":"wp","href":"https:\/\/api.w.org\/{rel}","templated":true}]}}