{"id":503453,"date":"2022-02-09T16:04:18","date_gmt":"2022-02-09T15:04:18","guid":{"rendered":"https:\/\/www.hashtag.al\/?p=503453"},"modified":"2022-02-09T16:04:18","modified_gmt":"2022-02-09T15:04:18","slug":"dyshohet-se-vrau-gruan-me-thiken-e-bukes-gjykata-le-ne-burg-50-vjecarin-petrit-mamaj","status":"publish","type":"post","link":"https:\/\/www.hashtag.al\/index.php\/2022\/02\/09\/dyshohet-se-vrau-gruan-me-thiken-e-bukes-gjykata-le-ne-burg-50-vjecarin-petrit-mamaj\/","title":{"rendered":"Dyshohet se vrau gruan me thik\u00ebn e buk\u00ebs, gjykata l\u00eb n\u00eb burg 50-vje\u00e7arin Petrit Mamaj","gt_translate_keys":[{"key":"rendered","format":"text"}]},"content":{"rendered":"<p><span style=\"color: #000000;\"><a href=\"https:\/\/www.hashtag.al\/wp-content\/uploads\/2022\/02\/mamaj.jpg\"><img loading=\"lazy\" decoding=\"async\" class=\"aligncenter size-full wp-image-503454\" src=\"https:\/\/www.hashtag.al\/wp-content\/uploads\/2022\/02\/mamaj.jpg\" alt=\"\" width=\"639\" height=\"351\" srcset=\"https:\/\/www.hashtag.al\/wp-content\/uploads\/2022\/02\/mamaj.jpg 639w, https:\/\/www.hashtag.al\/wp-content\/uploads\/2022\/02\/mamaj-300x165.jpg 300w\" sizes=\"auto, (max-width: 639px) 100vw, 639px\" \/><\/a><\/span><\/p>\n<p><span style=\"color: #000000;\">Petrit Mamaj, 56-vje\u00e7ari i dyshuar p\u00ebr vrasjen e bashk\u00ebshortes s\u00eb tij, Valentina Mamaj ka dal\u00eb sot para gjykat\u00ebs s\u00eb Fierit p\u00ebr t\u2019u njohur me mas\u00ebn e siguris\u00eb.<\/span><\/p>\n<p><span style=\"color: #000000;\">Trupa gjykuese vendosi mas\u00ebn e siguris\u00eb \u201carrest me burg\u201d p\u00ebr Mamajn, i cili e ka pranuar krimin edhe para togave t\u00eb zeza.<\/span><\/p>\n<p><span style=\"color: #000000;\">Ngjarja e r\u00ebnd\u00eb ndodhi m\u00ebngjesin e nj\u00eb dite m\u00eb par\u00eb n\u00eb lagjen Sheq i Madh n\u00eb Fier. \u00a0<\/span><\/p>\n<p><span style=\"color: #000000;\">Sikurse ka b\u00ebr\u00eb me dije avokati i tij, 56-vje\u00e7ari ka pretenduar se e ka vrar\u00eb gruan, pasi ajo kishte tentuar q\u00eb ta vriste nj\u00eb muaj m\u00eb par\u00eb duke i injektuar nj\u00eb gjilp\u00ebr\u00eb gjat\u00eb koh\u00ebs q\u00eb flinte.<\/span><\/p>\n<p><em><span style=\"color: #000000;\">\u201cTani mbaroi masa e sigurimit p\u00ebr t\u00eb ndalurin Petrit Mamaj. Reagimi i tij n\u00eb sall\u00ebn e gjykimit, ishte i tronditur, por e pranoi krimin q\u00eb kishte kryer. P\u00ebrshkroi krimin q\u00eb ndodhi n\u00eb or\u00ebn 06:00. Ishin acaruar\u00a0situata. Ai pretendonte se bashk\u00ebshortja me nj\u00eb njeriun e vet\u00eb i kishin b\u00ebr\u00eb nj\u00eb gjilp\u00ebr\u00eb n\u00eb gjum\u00eb. K\u00ebt\u00eb motiv e sqaroi edhe vet\u00eb n\u00eb seanc\u00eb. K\u00ebrkesa e prokurorit ishte e ligjshme. Ky krim ka indinjuar t\u00eb gjitha familjen. Ai \u00ebsht\u00eb dhe fqinja ime. <\/span><\/em><\/p>\n<p><em><span style=\"color: #000000;\">Kan\u00eb pasur divergjenca gjat\u00eb nj\u00eb periudhe t\u00eb caktuar, por jo n\u00eb k\u00ebto p\u00ebrmasa. Ishte i paekuilibruar. Me t\u00eb nuk flitej dhe as d\u00ebgjohej. Ai ishte i p\u00ebrgjegjshme. E kishte gjetur n\u00eb gjum\u00eb, pasi flinin t\u00eb ndar\u00eb gjat\u00eb k\u00ebsaj kohe. Ai kishte shkuar rreth or\u00ebs 6 n\u00eb m\u00ebngjes dhe i kishte th\u00ebn\u00eb se\u2019 \u2018pse ma keni b\u00ebr\u00eb gjilp\u00ebr\u00ebn\u201d.<\/span><\/em><\/p>\n<p><span style=\"color: #000000;\"><em>Gjat\u00eb k\u00ebsaj kohe kishte marr\u00eb dhe thik\u00ebn dhe e kishte goditur dhe e kishte l\u00ebn\u00eb t\u00eb vrar\u00eb. M\u00eb pas iku te nj\u00eb lokal dhe h\u00ebngri m\u00ebngjes dhe m\u00eb pas kishte shkuar te i v\u00ebllai dhe i kishte th\u00ebn\u00eb; ka vrar\u00eb veten. Pasi kishin b\u00ebr\u00eb ekzaminim mjeku ligjor, ai kishte pohuar se kishte kryer vrasjen, p\u00ebr motivet q\u00eb sqarova.\u201d-<\/em> tha avokati i Mamajt.<\/span><\/p>\n<p><span style=\"color: #000000;\">Fillimisht ngjarja u raportua si vet\u00ebvrajse m\u00ebngjesin e djesh\u00ebm, por nuk vonoi shum\u00eb q\u00eb policia t\u00eb korrigjonte njoftimin e saj, duke sqaruar se 50-vje\u00e7arja kishte nd\u00ebrruar jet\u00eb nga goditjet e shumta me thik\u00eb t\u00eb bashk\u00ebshortit t\u00eb saj.<\/span><\/p>\n","protected":false,"gt_translate_keys":[{"key":"rendered","format":"html"}]},"excerpt":{"rendered":"<p>Petrit Mamaj, 56-vje\u00e7ari i dyshuar p\u00ebr vrasjen e bashk\u00ebshortes s\u00eb tij, Valentina Mamaj ka dal\u00eb sot para gjykat\u00ebs s\u00eb Fierit p\u00ebr t\u2019u njohur me mas\u00ebn e siguris\u00eb. Trupa gjykuese vendosi mas\u00ebn e siguris\u00eb \u201carrest me burg\u201d p\u00ebr Mamajn, i cili e ka pranuar krimin edhe para togave t\u00eb zeza. Ngjarja e r\u00ebnd\u00eb ndodhi m\u00ebngjesin e [&hellip;]<\/p>\n","protected":false,"gt_translate_keys":[{"key":"rendered","format":"html"}]},"author":30,"featured_media":503454,"comment_status":"closed","ping_status":"closed","sticky":false,"template":"","format":"standard","meta":{"footnotes":""},"categories":[65,13],"tags":[],"class_list":["post-503453","post","type-post","status-publish","format-standard","has-post-thumbnail","hentry","category-lajme","category-te-fundit"],"gt_translate_keys":[{"key":"link","format":"url"}],"_links":{"self":[{"href":"https:\/\/www.hashtag.al\/index.php\/wp-json\/wp\/v2\/posts\/503453","targetHints":{"allow":["GET"]}}],"collection":[{"href":"https:\/\/www.hashtag.al\/index.php\/wp-json\/wp\/v2\/posts"}],"about":[{"href":"https:\/\/www.hashtag.al\/index.php\/wp-json\/wp\/v2\/types\/post"}],"author":[{"embeddable":true,"href":"https:\/\/www.hashtag.al\/index.php\/wp-json\/wp\/v2\/users\/30"}],"replies":[{"embeddable":true,"href":"https:\/\/www.hashtag.al\/index.php\/wp-json\/wp\/v2\/comments?post=503453"}],"version-history":[{"count":0,"href":"https:\/\/www.hashtag.al\/index.php\/wp-json\/wp\/v2\/posts\/503453\/revisions"}],"wp:featuredmedia":[{"embeddable":true,"href":"https:\/\/www.hashtag.al\/index.php\/wp-json\/wp\/v2\/media\/503454"}],"wp:attachment":[{"href":"https:\/\/www.hashtag.al\/index.php\/wp-json\/wp\/v2\/media?parent=503453"}],"wp:term":[{"taxonomy":"category","embeddable":true,"href":"https:\/\/www.hashtag.al\/index.php\/wp-json\/wp\/v2\/categories?post=503453"},{"taxonomy":"post_tag","embeddable":true,"href":"https:\/\/www.hashtag.al\/index.php\/wp-json\/wp\/v2\/tags?post=503453"}],"curies":[{"name":"wp","href":"https:\/\/api.w.org\/{rel}","templated":true}]}}