{"id":503429,"date":"2022-02-09T15:01:49","date_gmt":"2022-02-09T14:01:49","guid":{"rendered":"https:\/\/www.hashtag.al\/?p=503429"},"modified":"2022-02-09T15:03:42","modified_gmt":"2022-02-09T14:03:42","slug":"do-kujtohesh-si-njeriu-qe-risolli-diktaturen-si-iu-pergjigjet-rama-qytetareve-per-shembjet-e-banesave-te-5-maji","status":"publish","type":"post","link":"https:\/\/www.hashtag.al\/index.php\/2022\/02\/09\/do-kujtohesh-si-njeriu-qe-risolli-diktaturen-si-iu-pergjigjet-rama-qytetareve-per-shembjet-e-banesave-te-5-maji\/","title":{"rendered":"\u201cDo kujtohesh si njeriu q\u00eb risolli diktatur\u00ebn\u201d \u2013 Si iu p\u00ebrgjigjet Rama qytetar\u00ebve p\u00ebr shembjet e banesave te \u201c5 Maji\u201d","gt_translate_keys":[{"key":"rendered","format":"text"}]},"content":{"rendered":"<p><span style=\"color: #000000;\"><a href=\"https:\/\/www.hashtag.al\/wp-content\/uploads\/2022\/02\/rama-kom.png\"><img loading=\"lazy\" decoding=\"async\" class=\"aligncenter size-full wp-image-503432\" src=\"https:\/\/www.hashtag.al\/wp-content\/uploads\/2022\/02\/rama-kom.png\" alt=\"\" width=\"1636\" height=\"1130\" srcset=\"https:\/\/www.hashtag.al\/wp-content\/uploads\/2022\/02\/rama-kom.png 1636w, https:\/\/www.hashtag.al\/wp-content\/uploads\/2022\/02\/rama-kom-300x207.png 300w, https:\/\/www.hashtag.al\/wp-content\/uploads\/2022\/02\/rama-kom-1024x707.png 1024w, https:\/\/www.hashtag.al\/wp-content\/uploads\/2022\/02\/rama-kom-768x530.png 768w, https:\/\/www.hashtag.al\/wp-content\/uploads\/2022\/02\/rama-kom-1536x1061.png 1536w\" sizes=\"auto, (max-width: 1636px) 100vw, 1636px\" \/><\/a><\/span><\/p>\n<p><span style=\"color: #000000;\">Kryeministri Edi Rama ka reaguar lidhur me protest\u00ebn e banor\u00ebve te \u20185 Maji\u2019 q\u00eb kund\u00ebrshtojn\u00eb prishjen e banesave t\u00eb tyre n\u00eb kuad\u00ebr t\u00eb projektit t\u00eb Rind\u00ebrtimit.<\/span><\/p>\n<p><span style=\"color: #000000;\">Pasi nj\u00eb qytetare i konsideroi veprime jasht\u00eb \u00e7do logjike ato t\u00eb autoriteteve n\u00eb zon\u00ebn e \u201c<em>5 Majit\u201d<\/em> dhe e quajti at\u00eb <em>\u201cnjeriun q\u00eb risolli diktatur\u00ebn n\u00eb Shqip\u00ebri\u201d<\/em>, kryeministri Rama ka replikuar.<\/span><\/p>\n<p><span style=\"color: #000000;\">\u00a0Ai e pyet qytetaren se n\u00eb cil\u00ebn diktature shteti u jep banesa atyre q\u00eb i kan\u00eb nd\u00ebrtuar ato pa leje, pasi ua shemb. Rama shkruan se fyerjet nuk jan\u00eb argumenta dhe se p\u00ebrmendja e diktatur\u00ebs k\u00ebtu \u00ebsht\u00eb fyerje p\u00ebr t\u00eb gjitha viktimat e saj.<\/span><\/p>\n<p><span style=\"color: #000000;\"><em>\u201cN\u00eb cil\u00ebn diktatur\u00eb zonj\u00eb shteti t\u00eb jep sht\u00ebpi pasi t\u00eb prish banes\u00ebn pa leje dhe sa t\u00eb t\u00eb nd\u00ebrtohet sht\u00ebpia t\u00eb mban me qera, ku, kur ka ndodhur di\u00e7ka e till\u00eb? Fyerjet nuk jan\u00eb argumenta, nd\u00ebrsa p\u00ebrmendja e diktatur\u00ebs k\u00ebshtu pa lidhje fare \u00ebsht\u00eb fyerje p\u00ebr t\u00eb gjitha viktimat e diktatur\u00ebs!\u201d<\/em>&#8211; shkruan Rama.<\/span><\/p>\n<p><span style=\"color: #000000;\">Qytetarja ka replikuar p\u00ebrs\u00ebri duke th\u00ebn\u00eb se ajo nuk ka fyer por po thot\u00eb vet\u00ebm t\u00eb v\u00ebrtetat.<\/span><\/p>\n<p><span style=\"color: #000000;\"><strong>BISEDA:<\/strong><\/span><\/p>\n<p><a href=\"https:\/\/www.hashtag.al\/wp-content\/uploads\/2022\/02\/biseda.jpg\"><img loading=\"lazy\" decoding=\"async\" class=\"aligncenter size-full wp-image-503431\" src=\"https:\/\/www.hashtag.al\/wp-content\/uploads\/2022\/02\/biseda.jpg\" alt=\"\" width=\"461\" height=\"500\" srcset=\"https:\/\/www.hashtag.al\/wp-content\/uploads\/2022\/02\/biseda.jpg 461w, https:\/\/www.hashtag.al\/wp-content\/uploads\/2022\/02\/biseda-277x300.jpg 277w\" sizes=\"auto, (max-width: 461px) 100vw, 461px\" \/><\/a><a href=\"https:\/\/www.hashtag.al\/wp-content\/uploads\/2022\/02\/biseda-2.jpg\"><img loading=\"lazy\" decoding=\"async\" class=\"aligncenter size-full wp-image-503430\" src=\"https:\/\/www.hashtag.al\/wp-content\/uploads\/2022\/02\/biseda-2.jpg\" alt=\"\" width=\"428\" height=\"213\" srcset=\"https:\/\/www.hashtag.al\/wp-content\/uploads\/2022\/02\/biseda-2.jpg 428w, https:\/\/www.hashtag.al\/wp-content\/uploads\/2022\/02\/biseda-2-300x149.jpg 300w\" sizes=\"auto, (max-width: 428px) 100vw, 428px\" \/><\/a><\/p>\n","protected":false,"gt_translate_keys":[{"key":"rendered","format":"html"}]},"excerpt":{"rendered":"<p>Kryeministri Edi Rama ka reaguar lidhur me protest\u00ebn e banor\u00ebve te \u20185 Maji\u2019 q\u00eb kund\u00ebrshtojn\u00eb prishjen e banesave t\u00eb tyre n\u00eb kuad\u00ebr t\u00eb projektit t\u00eb Rind\u00ebrtimit. Pasi nj\u00eb qytetare i konsideroi veprime jasht\u00eb \u00e7do logjike ato t\u00eb autoriteteve n\u00eb zon\u00ebn e \u201c5 Majit\u201d dhe e quajti at\u00eb \u201cnjeriun q\u00eb risolli diktatur\u00ebn n\u00eb Shqip\u00ebri\u201d, kryeministri Rama [&hellip;]<\/p>\n","protected":false,"gt_translate_keys":[{"key":"rendered","format":"html"}]},"author":30,"featured_media":503432,"comment_status":"closed","ping_status":"closed","sticky":false,"template":"","format":"standard","meta":{"footnotes":""},"categories":[65,13],"tags":[],"class_list":["post-503429","post","type-post","status-publish","format-standard","has-post-thumbnail","hentry","category-lajme","category-te-fundit"],"gt_translate_keys":[{"key":"link","format":"url"}],"_links":{"self":[{"href":"https:\/\/www.hashtag.al\/index.php\/wp-json\/wp\/v2\/posts\/503429","targetHints":{"allow":["GET"]}}],"collection":[{"href":"https:\/\/www.hashtag.al\/index.php\/wp-json\/wp\/v2\/posts"}],"about":[{"href":"https:\/\/www.hashtag.al\/index.php\/wp-json\/wp\/v2\/types\/post"}],"author":[{"embeddable":true,"href":"https:\/\/www.hashtag.al\/index.php\/wp-json\/wp\/v2\/users\/30"}],"replies":[{"embeddable":true,"href":"https:\/\/www.hashtag.al\/index.php\/wp-json\/wp\/v2\/comments?post=503429"}],"version-history":[{"count":0,"href":"https:\/\/www.hashtag.al\/index.php\/wp-json\/wp\/v2\/posts\/503429\/revisions"}],"wp:featuredmedia":[{"embeddable":true,"href":"https:\/\/www.hashtag.al\/index.php\/wp-json\/wp\/v2\/media\/503432"}],"wp:attachment":[{"href":"https:\/\/www.hashtag.al\/index.php\/wp-json\/wp\/v2\/media?parent=503429"}],"wp:term":[{"taxonomy":"category","embeddable":true,"href":"https:\/\/www.hashtag.al\/index.php\/wp-json\/wp\/v2\/categories?post=503429"},{"taxonomy":"post_tag","embeddable":true,"href":"https:\/\/www.hashtag.al\/index.php\/wp-json\/wp\/v2\/tags?post=503429"}],"curies":[{"name":"wp","href":"https:\/\/api.w.org\/{rel}","templated":true}]}}