{"id":503304,"date":"2022-02-09T07:44:16","date_gmt":"2022-02-09T06:44:16","guid":{"rendered":"https:\/\/www.hashtag.al\/?p=503304"},"modified":"2022-02-09T07:47:51","modified_gmt":"2022-02-09T06:47:51","slug":"lukashenko-ka-pasur-ne-nderhyrje-hyjnore-ne-jeten-time-para-se-te-behesha-presidenti-zoti-e-vendosi-kete","status":"publish","type":"post","link":"https:\/\/www.hashtag.al\/index.php\/2022\/02\/09\/lukashenko-ka-pasur-ne-nderhyrje-hyjnore-ne-jeten-time-para-se-te-behesha-presidenti-zoti-e-vendosi-kete\/","title":{"rendered":"Lukashenko: Ka pasur nj\u00eb nd\u00ebrhyrje hyjnore para se t\u00eb b\u00ebhesha president, Zoti e vendosi rolin tim","gt_translate_keys":[{"key":"rendered","format":"text"}]},"content":{"rendered":"<p><span style=\"color: #000000;\"><img loading=\"lazy\" decoding=\"async\" class=\"aligncenter size-full wp-image-503305\" src=\"https:\/\/www.hashtag.al\/wp-content\/uploads\/2022\/02\/luka.jpg\" alt=\"\" width=\"768\" height=\"432\" srcset=\"https:\/\/www.hashtag.al\/wp-content\/uploads\/2022\/02\/luka.jpg 768w, https:\/\/www.hashtag.al\/wp-content\/uploads\/2022\/02\/luka-300x169.jpg 300w\" sizes=\"auto, (max-width: 768px) 100vw, 768px\" \/><\/span><\/p>\n<p><span style=\"color: #000000;\">Presidenti i Bjellorusis\u00eb, Lukashenko, pati nj\u00eb nd\u00ebrhyrje hyjnore kur mori detyr\u00ebn kryesore t\u00eb vendit t\u00eb tij pothuajse tre dekada m\u00eb par\u00eb dhe vazhdon t\u00eb ket\u00eb mb\u00ebshtetjen e nj\u00eb fuqie t\u00eb mbinatyrshme n\u00eb misionin e tij, ka pohuar politikani bombastik.<\/span><\/p>\n<p><span style=\"color: #000000;\">Duke folur n\u00eb nj\u00eb intervist\u00eb ekskluzive t\u00eb transmetuar t\u00eb h\u00ebn\u00ebn, presidenti i ish-Republik\u00ebs Sovjetike paraqiti pik\u00ebpamjet e tij teologjike dhe dha nj\u00eb p\u00ebrgjigje joortodokse se \u00e7far\u00eb \u2018pasaporte\u2019 ka t\u00eb ngjar\u00eb t\u00eb ket\u00eb hyjnia e tij.<\/span><\/p>\n<p><span style=\"color: #000000;\">Sipas Lukashenkos, Zoti nuk \u00ebsht\u00eb bjellorus vet\u00ebm \u2018sot\u2019, por ka qen\u00eb prej dekadash.<\/span><\/p>\n<p><span style=\"color: #000000;\"><em>&#8220;Ai m\u00eb hodhi n\u00eb at\u00eb tigan n\u00eb mesin e viteve &#8217;90.&#8221;<\/em> &#8211; tha lideri, duke iu referuar pranimit t\u00eb tij n\u00eb pushtet n\u00eb 1994.<\/span><\/p>\n<p><span style=\"color: #000000;\"><em>&#8220;Ai ende m\u00eb ndihmon her\u00eb pas here.&#8221;<\/em><\/span><\/p>\n<p><span style=\"color: #000000;\">Presidenti ka cuditur jo pak me nj\u00eb s\u00ebr\u00eb komentesh p\u00ebr qeverisjen e vendit. N\u00eb fund t\u00eb janarit, Lukashenko b\u00ebri shaka se ai \u00ebsht\u00eb \u2018nj\u00eb diktator\u2019 dhe se demokracia \u00ebsht\u00eb nj\u00eb koncept i v\u00ebshtir\u00eb p\u00ebr t\u00eb.<\/span><\/p>\n<p><span style=\"color: #000000;\">V\u00ebrejtjet e tij vijn\u00eb nj\u00eb vit e gjysm\u00eb pas nj\u00eb zgjedhjeje presidenciale t\u00eb diskutueshme q\u00eb pa dhjet\u00ebra mij\u00ebra njer\u00ebz q\u00eb dol\u00ebn n\u00eb rrug\u00eb p\u00ebr t\u00eb k\u00ebrkuar rivotim me pretendimin e opozit\u00ebs dhe v\u00ebzhguesve nd\u00ebrkomb\u00ebtar\u00eb se zgjedhjet ishin manipuluar.<\/span><\/p>\n","protected":false,"gt_translate_keys":[{"key":"rendered","format":"html"}]},"excerpt":{"rendered":"<p>Presidenti i Bjellorusis\u00eb, Lukashenko, pati nj\u00eb nd\u00ebrhyrje hyjnore kur mori detyr\u00ebn kryesore t\u00eb vendit t\u00eb tij pothuajse tre dekada m\u00eb par\u00eb dhe vazhdon t\u00eb ket\u00eb mb\u00ebshtetjen e nj\u00eb fuqie t\u00eb mbinatyrshme n\u00eb misionin e tij, ka pohuar politikani bombastik. Duke folur n\u00eb nj\u00eb intervist\u00eb ekskluzive t\u00eb transmetuar t\u00eb h\u00ebn\u00ebn, presidenti i ish-Republik\u00ebs Sovjetike paraqiti pik\u00ebpamjet [&hellip;]<\/p>\n","protected":false,"gt_translate_keys":[{"key":"rendered","format":"html"}]},"author":51,"featured_media":503305,"comment_status":"closed","ping_status":"closed","sticky":false,"template":"","format":"standard","meta":{"footnotes":""},"categories":[53],"tags":[],"class_list":["post-503304","post","type-post","status-publish","format-standard","has-post-thumbnail","hentry","category-fast-foodi"],"gt_translate_keys":[{"key":"link","format":"url"}],"_links":{"self":[{"href":"https:\/\/www.hashtag.al\/index.php\/wp-json\/wp\/v2\/posts\/503304","targetHints":{"allow":["GET"]}}],"collection":[{"href":"https:\/\/www.hashtag.al\/index.php\/wp-json\/wp\/v2\/posts"}],"about":[{"href":"https:\/\/www.hashtag.al\/index.php\/wp-json\/wp\/v2\/types\/post"}],"author":[{"embeddable":true,"href":"https:\/\/www.hashtag.al\/index.php\/wp-json\/wp\/v2\/users\/51"}],"replies":[{"embeddable":true,"href":"https:\/\/www.hashtag.al\/index.php\/wp-json\/wp\/v2\/comments?post=503304"}],"version-history":[{"count":0,"href":"https:\/\/www.hashtag.al\/index.php\/wp-json\/wp\/v2\/posts\/503304\/revisions"}],"wp:featuredmedia":[{"embeddable":true,"href":"https:\/\/www.hashtag.al\/index.php\/wp-json\/wp\/v2\/media\/503305"}],"wp:attachment":[{"href":"https:\/\/www.hashtag.al\/index.php\/wp-json\/wp\/v2\/media?parent=503304"}],"wp:term":[{"taxonomy":"category","embeddable":true,"href":"https:\/\/www.hashtag.al\/index.php\/wp-json\/wp\/v2\/categories?post=503304"},{"taxonomy":"post_tag","embeddable":true,"href":"https:\/\/www.hashtag.al\/index.php\/wp-json\/wp\/v2\/tags?post=503304"}],"curies":[{"name":"wp","href":"https:\/\/api.w.org\/{rel}","templated":true}]}}