{"id":502892,"date":"2022-02-07T12:30:21","date_gmt":"2022-02-07T11:30:21","guid":{"rendered":"https:\/\/www.hashtag.al\/?p=502892"},"modified":"2022-02-07T11:54:58","modified_gmt":"2022-02-07T10:54:58","slug":"e-gjithe-vemendja-te-covid-19-be-perballet-me-nje-milion-raste-te-padiagnostikuara-me-kancer-von-der-leyen","status":"publish","type":"post","link":"https:\/\/www.hashtag.al\/index.php\/2022\/02\/07\/e-gjithe-vemendja-te-covid-19-be-perballet-me-nje-milion-raste-te-padiagnostikuara-me-kancer-von-der-leyen\/","title":{"rendered":"\u201cE gjith\u00eb v\u00ebmendja te Covid-19, BE p\u00ebrballet me nj\u00eb milion raste t\u00eb padiagnostikuara me kancer\u201d &#8211; Von der Leyen","gt_translate_keys":[{"key":"rendered","format":"text"}]},"content":{"rendered":"<p><span style=\"color: #000000;\"><img loading=\"lazy\" decoding=\"async\" class=\"aligncenter size-full wp-image-366410\" src=\"https:\/\/www.hashtag.al\/wp-content\/uploads\/2020\/04\/von-der-leyen.jpg\" alt=\"\" width=\"700\" height=\"394\" srcset=\"https:\/\/www.hashtag.al\/wp-content\/uploads\/2020\/04\/von-der-leyen.jpg 700w, https:\/\/www.hashtag.al\/wp-content\/uploads\/2020\/04\/von-der-leyen-300x169.jpg 300w\" sizes=\"auto, (max-width: 700px) 100vw, 700px\" \/><\/span><\/p>\n<p><span style=\"color: #000000;\">Presidentja e Komisionit Evropian Ursula von der Leyen ka th\u00ebn\u00eb se 100 milion\u00eb teste depistimi t\u00eb kancerit nuk jan\u00eb kryer p\u00ebr shkak t\u00eb ndikimit t\u00eb pandemis\u00eb Covid n\u00eb sh\u00ebrbimet sh\u00ebndet\u00ebsore, duke vonuar diagnozat dhe referimet p\u00ebr trajtim n\u00eb t\u00eb gjith\u00eb kontinentin.<\/span><\/p>\n<p><span style=\"color: #000000;\"><em>&#8220;Kjo do t\u00eb thot\u00eb se rreth nj\u00eb milion raste mund t\u00eb jen\u00eb t\u00eb padiagnostikuara n\u00eb Evrop\u00eb,&#8221;<\/em> pohoi shefja e Komisionit Evropian.<\/span><\/p>\n<p><span style=\"color: #000000;\">Von der Leyen ka njoftuar se BE-ja do t\u00eb nis\u00eb nj\u00eb regjist\u00ebr t\u00eb pabarazis\u00eb s\u00eb kancerit p\u00ebr t\u00eb adresuar normat e ndryshme t\u00eb vdekjeve n\u00eb t\u00eb gjith\u00eb bllokun, si pjes\u00eb e veprimit p\u00ebr t\u00eb zvog\u00ebluar ndikimin n\u00eb rritje t\u00eb s\u00ebmundjes.<\/span><\/p>\n<p><span style=\"color: #000000;\"><em>&#8220;Do t\u00eb identifikoj\u00eb tendencat e pabarazit\u00eb midis shteteve an\u00ebtare dhe rajoneve, n\u00eb m\u00ebnyr\u00eb q\u00eb t\u00eb mund t\u00eb ofrojm\u00eb m\u00eb mir\u00eb mb\u00ebshtetjen ton\u00eb,&#8221;<\/em> deklaroi von der Leyen, pasi zyrtar\u00ebt parashikojn\u00eb se vdekjet nga kanceri mund t\u00eb rriten deri n\u00eb nj\u00eb t\u00eb tret\u00ebn deri n\u00eb vitin 2040.<\/span><\/p>\n<p><span style=\"color: #000000;\">Organizata Bot\u00ebrore e Sh\u00ebndet\u00ebsis\u00eb (OBSH) e ka identifikuar kancerin si nj\u00eb nga shkaqet kryesore t\u00eb vdekshm\u00ebris\u00eb dhe s\u00ebmundshm\u00ebris\u00eb n\u00eb rajonin evropian, q\u00eb p\u00ebrb\u00ebn m\u00eb shum\u00eb se 20% t\u00eb t\u00eb gjitha vdekjeve. N\u00eb vitin 2020, 2.7 milion\u00eb njer\u00ebz u diagnostikuan me kancer n\u00eb t\u00eb gjith\u00eb BE-n\u00eb, nd\u00ebrsa 1.3 milion\u00eb vdiq\u00ebn nga s\u00ebmundja.<\/span><\/p>\n<p><span style=\"color: #000000;\">Duke folur p\u00ebrpara Dit\u00ebs Bot\u00ebrore t\u00eb Kancerit, Drejtori Rajonal i OBSH-s\u00eb p\u00ebr Evrop\u00ebn Dr. Hans Kluge pohoi se shqyrtimi, diagnostikimi dhe trajtimi i kancerit \u2018vuajt\u00ebn n\u00eb nj\u00eb m\u00ebnyr\u00eb t\u00eb paprecedent\u00eb pasi sh\u00ebrbimet sh\u00ebndet\u00ebsore kan\u00eb luftuar p\u00ebr t&#8217;iu p\u00ebrgjigjur pandemis\u00eb Covid-19\u2019.<\/span><\/p>\n<p><span style=\"color: #000000;\">Duke cituar t\u00eb dh\u00ebna zyrtare n\u00eb t\u00eb gjith\u00eb rajonin evropian nga dy vitet e fundit, Kluge theksoi se si diagnoza e tumoreve invazive ra me 44% n\u00eb Belgjik\u00eb, depistimi kolorektal ra me 46% n\u00eb Itali dhe diagnozat e kancerit ishin 34% m\u00eb t\u00eb ul\u00ebta se sa pritej n\u00eb Spanj\u00eb.<\/span><\/p>\n","protected":false,"gt_translate_keys":[{"key":"rendered","format":"html"}]},"excerpt":{"rendered":"<p>Presidentja e Komisionit Evropian Ursula von der Leyen ka th\u00ebn\u00eb se 100 milion\u00eb teste depistimi t\u00eb kancerit nuk jan\u00eb kryer p\u00ebr shkak t\u00eb ndikimit t\u00eb pandemis\u00eb Covid n\u00eb sh\u00ebrbimet sh\u00ebndet\u00ebsore, duke vonuar diagnozat dhe referimet p\u00ebr trajtim n\u00eb t\u00eb gjith\u00eb kontinentin. &#8220;Kjo do t\u00eb thot\u00eb se rreth nj\u00eb milion raste mund t\u00eb jen\u00eb t\u00eb padiagnostikuara [&hellip;]<\/p>\n","protected":false,"gt_translate_keys":[{"key":"rendered","format":"html"}]},"author":51,"featured_media":366410,"comment_status":"closed","ping_status":"closed","sticky":false,"template":"","format":"standard","meta":{"footnotes":""},"categories":[53],"tags":[],"class_list":["post-502892","post","type-post","status-publish","format-standard","has-post-thumbnail","hentry","category-fast-foodi"],"gt_translate_keys":[{"key":"link","format":"url"}],"_links":{"self":[{"href":"https:\/\/www.hashtag.al\/index.php\/wp-json\/wp\/v2\/posts\/502892","targetHints":{"allow":["GET"]}}],"collection":[{"href":"https:\/\/www.hashtag.al\/index.php\/wp-json\/wp\/v2\/posts"}],"about":[{"href":"https:\/\/www.hashtag.al\/index.php\/wp-json\/wp\/v2\/types\/post"}],"author":[{"embeddable":true,"href":"https:\/\/www.hashtag.al\/index.php\/wp-json\/wp\/v2\/users\/51"}],"replies":[{"embeddable":true,"href":"https:\/\/www.hashtag.al\/index.php\/wp-json\/wp\/v2\/comments?post=502892"}],"version-history":[{"count":0,"href":"https:\/\/www.hashtag.al\/index.php\/wp-json\/wp\/v2\/posts\/502892\/revisions"}],"wp:featuredmedia":[{"embeddable":true,"href":"https:\/\/www.hashtag.al\/index.php\/wp-json\/wp\/v2\/media\/366410"}],"wp:attachment":[{"href":"https:\/\/www.hashtag.al\/index.php\/wp-json\/wp\/v2\/media?parent=502892"}],"wp:term":[{"taxonomy":"category","embeddable":true,"href":"https:\/\/www.hashtag.al\/index.php\/wp-json\/wp\/v2\/categories?post=502892"},{"taxonomy":"post_tag","embeddable":true,"href":"https:\/\/www.hashtag.al\/index.php\/wp-json\/wp\/v2\/tags?post=502892"}],"curies":[{"name":"wp","href":"https:\/\/api.w.org\/{rel}","templated":true}]}}