{"id":502847,"date":"2022-02-06T23:10:14","date_gmt":"2022-02-06T22:10:14","guid":{"rendered":"https:\/\/www.hashtag.al\/?p=502847"},"modified":"2022-02-06T23:10:14","modified_gmt":"2022-02-06T22:10:14","slug":"kryeqyteti-kanadez-shpall-gjendjen-e-jashtezakonshme-per-protestat-e-karvanit-te-lirise","status":"publish","type":"post","link":"https:\/\/www.hashtag.al\/index.php\/2022\/02\/06\/kryeqyteti-kanadez-shpall-gjendjen-e-jashtezakonshme-per-protestat-e-karvanit-te-lirise\/","title":{"rendered":"Kryeqyteti kanadez shpall gjendjen e jasht\u00ebzakonshme p\u00ebr protestat e Karvanit t\u00eb Liris\u00eb","gt_translate_keys":[{"key":"rendered","format":"text"}]},"content":{"rendered":"<p style=\"text-align: justify;\"><span style=\"color: #000000;\"><img loading=\"lazy\" decoding=\"async\" class=\"size-full wp-image-502848 aligncenter\" src=\"https:\/\/www.hashtag.al\/wp-content\/uploads\/2022\/02\/karvani-i-lirise-protesta.jpeg\" alt=\"\" width=\"768\" height=\"432\" srcset=\"https:\/\/www.hashtag.al\/wp-content\/uploads\/2022\/02\/karvani-i-lirise-protesta.jpeg 768w, https:\/\/www.hashtag.al\/wp-content\/uploads\/2022\/02\/karvani-i-lirise-protesta-300x169.jpeg 300w\" sizes=\"auto, (max-width: 768px) 100vw, 768px\" \/><\/span><\/p>\n<p style=\"text-align: justify;\"><span style=\"color: #000000;\">Kryetari i bashkis\u00eb s\u00eb Otav\u00ebs, Jim Watson, ka shpallur gjendjen e jasht\u00ebzakonshme, duke p\u00ebrmendur &#8220;rrezik dhe k\u00ebrc\u00ebnim serioz p\u00ebr sigurin\u00eb dhe sigurin\u00eb e banor\u00ebve&#8221;, pasi kamionist\u00ebt e Karvanit t\u00eb Liris\u00eb dhe mb\u00ebshtet\u00ebsit e tyre k\u00ebmb\u00ebsor\u00eb vazhdojn\u00eb t\u00eb pushtojn\u00eb kryeqytetin.<\/span><\/p>\n<p style=\"text-align: justify;\"><span style=\"color: #000000;\">L\u00ebvizja vjen pasi Watson u ankua m\u00eb her\u00ebt t\u00eb diel\u00ebn se policia ishte m\u00eb e madhe se demonstruesit dhe tregoi se d\u00ebshiron q\u00eb qeveria federale t\u00eb ndihmoj\u00eb n\u00eb shtypjen e protest\u00ebs.<\/span><\/p>\n<p style=\"text-align: justify;\"><span style=\"color: #000000;\">&#8220;Situata n\u00eb k\u00ebt\u00eb pik\u00eb \u00ebsht\u00eb plot\u00ebsisht jasht\u00eb kontrollit sepse individ\u00ebt me protest\u00eb po b\u00ebjn\u00eb t\u00eb sht\u00ebna,&#8221; tha Watson p\u00ebr radion Newstalk. \u201cAta kan\u00eb shum\u00eb m\u00eb shum\u00eb njer\u00ebz sesa ne oficer\u00eb policie dhe un\u00eb i kam treguar shefit se ne duhet t\u00eb jemi shum\u00eb m\u00eb t\u00eb shkath\u00ebt dhe m\u00eb proaktiv\u00eb kur b\u00ebhet fjal\u00eb p\u00ebr k\u00ebto aktivitete.\u201d<\/span><\/p>\n<p style=\"text-align: justify;\"><span style=\"color: #000000;\">P\u00ebrpara se t\u00eb shpallte urgjenc\u00ebn, Watson iu lut qeveris\u00eb federale q\u00eb &#8220;t\u00eb ulet dhe t\u00eb ket\u00eb nj\u00eb lloj diskutimi, nj\u00eb lloj nd\u00ebrmjet\u00ebsimi p\u00ebr t\u00eb zgjidhur k\u00ebt\u00eb situat\u00eb sepse tani po p\u00ebrhapet n\u00eb t\u00eb gjith\u00eb vendin&#8221;.<\/span><\/p>\n<p style=\"text-align: justify;\"><span style=\"color: #000000;\">Deklaratat e Watson i b\u00ebn\u00eb jehon\u00eb nj\u00eb pranimi nga shefi i policis\u00eb Peter Sloly t\u00eb shtun\u00ebn. &#8220;Ne nuk kemi burime t\u00eb mjaftueshme p\u00ebr t\u00eb trajtuar n\u00eb m\u00ebnyr\u00eb adekuate dhe efektive k\u00ebt\u00eb situat\u00eb duke ofruar n\u00eb m\u00ebnyr\u00eb adekuate dhe efektive policin\u00eb n\u00eb k\u00ebt\u00eb qytet,&#8221; tha polici i lart\u00eb gjat\u00eb nj\u00eb takimi me Bordin e Sh\u00ebrbimeve t\u00eb Policis\u00eb s\u00eb Otav\u00ebs. Duke iu referuar demonstrat\u00ebs si nj\u00eb &#8220;rrethim&#8221;, ai k\u00ebmb\u00ebnguli se ishte &#8220;di\u00e7ka q\u00eb \u00ebsht\u00eb e ndryshme n\u00eb demokracin\u00eb ton\u00eb nga ajo q\u00eb kam p\u00ebrjetuar ndonj\u00ebher\u00eb n\u00eb jet\u00ebn time&#8221;.<\/span><\/p>\n","protected":false,"gt_translate_keys":[{"key":"rendered","format":"html"}]},"excerpt":{"rendered":"<p>Kryetari i bashkis\u00eb s\u00eb Otav\u00ebs, Jim Watson, ka shpallur gjendjen e jasht\u00ebzakonshme, duke p\u00ebrmendur &#8220;rrezik dhe k\u00ebrc\u00ebnim serioz p\u00ebr sigurin\u00eb dhe sigurin\u00eb e banor\u00ebve&#8221;, pasi kamionist\u00ebt e Karvanit t\u00eb Liris\u00eb dhe mb\u00ebshtet\u00ebsit e tyre k\u00ebmb\u00ebsor\u00eb vazhdojn\u00eb t\u00eb pushtojn\u00eb kryeqytetin. L\u00ebvizja vjen pasi Watson u ankua m\u00eb her\u00ebt t\u00eb diel\u00ebn se policia ishte m\u00eb e madhe [&hellip;]<\/p>\n","protected":false,"gt_translate_keys":[{"key":"rendered","format":"html"}]},"author":32,"featured_media":502848,"comment_status":"closed","ping_status":"closed","sticky":false,"template":"","format":"standard","meta":{"footnotes":""},"categories":[6,13],"tags":[],"class_list":["post-502847","post","type-post","status-publish","format-standard","has-post-thumbnail","hentry","category-nderkombetare","category-te-fundit"],"gt_translate_keys":[{"key":"link","format":"url"}],"_links":{"self":[{"href":"https:\/\/www.hashtag.al\/index.php\/wp-json\/wp\/v2\/posts\/502847","targetHints":{"allow":["GET"]}}],"collection":[{"href":"https:\/\/www.hashtag.al\/index.php\/wp-json\/wp\/v2\/posts"}],"about":[{"href":"https:\/\/www.hashtag.al\/index.php\/wp-json\/wp\/v2\/types\/post"}],"author":[{"embeddable":true,"href":"https:\/\/www.hashtag.al\/index.php\/wp-json\/wp\/v2\/users\/32"}],"replies":[{"embeddable":true,"href":"https:\/\/www.hashtag.al\/index.php\/wp-json\/wp\/v2\/comments?post=502847"}],"version-history":[{"count":0,"href":"https:\/\/www.hashtag.al\/index.php\/wp-json\/wp\/v2\/posts\/502847\/revisions"}],"wp:featuredmedia":[{"embeddable":true,"href":"https:\/\/www.hashtag.al\/index.php\/wp-json\/wp\/v2\/media\/502848"}],"wp:attachment":[{"href":"https:\/\/www.hashtag.al\/index.php\/wp-json\/wp\/v2\/media?parent=502847"}],"wp:term":[{"taxonomy":"category","embeddable":true,"href":"https:\/\/www.hashtag.al\/index.php\/wp-json\/wp\/v2\/categories?post=502847"},{"taxonomy":"post_tag","embeddable":true,"href":"https:\/\/www.hashtag.al\/index.php\/wp-json\/wp\/v2\/tags?post=502847"}],"curies":[{"name":"wp","href":"https:\/\/api.w.org\/{rel}","templated":true}]}}