{"id":502790,"date":"2022-02-06T16:41:19","date_gmt":"2022-02-06T15:41:19","guid":{"rendered":"https:\/\/www.hashtag.al\/?p=502790"},"modified":"2022-02-06T16:41:19","modified_gmt":"2022-02-06T15:41:19","slug":"lsi-distancohemi-nga-lufta-e-brendshme-ne-pd-basha-nuk-eshte-opozitar-i-vertete-interesi-i-tij-te-firmose-marreveshje-financiare-me-ramen","status":"publish","type":"post","link":"https:\/\/www.hashtag.al\/index.php\/2022\/02\/06\/lsi-distancohemi-nga-lufta-e-brendshme-ne-pd-basha-nuk-eshte-opozitar-i-vertete-interesi-i-tij-te-firmose-marreveshje-financiare-me-ramen\/","title":{"rendered":"LSI: Distancohemi nga lufta e brendshme n\u00eb PD. Basha nuk \u00ebsht\u00eb opozitar i v\u00ebrtet\u00eb, interesi i tij t\u00eb firmos\u00eb marr\u00ebveshje financiare me Ram\u00ebn","gt_translate_keys":[{"key":"rendered","format":"text"}]},"content":{"rendered":"<p style=\"text-align: justify;\"><span style=\"color: #000000;\"><img loading=\"lazy\" decoding=\"async\" class=\"aligncenter size-full wp-image-276482\" src=\"https:\/\/www.hashtag.al\/wp-content\/uploads\/2019\/02\/basha-kryemadhi.jpg\" alt=\"\" width=\"2913\" height=\"1857\" srcset=\"https:\/\/www.hashtag.al\/wp-content\/uploads\/2019\/02\/basha-kryemadhi.jpg 2913w, https:\/\/www.hashtag.al\/wp-content\/uploads\/2019\/02\/basha-kryemadhi-300x191.jpg 300w, https:\/\/www.hashtag.al\/wp-content\/uploads\/2019\/02\/basha-kryemadhi-768x490.jpg 768w, https:\/\/www.hashtag.al\/wp-content\/uploads\/2019\/02\/basha-kryemadhi-1024x653.jpg 1024w\" sizes=\"auto, (max-width: 2913px) 100vw, 2913px\" \/><\/span><\/p>\n<p style=\"text-align: justify;\"><span style=\"color: #000000;\">Mes PD-s\u00eb dhe LSI-s\u00eb vijojn\u00eb replikat kund\u00ebr nj\u00ebra tjetr\u00ebs sidomos tani pas bashkimit t\u00eb Sali Berish\u00ebs p\u00ebr zgjedhjet e pjesshme vendore t\u00eb 6 marsit.<\/span><\/p>\n<p style=\"text-align: justify;\"><span style=\"color: #000000;\">Pas deklarat\u00ebs s\u00eb PD-s\u00eb se kanidat\u00ebt e Berish\u00ebs jan\u00eb t\u00eb LSI-s\u00eb dhe nuk p\u00ebrfaq\u00ebsojn\u00eb demokrat\u00ebt, LSI-ja thot\u00eb se distancohet nga lufta e brendshme mes Bash\u00ebs dhe Berish\u00ebs.<\/span><\/p>\n<p style=\"text-align: justify;\"><span style=\"color: #000000;\">Madje n\u00eb deklarat\u00eb LSI-ja e njeh Bash\u00ebn tashm\u00eb prej koh\u00ebs si deputet dhe jo si drejtues t\u00eb PD-s\u00eb duke shtuar se \u201can\u00ebtar\u00ebt dhe drejtuesit e saj e kan\u00eb shkakruar at\u00eb\u201d.<\/span><\/p>\n<p style=\"text-align: justify;\"><span style=\"color: #000000;\">LSI-ja thot\u00eb m\u00eb tej se luftrat brenda opozit\u00ebs i sh\u00ebrbejn\u00eb vet\u00ebm Kryeministrit Edi Rama.<\/span><\/p>\n<p style=\"text-align: justify;\"><span style=\"color: #000000;\">\u201c<em>LSI distancohet dhe nuk ka asnj\u00eb rol n\u00eb luft\u00ebn e brendshme q\u00eb deputeti Basha ka nisur ndaj liderit historik t\u00eb PD si dhe ndaj deputet\u00ebve, drejtuesve e an\u00ebtar\u00ebve t\u00eb PD, q\u00eb kan\u00eb votuar shkarkimin e tij. <\/em><\/span><\/p>\n<p style=\"text-align: justify;\"><span style=\"color: #000000;\"><em>Luftra t\u00eb tilla p\u00ebr\u00e7ar\u00ebse brenda opozit\u00ebs, i sh\u00ebrbejn\u00eb vet\u00ebm Ram\u00ebs.<\/em><\/span><\/p>\n<p style=\"text-align: justify;\"><span style=\"color: #000000;\"><em>Deputeti Basha nuk \u00ebsht\u00eb opozitar i v\u00ebrtet\u00eb, dhe nuk ka asnj\u00eb lidhje me opozitar\u00ebt e v\u00ebrtet\u00eb, brenda apo jasht\u00eb Partis\u00eb Demokratike. <\/em><\/span><\/p>\n<p style=\"text-align: justify;\"><span style=\"color: #000000;\"><em>LSI e ka b\u00ebr\u00eb kryetar bashkie n\u00eb 2011 deputetin Basha, e m\u00eb par\u00eb Minist\u00ebr n\u00eb qeverisjen e suksesshme PD-LSI 2009-2013. <\/em><\/span><\/p>\n<p style=\"text-align: justify;\"><span style=\"color: #000000;\"><em>LSI i ofroi bashk\u00ebpunim pakushte deputetit Basha n\u00eb opozit\u00ebn 2017-2021. <\/em><\/span><\/p>\n<p style=\"text-align: justify;\"><span style=\"color: #000000;\"><em>N\u00ebse ai do t\u2019i q\u00ebndronte fjal\u00ebs me LSI dhe demokrat\u00ebt e protestave m\u00eb madh\u00ebshtore q\u00eb ka njohur Shqip\u00ebria, sot ai do t\u00eb ishte kryeminist\u00ebr. <\/em><\/span><\/p>\n<p style=\"text-align: justify;\"><span style=\"color: #000000;\"><em>Por, deputetit Basha nuk i intereson largimi i Ram\u00ebs. Sot interesi i vet\u00ebm i tij \u00ebsht\u00eb t\u00eb ket\u00eb nj\u00eb vul\u00eb, q\u00eb p\u00ebrmes saj t\u00eb vazhdoj\u00eb ashtu si\u00e7 ka b\u00ebr\u00eb para dhe gjat\u00eb 25 Prillit, t\u00eb firmos\u00eb marr\u00ebveshje financiare me Kryeministrin Rama.<\/em><\/span><\/p>\n<p style=\"text-align: justify;\"><span style=\"color: #000000;\"><em>LSI do t\u00eb vazhdoj\u00eb t\u00eb paraqitet para shqiptar\u00ebve si nj\u00eb opozit\u00eb e v\u00ebrtet\u00eb. P\u00ebr t\u00eb gjith\u00eb ata qytetar\u00eb, t\u00eb majt\u00eb, t\u00eb qendr\u00ebs, demokrat\u00eb apo pa parti, q\u00eb shohin se si lidershipi i tyre ka tradh\u00ebtuar kauzat komb\u00ebtare p\u00ebr t\u00eb pasuruar veten dhe bashk\u00ebpun\u00ebtoret pran\u00eb tyre.<\/em><\/span><\/p>\n<p style=\"text-align: justify;\"><span style=\"color: #000000;\"><em>N\u00eb zgjedhjet e 6 Marsit, LSI dhe PDK i ka mund\u00ebsuar an\u00ebn formale kandidat\u00ebve t\u00eb Komisionit t\u00eb Rithemelimit t\u00eb PD, p\u00ebr tu regjistruar. <\/em><\/span><\/p>\n<p style=\"text-align: justify;\"><span style=\"color: #000000;\"><em>Kandidat\u00ebt e Sht\u00ebpis\u00eb s\u00eb Liris\u00eb jan\u00eb kandidat\u00eb t\u00eb Komisionit t\u00eb Rithemelimit, t\u00eb zgjedhur nga vet\u00eb an\u00ebtar\u00ebt e PD p\u00ebrmes primareve t\u00eb zhvilluara n\u00eb partin\u00eb e tyre.<\/em><\/span><\/p>\n<p style=\"text-align: justify;\"><span style=\"color: #000000;\"><em>Demokracia \u00ebsht\u00eb gar\u00eb dhe qytetar\u00ebt meritojn\u00eb alternativa t\u00eb v\u00ebrteta ndaj qeverisjes, jo kandidat\u00eb fallco p\u00ebr nj\u00eb gar\u00eb me rezultate t\u00eb paracaktuara, si ajo e 25 prillit. <\/em><\/span><\/p>\n<p style=\"text-align: justify;\"><span style=\"color: #000000;\"><em>Si n\u00eb 25 Prill, ashtu dhe n\u00eb 6 Mars, nj\u00eb gj\u00eb mbetet e sigurt\u00eb: Nj\u00eb vot\u00eb p\u00ebr Bash\u00ebn, \u00ebsht\u00eb nj\u00eb vot\u00eb p\u00ebr Ram\u00ebn Kryeminist\u00ebr q\u00eb mban me buk\u00eb Bash\u00ebn n\u00eb opozit\u00eb<\/em>\u201d-thuhet n\u00eb deklarat\u00eb.<\/span><\/p>\n","protected":false,"gt_translate_keys":[{"key":"rendered","format":"html"}]},"excerpt":{"rendered":"<p>Mes PD-s\u00eb dhe LSI-s\u00eb vijojn\u00eb replikat kund\u00ebr nj\u00ebra tjetr\u00ebs sidomos tani pas bashkimit t\u00eb Sali Berish\u00ebs p\u00ebr zgjedhjet e pjesshme vendore t\u00eb 6 marsit. Pas deklarat\u00ebs s\u00eb PD-s\u00eb se kanidat\u00ebt e Berish\u00ebs jan\u00eb t\u00eb LSI-s\u00eb dhe nuk p\u00ebrfaq\u00ebsojn\u00eb demokrat\u00ebt, LSI-ja thot\u00eb se distancohet nga lufta e brendshme mes Bash\u00ebs dhe Berish\u00ebs. Madje n\u00eb deklarat\u00eb LSI-ja [&hellip;]<\/p>\n","protected":false,"gt_translate_keys":[{"key":"rendered","format":"html"}]},"author":32,"featured_media":276482,"comment_status":"closed","ping_status":"closed","sticky":false,"template":"","format":"standard","meta":{"footnotes":""},"categories":[65,13],"tags":[],"class_list":["post-502790","post","type-post","status-publish","format-standard","has-post-thumbnail","hentry","category-lajme","category-te-fundit"],"gt_translate_keys":[{"key":"link","format":"url"}],"_links":{"self":[{"href":"https:\/\/www.hashtag.al\/index.php\/wp-json\/wp\/v2\/posts\/502790","targetHints":{"allow":["GET"]}}],"collection":[{"href":"https:\/\/www.hashtag.al\/index.php\/wp-json\/wp\/v2\/posts"}],"about":[{"href":"https:\/\/www.hashtag.al\/index.php\/wp-json\/wp\/v2\/types\/post"}],"author":[{"embeddable":true,"href":"https:\/\/www.hashtag.al\/index.php\/wp-json\/wp\/v2\/users\/32"}],"replies":[{"embeddable":true,"href":"https:\/\/www.hashtag.al\/index.php\/wp-json\/wp\/v2\/comments?post=502790"}],"version-history":[{"count":0,"href":"https:\/\/www.hashtag.al\/index.php\/wp-json\/wp\/v2\/posts\/502790\/revisions"}],"wp:featuredmedia":[{"embeddable":true,"href":"https:\/\/www.hashtag.al\/index.php\/wp-json\/wp\/v2\/media\/276482"}],"wp:attachment":[{"href":"https:\/\/www.hashtag.al\/index.php\/wp-json\/wp\/v2\/media?parent=502790"}],"wp:term":[{"taxonomy":"category","embeddable":true,"href":"https:\/\/www.hashtag.al\/index.php\/wp-json\/wp\/v2\/categories?post=502790"},{"taxonomy":"post_tag","embeddable":true,"href":"https:\/\/www.hashtag.al\/index.php\/wp-json\/wp\/v2\/tags?post=502790"}],"curies":[{"name":"wp","href":"https:\/\/api.w.org\/{rel}","templated":true}]}}