{"id":502731,"date":"2022-02-06T13:08:36","date_gmt":"2022-02-06T12:08:36","guid":{"rendered":"https:\/\/www.hashtag.al\/?p=502731"},"modified":"2022-02-06T13:08:36","modified_gmt":"2022-02-06T12:08:36","slug":"berisha-thirrje-kosovareve-te-durresit-te-votojne-kandidatin-e-tij-armiku-numer-nje-i-kosoves-pas-enver-hoxhes-eshte-edi-rama-basha-apatrid","status":"publish","type":"post","link":"https:\/\/www.hashtag.al\/index.php\/2022\/02\/06\/berisha-thirrje-kosovareve-te-durresit-te-votojne-kandidatin-e-tij-armiku-numer-nje-i-kosoves-pas-enver-hoxhes-eshte-edi-rama-basha-apatrid\/","title":{"rendered":"Berisha thirrje kosovar\u00ebve t\u00eb Durr\u00ebsit t\u00eb votojn\u00eb kandidatin e tij: Armiku num\u00ebr nj\u00eb i Kosov\u00ebs pas Enver Hoxh\u00ebs \u00ebsht\u00eb Edi Rama, Basha apatrid","gt_translate_keys":[{"key":"rendered","format":"text"}]},"content":{"rendered":"<p><span style=\"color: #000000;\"><a href=\"https:\/\/www.hashtag.al\/wp-content\/uploads\/2022\/02\/sali.jpg\"><img loading=\"lazy\" decoding=\"async\" class=\"aligncenter size-full wp-image-502732\" src=\"https:\/\/www.hashtag.al\/wp-content\/uploads\/2022\/02\/sali.jpg\" alt=\"\" width=\"657\" height=\"328\" srcset=\"https:\/\/www.hashtag.al\/wp-content\/uploads\/2022\/02\/sali.jpg 657w, https:\/\/www.hashtag.al\/wp-content\/uploads\/2022\/02\/sali-300x150.jpg 300w\" sizes=\"auto, (max-width: 657px) 100vw, 657px\" \/><\/a><\/span><\/p>\n<p><span style=\"color: #000000;\">Ish-kryeministri Sali Berisha dha nj\u00eb mesazh p\u00ebr qytetar\u00ebt e Kosov\u00ebs n\u00eb Durr\u00ebs, n\u00eb takimin e mbajtur sot p\u00ebr prezantimin e kandidatit t\u00eb \u201cSht\u00ebpis\u00eb s\u00eb Liris\u00eb\u201d Ardi Muka.<\/span><\/p>\n<p><span style=\"color: #000000;\">Berisha tha se pas Enver Hoxh\u00ebs, kryeministri Edi Rama \u00ebsht\u00eb armiku num\u00ebr nj\u00eb i Kosov\u00ebs, i cili sipas tij ka bler\u00eb me para heshtjen e Bash\u00ebs. Ish-kryeministri e cil\u00ebsoi kryedemokratin Lulzim Basha si njeri pa shtet n\u00eb q\u00ebndrimet e tij politike.<\/span><\/p>\n<p><span style=\"color: #000000;\">Ai iu b\u00ebri thirrje kosovar\u00ebve n\u00eb Durr\u00ebs, ku ka nj\u00eb komunitet t\u00eb madh, p\u00ebr t\u00eb votuar kandidatin Muka.<\/span><\/p>\n<p><em><span style=\"color: #000000;\">\u00a0\u201cNuk mund t\u00eb nd\u00ebrtohet Shqip\u00ebria kurr\u00eb nga njer\u00ebz q\u00eb nuk e duan. E nd\u00ebrtojn\u00eb burrat dhe grat\u00eb, djemt\u00eb dhe vajzat q\u00eb e duan at\u00eb. \u00c7far\u00eb po ndodh sot. Sot Edi Rama e ka shnd\u00ebrruar Shqip\u00ebrin\u00eb n\u00eb nj\u00eb vasal t\u00eb Beogradit. Kam biseduar me shum\u00eb fermer\u00eb. Q\u00eb t\u00eb gjith\u00eb rr\u00ebqethen para ides\u00eb s\u00eb Ballkanit t\u00eb Hapur sepse do t\u00eb thot\u00eb konkurrenca m\u00eb pandershme. N\u00eb Shqip\u00ebri, n\u00eb m\u00ebnyr\u00ebn m\u00eb fatkeqe, fermer\u00ebt kan\u00eb filluar t\u00eb therin lop\u00ebt sepse nuk p\u00ebrballojn\u00eb dot qum\u00ebshtin serb, q\u00eb prodhohet me subvencione t\u00eb m\u00ebdha, k\u00ebtu nuk jepet asnj\u00eb qindark\u00eb.<\/span><\/em><\/p>\n<p><span style=\"color: #000000;\"><em>N\u00eb 2013 Shqip\u00ebri tejkaloi nevojat e veta p\u00ebr qum\u00ebsht dhe vez\u00eb dhe filloi t\u00eb eksportoj\u00eb, sasi jo t\u00eb pak\u00ebt sepse kishin nj\u00eb mbrojtje t\u00eb merituar prodhimet tona. Por t\u00eb kund\u00ebrt\u00ebn p\u00ebr Ballkanin e Hapur\u2026 do t\u00eb m\u00eb thoshte nj\u00eb nd\u00ebrtues, mir\u00eb shum\u00eb p\u00ebr \u2018Ballkanin e Hapur\u2019, pse i thash\u00eb mir\u00eb shum\u00eb, sepse shes apartamente. P\u00ebr hir t\u00eb tij, nuk mund t\u00eb shkat\u00ebrrojm\u00eb nj\u00eb Shqip\u00ebri t\u00eb t\u00ebr\u00eb bujq\u00ebsore sepse tok\u00eb nuk kemi hsum\u00eb, por e kemi t\u00eb klasit m\u00eb t\u00eb lart\u00eb. Dhe n\u00eb rrafshin politik, Ballkani i Hapur \u00ebsht\u00eb vasalitet ndaj Serbis\u00eb dhe influenc\u00eb e Rusis\u00eb. <\/em><\/span><\/p>\n<p><span style=\"color: #000000;\"><em>Iu b\u00ebj thirrje banor\u00ebve t\u00eb Durr\u00ebsit, u b\u00ebj thirrje banor\u00ebve t\u00eb Katundit t\u00eb Ri, t\u00eb Rrashbullit \u00a0dhe kosovar\u00ebve kudo ku jan\u00eb, se pas Enver Hoxh\u00ebs, armiku num\u00ebr nj\u00eb i Kosov\u00ebs \u00ebsht\u00eb Edi Rama, i cili ka bler\u00eb me para heshtjen e Lul Brav\u00ebs, i cili thot\u00eb nj\u00ebher\u00eb se i kam rr\u00ebnj\u00ebt n\u00eb Kosov\u00eb, nj\u00ebher\u00eb n\u00eb Dib\u00ebr, por n\u00eb fakt n\u00eb q\u00ebndrimet politike paraqitet apatrid (pa shtet) nj\u00ebsoj si Edi Rama. Stop me Edi Ram\u00ebn! Mjaft me Edi Ram\u00ebn! Boll me Edi Ram\u00ebn! M\u00eb 6 mars nuk votoni vet\u00ebm p\u00ebr Ardi Muk\u00ebn, votoni p\u00ebr ata qindra mij\u00ebra, t\u00eb rinj e t\u00eb reja q\u00eb mor\u00ebn rrug\u00ebt e Europ\u00ebs. Votoni p\u00ebr diaspor\u00ebn shqiptar\u00eb. \u00cbsht\u00eb nj\u00eb vot\u00eb sa lokale, aq komb\u00ebtare. \u00cbsht\u00eb nj\u00eb vot\u00eb sa individuale, sa e r\u00ebnd\u00ebsishme p\u00ebr mbar\u00eb kombin shqiptar.\u201d-<\/em> deklaroi Berisha.<\/span><\/p>\n","protected":false,"gt_translate_keys":[{"key":"rendered","format":"html"}]},"excerpt":{"rendered":"<p>Ish-kryeministri Sali Berisha dha nj\u00eb mesazh p\u00ebr qytetar\u00ebt e Kosov\u00ebs n\u00eb Durr\u00ebs, n\u00eb takimin e mbajtur sot p\u00ebr prezantimin e kandidatit t\u00eb \u201cSht\u00ebpis\u00eb s\u00eb Liris\u00eb\u201d Ardi Muka. Berisha tha se pas Enver Hoxh\u00ebs, kryeministri Edi Rama \u00ebsht\u00eb armiku num\u00ebr nj\u00eb i Kosov\u00ebs, i cili sipas tij ka bler\u00eb me para heshtjen e Bash\u00ebs. Ish-kryeministri e [&hellip;]<\/p>\n","protected":false,"gt_translate_keys":[{"key":"rendered","format":"html"}]},"author":30,"featured_media":502732,"comment_status":"closed","ping_status":"closed","sticky":false,"template":"","format":"standard","meta":{"footnotes":""},"categories":[65,13],"tags":[],"class_list":["post-502731","post","type-post","status-publish","format-standard","has-post-thumbnail","hentry","category-lajme","category-te-fundit"],"gt_translate_keys":[{"key":"link","format":"url"}],"_links":{"self":[{"href":"https:\/\/www.hashtag.al\/index.php\/wp-json\/wp\/v2\/posts\/502731","targetHints":{"allow":["GET"]}}],"collection":[{"href":"https:\/\/www.hashtag.al\/index.php\/wp-json\/wp\/v2\/posts"}],"about":[{"href":"https:\/\/www.hashtag.al\/index.php\/wp-json\/wp\/v2\/types\/post"}],"author":[{"embeddable":true,"href":"https:\/\/www.hashtag.al\/index.php\/wp-json\/wp\/v2\/users\/30"}],"replies":[{"embeddable":true,"href":"https:\/\/www.hashtag.al\/index.php\/wp-json\/wp\/v2\/comments?post=502731"}],"version-history":[{"count":0,"href":"https:\/\/www.hashtag.al\/index.php\/wp-json\/wp\/v2\/posts\/502731\/revisions"}],"wp:featuredmedia":[{"embeddable":true,"href":"https:\/\/www.hashtag.al\/index.php\/wp-json\/wp\/v2\/media\/502732"}],"wp:attachment":[{"href":"https:\/\/www.hashtag.al\/index.php\/wp-json\/wp\/v2\/media?parent=502731"}],"wp:term":[{"taxonomy":"category","embeddable":true,"href":"https:\/\/www.hashtag.al\/index.php\/wp-json\/wp\/v2\/categories?post=502731"},{"taxonomy":"post_tag","embeddable":true,"href":"https:\/\/www.hashtag.al\/index.php\/wp-json\/wp\/v2\/tags?post=502731"}],"curies":[{"name":"wp","href":"https:\/\/api.w.org\/{rel}","templated":true}]}}