{"id":502537,"date":"2022-02-05T15:49:46","date_gmt":"2022-02-05T14:49:46","guid":{"rendered":"https:\/\/www.hashtag.al\/?p=502537"},"modified":"2022-02-05T15:49:46","modified_gmt":"2022-02-05T14:49:46","slug":"kater-te-vdekur-dhe-mbi-1-mije-e-700-raste-te-reja-me-covid-19-ne-kosove","status":"publish","type":"post","link":"https:\/\/www.hashtag.al\/index.php\/2022\/02\/05\/kater-te-vdekur-dhe-mbi-1-mije-e-700-raste-te-reja-me-covid-19-ne-kosove\/","title":{"rendered":"Kat\u00ebr t\u00eb vdekur dhe mbi 1 mij\u00eb e 700 raste t\u00eb reja me COVID-19 n\u00eb Kosov\u00eb","gt_translate_keys":[{"key":"rendered","format":"text"}]},"content":{"rendered":"<p><span style=\"color: #000000;\"><a href=\"https:\/\/www.hashtag.al\/wp-content\/uploads\/2022\/01\/Ambulanca-kosove.jpg\"><img loading=\"lazy\" decoding=\"async\" class=\"aligncenter size-full wp-image-498947\" src=\"https:\/\/www.hashtag.al\/wp-content\/uploads\/2022\/01\/Ambulanca-kosove.jpg\" alt=\"\" width=\"780\" height=\"440\" srcset=\"https:\/\/www.hashtag.al\/wp-content\/uploads\/2022\/01\/Ambulanca-kosove.jpg 780w, https:\/\/www.hashtag.al\/wp-content\/uploads\/2022\/01\/Ambulanca-kosove-300x169.jpg 300w, https:\/\/www.hashtag.al\/wp-content\/uploads\/2022\/01\/Ambulanca-kosove-768x433.jpg 768w\" sizes=\"auto, (max-width: 780px) 100vw, 780px\" \/><\/a><\/span><\/p>\n<p><span style=\"color: #000000;\">Autoritetet sh\u00ebndet\u00ebsore n\u00eb Kosov\u00eb kan\u00eb njoftuar se gjat\u00eb 24 or\u00ebve t\u00eb fundit, kan\u00eb humbur jet\u00ebn kat\u00ebr persona si pasoj\u00eb e Covid-19.<\/span><\/p>\n<p><span style=\"color: #000000;\">Gjat\u00eb s\u00eb nj\u00ebjt\u00ebs koh\u00eb, jan\u00eb regjistruar 1 mij\u00eb e 721 raste t\u00eb reja me COVID-19. Konfirmimi i k\u00ebtyre rasteve vjen pas testimit t\u00eb mbi 8 mij\u00eb mostrave.<\/span><\/p>\n<p><span style=\"color: #000000;\">N\u00eb total numri i rasteve aktive \u00ebsht\u00eb 30 mij\u00eb e 097.<\/span><\/p>\n<p><em><span style=\"color: #000000;\">\u00a0\u201c05 Shkurt 2022: Ministria e Sh\u00ebndet\u00ebsis\u00eb, sipas t\u00eb dh\u00ebnave nga Instituti Komb\u00ebtar i Sh\u00ebndet\u00ebsis\u00eb Publike t\u00eb Kosov\u00ebs, informon:<\/span><\/em><\/p>\n<p><em><span style=\"color: #000000;\">N\u00eb 24 or\u00ebt e fundit jan\u00eb dh\u00ebn\u00eb 2.407 doza t\u00eb vaksin\u00ebs kund\u00ebr COVID-19.<\/span><\/em><\/p>\n<p><em><span style=\"color: #000000;\">Prej fillimit t\u00eb vaksinimit n\u00eb t\u00eb gjitha qytetet e Kosov\u00ebs jan\u00eb dh\u00ebn\u00eb 1.791.536 doza t\u00eb vaksin\u00ebs.<\/span><\/em><\/p>\n<p><em><span style=\"color: #000000;\">Deri m\u00eb sot 807.900 qytetar\u00eb jan\u00eb vaksinuar me doz\u00ebn e dyt\u00eb.<\/span><\/em><\/p>\n<p><em><span style=\"color: #000000;\">Deri m\u00eb sot jan\u00eb dh\u00ebn\u00eb 87.965 doza p\u00ebrforcuese dhe doza t\u00eb treta t\u00eb vaksin\u00ebs kund\u00ebr COVID-19.<\/span><\/em><\/p>\n<p><em><span style=\"color: #000000;\">Nga 8.205 testime, 1.721 qytetar\u00eb kan\u00eb rezultuar pozitiv me virusin COVID-19.<\/span><\/em><\/p>\n<p><em><span style=\"color: #000000;\">Gjat\u00eb 24 or\u00ebve t\u00eb fundit, jan\u00eb sh\u00ebnuar 4 raste t\u00eb vdekjes.<\/span><\/em><\/p>\n<p><em><span style=\"color: #000000;\">Sot jan\u00eb sh\u00ebruar 2.704 qytetar\u00eb, derisa numri i p\u00ebrgjithsh\u00ebm i t\u00eb sh\u00ebruarve \u00ebsht\u00eb 183.111.<\/span><\/em><\/p>\n<p><span style=\"color: #000000;\"><em>N\u00eb total numri i rasteve aktive \u00ebsht\u00eb 30.097.\u201d<\/em>&#8211; thuhet n\u00eb njoftim.<\/span><\/p>\n<p><a href=\"https:\/\/www.hashtag.al\/wp-content\/uploads\/2022\/02\/pd-1.jpg\"><img loading=\"lazy\" decoding=\"async\" class=\"aligncenter size-full wp-image-502538\" src=\"https:\/\/www.hashtag.al\/wp-content\/uploads\/2022\/02\/pd-1.jpg\" alt=\"\" width=\"696\" height=\"391\" srcset=\"https:\/\/www.hashtag.al\/wp-content\/uploads\/2022\/02\/pd-1.jpg 696w, https:\/\/www.hashtag.al\/wp-content\/uploads\/2022\/02\/pd-1-300x169.jpg 300w\" sizes=\"auto, (max-width: 696px) 100vw, 696px\" \/><\/a><\/p>\n","protected":false,"gt_translate_keys":[{"key":"rendered","format":"html"}]},"excerpt":{"rendered":"<p>Autoritetet sh\u00ebndet\u00ebsore n\u00eb Kosov\u00eb kan\u00eb njoftuar se gjat\u00eb 24 or\u00ebve t\u00eb fundit, kan\u00eb humbur jet\u00ebn kat\u00ebr persona si pasoj\u00eb e Covid-19. Gjat\u00eb s\u00eb nj\u00ebjt\u00ebs koh\u00eb, jan\u00eb regjistruar 1 mij\u00eb e 721 raste t\u00eb reja me COVID-19. Konfirmimi i k\u00ebtyre rasteve vjen pas testimit t\u00eb mbi 8 mij\u00eb mostrave. N\u00eb total numri i rasteve aktive \u00ebsht\u00eb [&hellip;]<\/p>\n","protected":false,"gt_translate_keys":[{"key":"rendered","format":"html"}]},"author":30,"featured_media":498947,"comment_status":"closed","ping_status":"closed","sticky":false,"template":"","format":"standard","meta":{"footnotes":""},"categories":[149,13],"tags":[],"class_list":["post-502537","post","type-post","status-publish","format-standard","has-post-thumbnail","hentry","category-kosoverajon","category-te-fundit"],"gt_translate_keys":[{"key":"link","format":"url"}],"_links":{"self":[{"href":"https:\/\/www.hashtag.al\/index.php\/wp-json\/wp\/v2\/posts\/502537","targetHints":{"allow":["GET"]}}],"collection":[{"href":"https:\/\/www.hashtag.al\/index.php\/wp-json\/wp\/v2\/posts"}],"about":[{"href":"https:\/\/www.hashtag.al\/index.php\/wp-json\/wp\/v2\/types\/post"}],"author":[{"embeddable":true,"href":"https:\/\/www.hashtag.al\/index.php\/wp-json\/wp\/v2\/users\/30"}],"replies":[{"embeddable":true,"href":"https:\/\/www.hashtag.al\/index.php\/wp-json\/wp\/v2\/comments?post=502537"}],"version-history":[{"count":0,"href":"https:\/\/www.hashtag.al\/index.php\/wp-json\/wp\/v2\/posts\/502537\/revisions"}],"wp:featuredmedia":[{"embeddable":true,"href":"https:\/\/www.hashtag.al\/index.php\/wp-json\/wp\/v2\/media\/498947"}],"wp:attachment":[{"href":"https:\/\/www.hashtag.al\/index.php\/wp-json\/wp\/v2\/media?parent=502537"}],"wp:term":[{"taxonomy":"category","embeddable":true,"href":"https:\/\/www.hashtag.al\/index.php\/wp-json\/wp\/v2\/categories?post=502537"},{"taxonomy":"post_tag","embeddable":true,"href":"https:\/\/www.hashtag.al\/index.php\/wp-json\/wp\/v2\/tags?post=502537"}],"curies":[{"name":"wp","href":"https:\/\/api.w.org\/{rel}","templated":true}]}}