{"id":502518,"date":"2022-02-05T15:09:40","date_gmt":"2022-02-05T14:09:40","guid":{"rendered":"https:\/\/www.hashtag.al\/?p=502518"},"modified":"2022-02-05T15:11:43","modified_gmt":"2022-02-05T14:11:43","slug":"prezantohet-kandidati-i-pd-se-per-voren-ymer-marku-rindertimi-ka-ngecur-do-punoj-per-qytetaret","status":"publish","type":"post","link":"https:\/\/www.hashtag.al\/index.php\/2022\/02\/05\/prezantohet-kandidati-i-pd-se-per-voren-ymer-marku-rindertimi-ka-ngecur-do-punoj-per-qytetaret\/","title":{"rendered":"Prezantohet kandidati i PD-s\u00eb p\u00ebr Vor\u00ebn, Ymer Marku: Rind\u00ebrtimi ka ngecur, do punoj p\u00ebr qytetar\u00ebt","gt_translate_keys":[{"key":"rendered","format":"text"}]},"content":{"rendered":"<p><span style=\"color: #000000;\"><a href=\"https:\/\/www.hashtag.al\/wp-content\/uploads\/2022\/02\/WhatsApp-Image-2022-02-05-at-2.03.29-PM.jpeg\"><img loading=\"lazy\" decoding=\"async\" class=\"aligncenter size-full wp-image-502523\" src=\"https:\/\/www.hashtag.al\/wp-content\/uploads\/2022\/02\/WhatsApp-Image-2022-02-05-at-2.03.29-PM.jpeg\" alt=\"\" width=\"1280\" height=\"853\" srcset=\"https:\/\/www.hashtag.al\/wp-content\/uploads\/2022\/02\/WhatsApp-Image-2022-02-05-at-2.03.29-PM.jpeg 1280w, https:\/\/www.hashtag.al\/wp-content\/uploads\/2022\/02\/WhatsApp-Image-2022-02-05-at-2.03.29-PM-300x200.jpeg 300w, https:\/\/www.hashtag.al\/wp-content\/uploads\/2022\/02\/WhatsApp-Image-2022-02-05-at-2.03.29-PM-1024x682.jpeg 1024w, https:\/\/www.hashtag.al\/wp-content\/uploads\/2022\/02\/WhatsApp-Image-2022-02-05-at-2.03.29-PM-768x512.jpeg 768w\" sizes=\"auto, (max-width: 1280px) 100vw, 1280px\" \/><\/a><\/span><\/p>\n<p><span style=\"color: #000000;\">K\u00ebt\u00eb t\u00eb shtun\u00eb n\u00ebnkryetarja e Partis\u00eb Demokratike Jorida Tabaku bashk\u00eb me Sekretarin Organizativ Flamur Hoxha ishin n\u00eb Vor\u00eb ku prezantuan kandidatin e PD-s\u00eb p\u00ebr k\u00ebt\u00eb bashki, Ymer Markun.<\/span><\/p>\n<p><span style=\"color: #000000;\">Deputetja Tabaku u shpreh se \u201c<em>kandidatura e Ymer Markut \u00ebsht\u00eb realisht zgjedhja e duhur dhe p\u00ebr t\u00eb ardhmen e Vor\u00ebs. Ai ka qen\u00eb pran\u00eb PD-s\u00eb dhe ka punuar p\u00ebr forc\u00ebn ton\u00eb politike edhe n\u00eb dit\u00ebt e mira edhe n\u00eb ato t\u00eb k\u00ebqija\u201d.<\/em><\/span><\/p>\n<p><span style=\"color: #000000;\">Tabaku shtoi se ky \u00ebsht\u00eb test dhe<em> \u201cne do ta kalojm\u00eb me sukses\u201d<\/em> pasi sipas saj rivali Markut \u00ebsht\u00eb nj\u00eb kandidatur\u00eb e panjohur dhe pa t\u00eb shkuar.<\/span><\/p>\n<p><span style=\"color: #000000;\">Nd\u00ebrsa kandidati Marku u shpreh se eksperienca e tij politike \u00ebaht\u00eb prov\u00eb e m\u00ebnyr\u00ebs se si ai ka punuar dhe di t\u00eb punoj\u00eb.<\/span><\/p>\n<p><span style=\"color: #000000;\"><em>\u201cNe kemi par\u00eb nj\u00eb qeveri lokale inekzistente.\u201d-<\/em> u shpreh Marku. <em>\u201cRind\u00ebrtimi nuk ec\u00ebn dhe qytetar\u00ebt jan\u00eb pa sht\u00ebpi. N\u00eb bashkin\u00eb e Vor\u00ebs gjen m\u00eb shum\u00eb sekser\u00eb se sa t\u00eb pun\u00ebsuar n\u00eb Bashkin\u00eb e Vor\u00ebs.<\/em><\/span><\/p>\n<p><em><span style=\"color: #000000;\">Ne duhet t\u00eb votojm\u00eb p\u00ebr t\u00eb ardhmen, u shpreh Marku, p\u00ebr f\u00ebmij\u00ebt tan\u00eb dhe p\u00ebr veten ton\u00eb.\u201d<\/span><\/em><\/p>\n<p><span style=\"color: #000000;\">Ai u shpreh i bindur q\u00eb qytetar\u00ebt e p\u00ebrbuzur dhe trajtuar padrejt\u00ebsisht nga bashkia Vor\u00eb.<\/span><\/p>\n<p><span style=\"color: #000000;\">Marku tha se koha nuk premton dhe se tani demokrat\u00ebt duhet t\u00eb punojn\u00eb dyfish. Kujtojm\u00eb se kandidati demokrat p\u00ebr Vor\u00ebn, n\u00eb vitin 2010 \u00ebsht\u00eb hetuar p\u00ebr korrupsion. Ymer Marku \u00ebsht\u00eb akuzuar dhe paditur nga Inspektoriati i Pasurive p\u00ebr fshehje t\u00eb pasuris\u00eb.<\/span><\/p>\n<p><span style=\"color: #000000;\">Asokohe ai ishte drejtues i komun\u00ebs B\u00ebrxull, n\u00eb Tiran\u00eb. Sipas ILDKP-s\u00eb, Ymer Marku, drejtues i komun\u00ebs B\u00ebrxull, Tiran\u00eb, nuk kishte arritur t\u00eb justifikoj\u00eb burimin e krijimit t\u00eb pasurive s\u00eb tij.<\/span><\/p>\n<p><span style=\"color: #000000;\">Sipas k\u00ebtij institucioni ishin pes\u00eb objekte pasurore q\u00eb nuk jan\u00eb\u00a0deklaruar sakt\u00eb nga Marku dhe q\u00eb kapnin vler\u00ebn e 22 milion\u00eb e 656 mij\u00eb lek\u00ebve.<\/span><\/p>\n<p><a href=\"https:\/\/www.hashtag.al\/wp-content\/uploads\/2022\/02\/WhatsApp-Image-2022-02-05-at-2.03.26-PM-1.jpeg\"><img loading=\"lazy\" decoding=\"async\" class=\"aligncenter size-full wp-image-502519\" src=\"https:\/\/www.hashtag.al\/wp-content\/uploads\/2022\/02\/WhatsApp-Image-2022-02-05-at-2.03.26-PM-1.jpeg\" alt=\"\" width=\"1280\" height=\"853\" srcset=\"https:\/\/www.hashtag.al\/wp-content\/uploads\/2022\/02\/WhatsApp-Image-2022-02-05-at-2.03.26-PM-1.jpeg 1280w, https:\/\/www.hashtag.al\/wp-content\/uploads\/2022\/02\/WhatsApp-Image-2022-02-05-at-2.03.26-PM-1-300x200.jpeg 300w, https:\/\/www.hashtag.al\/wp-content\/uploads\/2022\/02\/WhatsApp-Image-2022-02-05-at-2.03.26-PM-1-1024x682.jpeg 1024w, https:\/\/www.hashtag.al\/wp-content\/uploads\/2022\/02\/WhatsApp-Image-2022-02-05-at-2.03.26-PM-1-768x512.jpeg 768w\" sizes=\"auto, (max-width: 1280px) 100vw, 1280px\" \/><\/a><a href=\"https:\/\/www.hashtag.al\/wp-content\/uploads\/2022\/02\/WhatsApp-Image-2022-02-05-at-2.03.26-PM.jpeg\"><img loading=\"lazy\" decoding=\"async\" class=\"aligncenter size-full wp-image-502520\" src=\"https:\/\/www.hashtag.al\/wp-content\/uploads\/2022\/02\/WhatsApp-Image-2022-02-05-at-2.03.26-PM.jpeg\" alt=\"\" width=\"1280\" height=\"853\" srcset=\"https:\/\/www.hashtag.al\/wp-content\/uploads\/2022\/02\/WhatsApp-Image-2022-02-05-at-2.03.26-PM.jpeg 1280w, https:\/\/www.hashtag.al\/wp-content\/uploads\/2022\/02\/WhatsApp-Image-2022-02-05-at-2.03.26-PM-300x200.jpeg 300w, https:\/\/www.hashtag.al\/wp-content\/uploads\/2022\/02\/WhatsApp-Image-2022-02-05-at-2.03.26-PM-1024x682.jpeg 1024w, https:\/\/www.hashtag.al\/wp-content\/uploads\/2022\/02\/WhatsApp-Image-2022-02-05-at-2.03.26-PM-768x512.jpeg 768w\" sizes=\"auto, (max-width: 1280px) 100vw, 1280px\" \/><\/a><a href=\"https:\/\/www.hashtag.al\/wp-content\/uploads\/2022\/02\/WhatsApp-Image-2022-02-05-at-2.03.28-PM.jpeg\"><img loading=\"lazy\" decoding=\"async\" class=\"aligncenter size-full wp-image-502521\" src=\"https:\/\/www.hashtag.al\/wp-content\/uploads\/2022\/02\/WhatsApp-Image-2022-02-05-at-2.03.28-PM.jpeg\" alt=\"\" width=\"1280\" height=\"852\" srcset=\"https:\/\/www.hashtag.al\/wp-content\/uploads\/2022\/02\/WhatsApp-Image-2022-02-05-at-2.03.28-PM.jpeg 1280w, https:\/\/www.hashtag.al\/wp-content\/uploads\/2022\/02\/WhatsApp-Image-2022-02-05-at-2.03.28-PM-300x200.jpeg 300w, https:\/\/www.hashtag.al\/wp-content\/uploads\/2022\/02\/WhatsApp-Image-2022-02-05-at-2.03.28-PM-1024x682.jpeg 1024w, https:\/\/www.hashtag.al\/wp-content\/uploads\/2022\/02\/WhatsApp-Image-2022-02-05-at-2.03.28-PM-768x511.jpeg 768w\" sizes=\"auto, (max-width: 1280px) 100vw, 1280px\" \/><\/a><a href=\"https:\/\/www.hashtag.al\/wp-content\/uploads\/2022\/02\/WhatsApp-Image-2022-02-05-at-2.03.29-PM-1.jpeg\"><img loading=\"lazy\" decoding=\"async\" class=\"aligncenter size-full wp-image-502522\" src=\"https:\/\/www.hashtag.al\/wp-content\/uploads\/2022\/02\/WhatsApp-Image-2022-02-05-at-2.03.29-PM-1.jpeg\" alt=\"\" width=\"1280\" height=\"853\" srcset=\"https:\/\/www.hashtag.al\/wp-content\/uploads\/2022\/02\/WhatsApp-Image-2022-02-05-at-2.03.29-PM-1.jpeg 1280w, https:\/\/www.hashtag.al\/wp-content\/uploads\/2022\/02\/WhatsApp-Image-2022-02-05-at-2.03.29-PM-1-300x200.jpeg 300w, https:\/\/www.hashtag.al\/wp-content\/uploads\/2022\/02\/WhatsApp-Image-2022-02-05-at-2.03.29-PM-1-1024x682.jpeg 1024w, https:\/\/www.hashtag.al\/wp-content\/uploads\/2022\/02\/WhatsApp-Image-2022-02-05-at-2.03.29-PM-1-768x512.jpeg 768w\" sizes=\"auto, (max-width: 1280px) 100vw, 1280px\" \/><\/a><a href=\"https:\/\/www.hashtag.al\/wp-content\/uploads\/2022\/02\/WhatsApp-Image-2022-02-05-at-2.03.29-PM.jpeg\"><img loading=\"lazy\" decoding=\"async\" class=\"aligncenter size-full wp-image-502523\" src=\"https:\/\/www.hashtag.al\/wp-content\/uploads\/2022\/02\/WhatsApp-Image-2022-02-05-at-2.03.29-PM.jpeg\" alt=\"\" width=\"1280\" height=\"853\" srcset=\"https:\/\/www.hashtag.al\/wp-content\/uploads\/2022\/02\/WhatsApp-Image-2022-02-05-at-2.03.29-PM.jpeg 1280w, https:\/\/www.hashtag.al\/wp-content\/uploads\/2022\/02\/WhatsApp-Image-2022-02-05-at-2.03.29-PM-300x200.jpeg 300w, https:\/\/www.hashtag.al\/wp-content\/uploads\/2022\/02\/WhatsApp-Image-2022-02-05-at-2.03.29-PM-1024x682.jpeg 1024w, https:\/\/www.hashtag.al\/wp-content\/uploads\/2022\/02\/WhatsApp-Image-2022-02-05-at-2.03.29-PM-768x512.jpeg 768w\" sizes=\"auto, (max-width: 1280px) 100vw, 1280px\" \/><\/a><a href=\"https:\/\/www.hashtag.al\/wp-content\/uploads\/2022\/02\/WhatsApp-Image-2022-02-05-at-2.03.30-PM.jpeg\"><img loading=\"lazy\" decoding=\"async\" class=\"aligncenter size-full wp-image-502524\" src=\"https:\/\/www.hashtag.al\/wp-content\/uploads\/2022\/02\/WhatsApp-Image-2022-02-05-at-2.03.30-PM.jpeg\" alt=\"\" width=\"1280\" height=\"853\" srcset=\"https:\/\/www.hashtag.al\/wp-content\/uploads\/2022\/02\/WhatsApp-Image-2022-02-05-at-2.03.30-PM.jpeg 1280w, https:\/\/www.hashtag.al\/wp-content\/uploads\/2022\/02\/WhatsApp-Image-2022-02-05-at-2.03.30-PM-300x200.jpeg 300w, https:\/\/www.hashtag.al\/wp-content\/uploads\/2022\/02\/WhatsApp-Image-2022-02-05-at-2.03.30-PM-1024x682.jpeg 1024w, https:\/\/www.hashtag.al\/wp-content\/uploads\/2022\/02\/WhatsApp-Image-2022-02-05-at-2.03.30-PM-768x512.jpeg 768w\" sizes=\"auto, (max-width: 1280px) 100vw, 1280px\" \/><\/a><a href=\"https:\/\/www.hashtag.al\/wp-content\/uploads\/2022\/02\/WhatsApp-Image-2022-02-05-at-2.03.31-PM-1.jpeg\"><img loading=\"lazy\" decoding=\"async\" class=\"aligncenter size-full wp-image-502525\" src=\"https:\/\/www.hashtag.al\/wp-content\/uploads\/2022\/02\/WhatsApp-Image-2022-02-05-at-2.03.31-PM-1.jpeg\" alt=\"\" width=\"1280\" height=\"853\" srcset=\"https:\/\/www.hashtag.al\/wp-content\/uploads\/2022\/02\/WhatsApp-Image-2022-02-05-at-2.03.31-PM-1.jpeg 1280w, https:\/\/www.hashtag.al\/wp-content\/uploads\/2022\/02\/WhatsApp-Image-2022-02-05-at-2.03.31-PM-1-300x200.jpeg 300w, https:\/\/www.hashtag.al\/wp-content\/uploads\/2022\/02\/WhatsApp-Image-2022-02-05-at-2.03.31-PM-1-1024x682.jpeg 1024w, https:\/\/www.hashtag.al\/wp-content\/uploads\/2022\/02\/WhatsApp-Image-2022-02-05-at-2.03.31-PM-1-768x512.jpeg 768w\" sizes=\"auto, (max-width: 1280px) 100vw, 1280px\" \/><\/a><a href=\"https:\/\/www.hashtag.al\/wp-content\/uploads\/2022\/02\/WhatsApp-Image-2022-02-05-at-2.03.31-PM.jpeg\"><img loading=\"lazy\" decoding=\"async\" class=\"aligncenter size-full wp-image-502526\" src=\"https:\/\/www.hashtag.al\/wp-content\/uploads\/2022\/02\/WhatsApp-Image-2022-02-05-at-2.03.31-PM.jpeg\" alt=\"\" width=\"853\" height=\"1280\" srcset=\"https:\/\/www.hashtag.al\/wp-content\/uploads\/2022\/02\/WhatsApp-Image-2022-02-05-at-2.03.31-PM.jpeg 853w, https:\/\/www.hashtag.al\/wp-content\/uploads\/2022\/02\/WhatsApp-Image-2022-02-05-at-2.03.31-PM-200x300.jpeg 200w, https:\/\/www.hashtag.al\/wp-content\/uploads\/2022\/02\/WhatsApp-Image-2022-02-05-at-2.03.31-PM-682x1024.jpeg 682w, https:\/\/www.hashtag.al\/wp-content\/uploads\/2022\/02\/WhatsApp-Image-2022-02-05-at-2.03.31-PM-768x1152.jpeg 768w\" sizes=\"auto, (max-width: 853px) 100vw, 853px\" \/><\/a><\/p>\n","protected":false,"gt_translate_keys":[{"key":"rendered","format":"html"}]},"excerpt":{"rendered":"<p>K\u00ebt\u00eb t\u00eb shtun\u00eb n\u00ebnkryetarja e Partis\u00eb Demokratike Jorida Tabaku bashk\u00eb me Sekretarin Organizativ Flamur Hoxha ishin n\u00eb Vor\u00eb ku prezantuan kandidatin e PD-s\u00eb p\u00ebr k\u00ebt\u00eb bashki, Ymer Markun. Deputetja Tabaku u shpreh se \u201ckandidatura e Ymer Markut \u00ebsht\u00eb realisht zgjedhja e duhur dhe p\u00ebr t\u00eb ardhmen e Vor\u00ebs. Ai ka qen\u00eb pran\u00eb PD-s\u00eb dhe ka [&hellip;]<\/p>\n","protected":false,"gt_translate_keys":[{"key":"rendered","format":"html"}]},"author":30,"featured_media":502523,"comment_status":"closed","ping_status":"closed","sticky":false,"template":"","format":"standard","meta":{"footnotes":""},"categories":[65,13],"tags":[],"class_list":["post-502518","post","type-post","status-publish","format-standard","has-post-thumbnail","hentry","category-lajme","category-te-fundit"],"gt_translate_keys":[{"key":"link","format":"url"}],"_links":{"self":[{"href":"https:\/\/www.hashtag.al\/index.php\/wp-json\/wp\/v2\/posts\/502518","targetHints":{"allow":["GET"]}}],"collection":[{"href":"https:\/\/www.hashtag.al\/index.php\/wp-json\/wp\/v2\/posts"}],"about":[{"href":"https:\/\/www.hashtag.al\/index.php\/wp-json\/wp\/v2\/types\/post"}],"author":[{"embeddable":true,"href":"https:\/\/www.hashtag.al\/index.php\/wp-json\/wp\/v2\/users\/30"}],"replies":[{"embeddable":true,"href":"https:\/\/www.hashtag.al\/index.php\/wp-json\/wp\/v2\/comments?post=502518"}],"version-history":[{"count":0,"href":"https:\/\/www.hashtag.al\/index.php\/wp-json\/wp\/v2\/posts\/502518\/revisions"}],"wp:featuredmedia":[{"embeddable":true,"href":"https:\/\/www.hashtag.al\/index.php\/wp-json\/wp\/v2\/media\/502523"}],"wp:attachment":[{"href":"https:\/\/www.hashtag.al\/index.php\/wp-json\/wp\/v2\/media?parent=502518"}],"wp:term":[{"taxonomy":"category","embeddable":true,"href":"https:\/\/www.hashtag.al\/index.php\/wp-json\/wp\/v2\/categories?post=502518"},{"taxonomy":"post_tag","embeddable":true,"href":"https:\/\/www.hashtag.al\/index.php\/wp-json\/wp\/v2\/tags?post=502518"}],"curies":[{"name":"wp","href":"https:\/\/api.w.org\/{rel}","templated":true}]}}