{"id":502218,"date":"2022-02-04T14:34:13","date_gmt":"2022-02-04T13:34:13","guid":{"rendered":"https:\/\/www.hashtag.al\/?p=502218"},"modified":"2022-02-04T14:34:13","modified_gmt":"2022-02-04T13:34:13","slug":"kqz-nuk-e-regjistroi-berishen-te-koalicioni-shtepia-e-lirise-pd-demokratet-nuk-i-lidh-asgje-me-shtepine-e-ilirit","status":"publish","type":"post","link":"https:\/\/www.hashtag.al\/index.php\/2022\/02\/04\/kqz-nuk-e-regjistroi-berishen-te-koalicioni-shtepia-e-lirise-pd-demokratet-nuk-i-lidh-asgje-me-shtepine-e-ilirit\/","title":{"rendered":"KQZ nuk e regjistroi Berish\u00ebn te koalicioni Sht\u00ebpia e Liris\u00eb\u201d\/ PD: Demokrat\u00ebt nuk i lidh asgj\u00eb me \u201cSht\u00ebpin\u00eb e Ilirit\u201d","gt_translate_keys":[{"key":"rendered","format":"text"}]},"content":{"rendered":"<p style=\"text-align: justify;\"><span style=\"color: #000000;\"><img loading=\"lazy\" decoding=\"async\" class=\"aligncenter size-full wp-image-495918\" src=\"https:\/\/www.hashtag.al\/wp-content\/uploads\/2022\/01\/Gaz-Bardhi-4.jpeg\" alt=\"\" width=\"1280\" height=\"855\" srcset=\"https:\/\/www.hashtag.al\/wp-content\/uploads\/2022\/01\/Gaz-Bardhi-4.jpeg 1280w, https:\/\/www.hashtag.al\/wp-content\/uploads\/2022\/01\/Gaz-Bardhi-4-300x200.jpeg 300w, https:\/\/www.hashtag.al\/wp-content\/uploads\/2022\/01\/Gaz-Bardhi-4-1024x684.jpeg 1024w, https:\/\/www.hashtag.al\/wp-content\/uploads\/2022\/01\/Gaz-Bardhi-4-768x513.jpeg 768w\" sizes=\"auto, (max-width: 1280px) 100vw, 1280px\" \/><\/span><\/p>\n<p style=\"text-align: justify;\"><span style=\"color: #000000;\">Dit\u00ebn e sotme KQZ-ja n\u00eb mbledhjen p\u00ebr regjistrimin e koalicioneve miratoi vet\u00ebm at\u00eb mes LSI-s\u00eb dhe PDK-s\u00eb duke mos e p\u00ebrfshir\u00eb Komisionin e Rithemelimit t\u00eb PD-s\u00eb t\u00eb kryesuar nga Sali Berisha duke qen\u00eb se nuk \u00ebsht\u00eb formacion politik.<\/span><\/p>\n<p style=\"text-align: justify;\"><span style=\"color: #000000;\">Pas k\u00ebtij vendimi reagoi Sekretari i P\u00ebrgjithsh\u00ebm i PD-s\u00eb, Gazment Bardhi i cili shkruan se n\u00eb 6 mars ka nj\u00eb parti demokratike dhe kjo e tregon edhe KQZ q\u00eb regjistroi koalicionin Sht\u00ebpia e Liris\u00eb vet\u00ebm me LSI-n\u00eb dhe PDK-n\u00eb.<\/span><\/p>\n<p style=\"text-align: justify;\"><span style=\"color: #000000;\">Bardhi thekson se Demokrat\u00ebt nuk i lidh asgj\u00eb me \u201cSht\u00ebpin\u00eb e Ilirt\u201d.<\/span><\/p>\n<p style=\"text-align: justify;\"><span style=\"color: #000000;\">\u201c<em>P\u00ebrtej \u00e7do makinacioni dhe mashtrimi politik, n\u00eb 6 Mars ka vet\u00ebm nj\u00eb Parti Demokratike n\u00eb zgjedhje. KQZ sapo zyrtarizoi koalicionin \u201cSht\u00ebpia e Ilirit\u201d, me parti p\u00ebrb\u00ebr\u00ebse vet\u00ebm LSI e Monika Kryemadhit dhe PDK e Nard Ndok\u00ebs. Demokrat\u00ebt nuk i lidh asgj\u00eb me \u201cSht\u00ebpin\u00eb e Ilirit\u201d.<\/em><\/span><\/p>\n<p style=\"text-align: justify;\"><span style=\"color: #000000;\"><em>Koha ku demokrat\u00ebt strehoheshin n\u00eb \u201cSht\u00ebpin\u00eb e Ilirit\u201d, p\u00ebr interesa t\u00eb rritjes s\u00eb pazarit t\u00eb tij me Edi Ram\u00ebn ka p\u00ebrfunduar! Koha q\u00eb n\u00ebp\u00ebrmjet rritjes s\u00eb LSI me demokrat\u00eb t\u00eb dh\u00ebn\u00eb borxh, t\u2019i sh\u00ebrbehet pushtetit t\u00eb Edi Ram\u00ebs ka p\u00ebrfunduar. Partia Demokratike \u00ebsht\u00eb sht\u00ebpia e vetme e demokrat\u00ebve<\/em>\u201d-shkruan Bardhi.<\/span><\/p>\n","protected":false,"gt_translate_keys":[{"key":"rendered","format":"html"}]},"excerpt":{"rendered":"<p>Dit\u00ebn e sotme KQZ-ja n\u00eb mbledhjen p\u00ebr regjistrimin e koalicioneve miratoi vet\u00ebm at\u00eb mes LSI-s\u00eb dhe PDK-s\u00eb duke mos e p\u00ebrfshir\u00eb Komisionin e Rithemelimit t\u00eb PD-s\u00eb t\u00eb kryesuar nga Sali Berisha duke qen\u00eb se nuk \u00ebsht\u00eb formacion politik. Pas k\u00ebtij vendimi reagoi Sekretari i P\u00ebrgjithsh\u00ebm i PD-s\u00eb, Gazment Bardhi i cili shkruan se n\u00eb 6 [&hellip;]<\/p>\n","protected":false,"gt_translate_keys":[{"key":"rendered","format":"html"}]},"author":32,"featured_media":495918,"comment_status":"closed","ping_status":"closed","sticky":false,"template":"","format":"standard","meta":{"footnotes":""},"categories":[65,13],"tags":[],"class_list":["post-502218","post","type-post","status-publish","format-standard","has-post-thumbnail","hentry","category-lajme","category-te-fundit"],"gt_translate_keys":[{"key":"link","format":"url"}],"_links":{"self":[{"href":"https:\/\/www.hashtag.al\/index.php\/wp-json\/wp\/v2\/posts\/502218","targetHints":{"allow":["GET"]}}],"collection":[{"href":"https:\/\/www.hashtag.al\/index.php\/wp-json\/wp\/v2\/posts"}],"about":[{"href":"https:\/\/www.hashtag.al\/index.php\/wp-json\/wp\/v2\/types\/post"}],"author":[{"embeddable":true,"href":"https:\/\/www.hashtag.al\/index.php\/wp-json\/wp\/v2\/users\/32"}],"replies":[{"embeddable":true,"href":"https:\/\/www.hashtag.al\/index.php\/wp-json\/wp\/v2\/comments?post=502218"}],"version-history":[{"count":0,"href":"https:\/\/www.hashtag.al\/index.php\/wp-json\/wp\/v2\/posts\/502218\/revisions"}],"wp:featuredmedia":[{"embeddable":true,"href":"https:\/\/www.hashtag.al\/index.php\/wp-json\/wp\/v2\/media\/495918"}],"wp:attachment":[{"href":"https:\/\/www.hashtag.al\/index.php\/wp-json\/wp\/v2\/media?parent=502218"}],"wp:term":[{"taxonomy":"category","embeddable":true,"href":"https:\/\/www.hashtag.al\/index.php\/wp-json\/wp\/v2\/categories?post=502218"},{"taxonomy":"post_tag","embeddable":true,"href":"https:\/\/www.hashtag.al\/index.php\/wp-json\/wp\/v2\/tags?post=502218"}],"curies":[{"name":"wp","href":"https:\/\/api.w.org\/{rel}","templated":true}]}}