{"id":502210,"date":"2022-02-04T13:24:31","date_gmt":"2022-02-04T12:24:31","guid":{"rendered":"https:\/\/www.hashtag.al\/?p=502210"},"modified":"2022-02-04T13:24:31","modified_gmt":"2022-02-04T12:24:31","slug":"spak-kerkoi-12-vite-burg-tahiri-shkon-ne-gjkko-pritet-vendimi-final","status":"publish","type":"post","link":"https:\/\/www.hashtag.al\/index.php\/2022\/02\/04\/spak-kerkoi-12-vite-burg-tahiri-shkon-ne-gjkko-pritet-vendimi-final\/","title":{"rendered":"SPAK k\u00ebrkoi 12 vite burg, Tahiri shkon n\u00eb GJKKO, pritet vendimi final","gt_translate_keys":[{"key":"rendered","format":"text"}]},"content":{"rendered":"<p style=\"text-align: justify;\"><span style=\"color: #000000;\"><img loading=\"lazy\" decoding=\"async\" class=\"aligncenter size-full wp-image-502211\" src=\"https:\/\/www.hashtag.al\/wp-content\/uploads\/2022\/02\/tahiri-maks-haxhia.jpeg\" alt=\"\" width=\"768\" height=\"685\" srcset=\"https:\/\/www.hashtag.al\/wp-content\/uploads\/2022\/02\/tahiri-maks-haxhia.jpeg 768w, https:\/\/www.hashtag.al\/wp-content\/uploads\/2022\/02\/tahiri-maks-haxhia-300x268.jpeg 300w\" sizes=\"auto, (max-width: 768px) 100vw, 768px\" \/>Gjykata e Posa\u00e7me e Apelit kund\u00ebr Korrupsionit dhe Krimit t\u00eb Organizuar pritet \u00a0t\u00eb jap\u00eb dit\u00ebn e sotme vendimin final p\u00ebr ish-ministrin e Brendsh\u00ebm Saimir Tahiri.<\/span><\/p>\n<p style=\"text-align: justify;\"><span style=\"color: #000000;\">Seanca u thirr p\u00ebr n\u00eb or\u00ebn 13:00 dhe ish-ministri shkoi n\u00eb Gjykat\u00ebn e Posa\u00e7me i shoq\u00ebruar nga avokati Maksim Haxhiaj.<\/span><\/p>\n<p style=\"text-align: justify;\"><span style=\"color: #000000;\">Prokuroria e Posa\u00e7me Kund\u00ebr Korrupsionit ka k\u00ebrkuar d\u00ebnimin me 12 vite burg p\u00ebr ish-ministrin dhe ish-drejtorin e Policis\u00eb s\u00eb Vlor\u00ebs, Jaeld \u00c7el\u00ebn. Por p\u00ebr shkak t\u00eb gjykimit t\u00eb shkurtuar, ky d\u00ebnim zbret n\u00eb 8 vite burg p\u00ebr t\u00eb dy ish-zyrtar\u00ebt p\u00ebr lidhjet e dyshuara me t\u00eb ashtuquajturin \u201cGrupi i Habilajve\u201d, v\u00ebllez\u00ebrit e akuzuar p\u00ebr trafik t\u00eb sasive t\u00eb m\u00ebdha t\u00eb marijuan\u00ebs nga Shqip\u00ebria drejt Italis\u00eb.<\/span><\/p>\n","protected":false,"gt_translate_keys":[{"key":"rendered","format":"html"}]},"excerpt":{"rendered":"<p>Gjykata e Posa\u00e7me e Apelit kund\u00ebr Korrupsionit dhe Krimit t\u00eb Organizuar pritet \u00a0t\u00eb jap\u00eb dit\u00ebn e sotme vendimin final p\u00ebr ish-ministrin e Brendsh\u00ebm Saimir Tahiri. Seanca u thirr p\u00ebr n\u00eb or\u00ebn 13:00 dhe ish-ministri shkoi n\u00eb Gjykat\u00ebn e Posa\u00e7me i shoq\u00ebruar nga avokati Maksim Haxhiaj. Prokuroria e Posa\u00e7me Kund\u00ebr Korrupsionit ka k\u00ebrkuar d\u00ebnimin me 12 [&hellip;]<\/p>\n","protected":false,"gt_translate_keys":[{"key":"rendered","format":"html"}]},"author":32,"featured_media":502211,"comment_status":"closed","ping_status":"closed","sticky":false,"template":"","format":"standard","meta":{"footnotes":""},"categories":[65,13],"tags":[],"class_list":["post-502210","post","type-post","status-publish","format-standard","has-post-thumbnail","hentry","category-lajme","category-te-fundit"],"gt_translate_keys":[{"key":"link","format":"url"}],"_links":{"self":[{"href":"https:\/\/www.hashtag.al\/index.php\/wp-json\/wp\/v2\/posts\/502210","targetHints":{"allow":["GET"]}}],"collection":[{"href":"https:\/\/www.hashtag.al\/index.php\/wp-json\/wp\/v2\/posts"}],"about":[{"href":"https:\/\/www.hashtag.al\/index.php\/wp-json\/wp\/v2\/types\/post"}],"author":[{"embeddable":true,"href":"https:\/\/www.hashtag.al\/index.php\/wp-json\/wp\/v2\/users\/32"}],"replies":[{"embeddable":true,"href":"https:\/\/www.hashtag.al\/index.php\/wp-json\/wp\/v2\/comments?post=502210"}],"version-history":[{"count":0,"href":"https:\/\/www.hashtag.al\/index.php\/wp-json\/wp\/v2\/posts\/502210\/revisions"}],"wp:featuredmedia":[{"embeddable":true,"href":"https:\/\/www.hashtag.al\/index.php\/wp-json\/wp\/v2\/media\/502211"}],"wp:attachment":[{"href":"https:\/\/www.hashtag.al\/index.php\/wp-json\/wp\/v2\/media?parent=502210"}],"wp:term":[{"taxonomy":"category","embeddable":true,"href":"https:\/\/www.hashtag.al\/index.php\/wp-json\/wp\/v2\/categories?post=502210"},{"taxonomy":"post_tag","embeddable":true,"href":"https:\/\/www.hashtag.al\/index.php\/wp-json\/wp\/v2\/tags?post=502210"}],"curies":[{"name":"wp","href":"https:\/\/api.w.org\/{rel}","templated":true}]}}