{"id":502107,"date":"2022-02-03T18:25:29","date_gmt":"2022-02-03T17:25:29","guid":{"rendered":"https:\/\/www.hashtag.al\/?p=502107"},"modified":"2022-02-03T18:25:29","modified_gmt":"2022-02-03T17:25:29","slug":"gent-sejko-zgjidhet-me-100-vota-pro-anetar-i-keshillit-mbikeqyres-te-bsh","status":"publish","type":"post","link":"https:\/\/www.hashtag.al\/index.php\/2022\/02\/03\/gent-sejko-zgjidhet-me-100-vota-pro-anetar-i-keshillit-mbikeqyres-te-bsh\/","title":{"rendered":"Gent Sejko zgjidhet me 100 vota pro, an\u00ebtar i K\u00ebshillit Mbik\u00ebqyr\u00ebs t\u00eb BSH","gt_translate_keys":[{"key":"rendered","format":"text"}]},"content":{"rendered":"<p><span style=\"color: #000000;\"><img loading=\"lazy\" decoding=\"async\" class=\"aligncenter size-full wp-image-493265\" src=\"https:\/\/www.hashtag.al\/wp-content\/uploads\/2021\/12\/Gent-Sejko.jpg\" alt=\"\" width=\"892\" height=\"538\" srcset=\"https:\/\/www.hashtag.al\/wp-content\/uploads\/2021\/12\/Gent-Sejko.jpg 892w, https:\/\/www.hashtag.al\/wp-content\/uploads\/2021\/12\/Gent-Sejko-300x181.jpg 300w, https:\/\/www.hashtag.al\/wp-content\/uploads\/2021\/12\/Gent-Sejko-768x463.jpg 768w\" sizes=\"auto, (max-width: 892px) 100vw, 892px\" \/><\/span><\/p>\n<p><span style=\"color: #000000;\">Gent Sejko \u00ebsht\u00eb zgjedhur an\u00ebtar i K\u00ebshillit Mbik\u00ebqyr\u00ebs i Bank\u00ebs s\u00eb Shqip\u00ebris\u00eb.<\/span><\/p>\n<p><span style=\"color: #000000;\">N\u00eb seanc\u00ebn e sotme t\u00eb Kuvendit 100 deputet\u00eb votuan pro zgjedhjes s\u00eb tij, 6 kund\u00ebr dhe 4 abstenim.<\/span><\/p>\n<p><span style=\"color: #000000;\">Sejko u zgjodh n\u00eb 2015 Guvernator i Bank\u00ebs s\u00eb Shqip\u00ebris\u00eb dhe i mbaron mandati m\u00eb 5 shkurt 2022.<\/span><\/p>\n","protected":false,"gt_translate_keys":[{"key":"rendered","format":"html"}]},"excerpt":{"rendered":"<p>Gent Sejko \u00ebsht\u00eb zgjedhur an\u00ebtar i K\u00ebshillit Mbik\u00ebqyr\u00ebs i Bank\u00ebs s\u00eb Shqip\u00ebris\u00eb. N\u00eb seanc\u00ebn e sotme t\u00eb Kuvendit 100 deputet\u00eb votuan pro zgjedhjes s\u00eb tij, 6 kund\u00ebr dhe 4 abstenim. Sejko u zgjodh n\u00eb 2015 Guvernator i Bank\u00ebs s\u00eb Shqip\u00ebris\u00eb dhe i mbaron mandati m\u00eb 5 shkurt 2022.<\/p>\n","protected":false,"gt_translate_keys":[{"key":"rendered","format":"html"}]},"author":32,"featured_media":493265,"comment_status":"closed","ping_status":"closed","sticky":false,"template":"","format":"standard","meta":{"footnotes":""},"categories":[65,13],"tags":[],"class_list":["post-502107","post","type-post","status-publish","format-standard","has-post-thumbnail","hentry","category-lajme","category-te-fundit"],"gt_translate_keys":[{"key":"link","format":"url"}],"_links":{"self":[{"href":"https:\/\/www.hashtag.al\/index.php\/wp-json\/wp\/v2\/posts\/502107","targetHints":{"allow":["GET"]}}],"collection":[{"href":"https:\/\/www.hashtag.al\/index.php\/wp-json\/wp\/v2\/posts"}],"about":[{"href":"https:\/\/www.hashtag.al\/index.php\/wp-json\/wp\/v2\/types\/post"}],"author":[{"embeddable":true,"href":"https:\/\/www.hashtag.al\/index.php\/wp-json\/wp\/v2\/users\/32"}],"replies":[{"embeddable":true,"href":"https:\/\/www.hashtag.al\/index.php\/wp-json\/wp\/v2\/comments?post=502107"}],"version-history":[{"count":0,"href":"https:\/\/www.hashtag.al\/index.php\/wp-json\/wp\/v2\/posts\/502107\/revisions"}],"wp:featuredmedia":[{"embeddable":true,"href":"https:\/\/www.hashtag.al\/index.php\/wp-json\/wp\/v2\/media\/493265"}],"wp:attachment":[{"href":"https:\/\/www.hashtag.al\/index.php\/wp-json\/wp\/v2\/media?parent=502107"}],"wp:term":[{"taxonomy":"category","embeddable":true,"href":"https:\/\/www.hashtag.al\/index.php\/wp-json\/wp\/v2\/categories?post=502107"},{"taxonomy":"post_tag","embeddable":true,"href":"https:\/\/www.hashtag.al\/index.php\/wp-json\/wp\/v2\/tags?post=502107"}],"curies":[{"name":"wp","href":"https:\/\/api.w.org\/{rel}","templated":true}]}}