{"id":502105,"date":"2022-02-03T18:07:10","date_gmt":"2022-02-03T17:07:10","guid":{"rendered":"https:\/\/www.hashtag.al\/?p=502105"},"modified":"2022-02-03T18:07:10","modified_gmt":"2022-02-03T17:07:10","slug":"covid-19-ne-shqiperi-shtate-humbje-jete-dhe-mbi-1-mije-raste-te-reja-ne-24-ore","status":"publish","type":"post","link":"https:\/\/www.hashtag.al\/index.php\/2022\/02\/03\/covid-19-ne-shqiperi-shtate-humbje-jete-dhe-mbi-1-mije-raste-te-reja-ne-24-ore\/","title":{"rendered":"Covid-19 n\u00eb Shqip\u00ebri: Shtat\u00eb humbje jete dhe mbi 1 mij\u00eb raste t\u00eb reja n\u00eb 24 or\u00eb","gt_translate_keys":[{"key":"rendered","format":"text"}]},"content":{"rendered":"<p><span style=\"color: #000000;\"><a href=\"https:\/\/www.hashtag.al\/wp-content\/uploads\/2022\/02\/infektiv.jpg\"><img loading=\"lazy\" decoding=\"async\" class=\"aligncenter size-full wp-image-502106\" src=\"https:\/\/www.hashtag.al\/wp-content\/uploads\/2022\/02\/infektiv.jpg\" alt=\"\" width=\"841\" height=\"509\" srcset=\"https:\/\/www.hashtag.al\/wp-content\/uploads\/2022\/02\/infektiv.jpg 841w, https:\/\/www.hashtag.al\/wp-content\/uploads\/2022\/02\/infektiv-300x182.jpg 300w, https:\/\/www.hashtag.al\/wp-content\/uploads\/2022\/02\/infektiv-768x465.jpg 768w\" sizes=\"auto, (max-width: 841px) 100vw, 841px\" \/><\/a><\/span><\/p>\n<p><span style=\"color: #000000;\">Shtat\u00eb persona kan\u00eb humbur jet\u00ebn gjat\u00eb 24-or\u00ebve t\u00eb fundit n\u00eb vend si dhe jan\u00eb regjistruar nj\u00eb mij\u00eb e nj\u00eb raste t\u00eb reja nga 3 mij\u00eb e 956 testime t\u00eb kryera.<\/span><\/p>\n<p><span style=\"color: #000000;\">T\u00eb dh\u00ebnat jan\u00eb konfirmuar nga Ministria e Sh\u00ebndet\u00ebsis\u00eb. Po ashtu b\u00ebhet me dije se aktualisht n\u00eb spitalet COVID n\u00eb Tiran\u00eb po marrin trajtim 128 pacient\u00eb, nga t\u00eb cil\u00ebt 23 jan\u00eb n\u00eb gjendje m\u00eb t\u00eb r\u00ebnduar.<\/span><\/p>\n<p><span style=\"color: #000000;\">Nd\u00ebrkoh\u00eb, jan\u00eb sh\u00ebruar nga virusi 1,803 qytetar\u00eb, duke e \u00e7uar numrin e p\u00ebrgjithsh\u00ebm t\u00eb t\u00eb sh\u00ebruarve n\u00eb 242 mij\u00eb 445 q\u00eb nga fillimi i epidemis\u00eb.<\/span><\/p>\n<p><strong><span style=\"color: #000000;\">T\u00cb DH\u00cbNAT:<\/span><\/strong><\/p>\n<p><span style=\"color: #000000;\">Ministria e Sh\u00ebndet\u00ebsis\u00eb i b\u00ebn apel qytetar\u00ebve t\u00eb vaksinohen sa m\u00eb par\u00eb, p\u00ebr t\u00eb mbrojtur veten dhe sh\u00ebndetin e t\u00eb tjer\u00ebve.<\/span><\/p>\n<p><span style=\"color: #000000;\">\u00c7do qytetar mbi 16 vje\u00e7, mund t\u00eb vaksinohet n\u00eb qendr\u00ebn sh\u00ebndet\u00ebsore ose n\u00eb pik\u00ebn m\u00eb t\u00eb af\u00ebrt t\u00eb vaksinimit t\u00eb p\u00ebrq\u00ebndruar.<\/span><\/p>\n<p><span style=\"color: #000000;\">Vaksinimi \u00ebsht\u00eb i hapur edhe p\u00ebr f\u00ebmij\u00ebt +12 vje\u00e7 me probleme t\u00eb sistemit imunitar, me rekomandim nga mjeku.<\/span><br \/>\n<span style=\"color: #000000;\">MSHMS apelon qytetar\u00ebt q\u00eb kan\u00eb kaluar 6 muaj nga kryerja e doz\u00ebs s\u00eb dyt\u00eb t\u00eb vaksin\u00ebs, t\u00eb drejtohen n\u00eb qendrat sh\u00ebndet\u00ebsore ose pikat e vaksinimit t\u00eb p\u00ebrq\u00ebndruar, p\u00ebr t\u2019u vaksinuar me doz\u00ebn e tret\u00eb p\u00ebrforcuese.<\/span><\/p>\n<p><span style=\"color: #000000;\">Vaksinat antiCOVID reduktojn\u00eb mund\u00ebsin\u00eb e infektimit dhe shmangin n\u00eb shkall\u00eb te\u0308 lart\u00eb hospitalizimet dhe fatalitetet.<\/span><\/p>\n<p><span style=\"color: #000000;\">Ministria e Sh\u00ebndet\u00ebsis\u00eb i kujton qytetar\u00ebve se respektimi i protokolleve anticovid \u00ebsht\u00eb domosdoshm\u00ebri p\u00ebr mbrojtjen e sh\u00ebndetit.<\/span><\/p>\n<p><span style=\"color: #000000;\">Vendosja e mask\u00ebs \u00ebsht\u00eb e detyrueshme n\u00eb \u00e7do ambient t\u00eb mbyllur. Shmangni grumbullimet dhe ajrosni ambientet ku q\u00ebndroni, p\u00ebr t\u00eb kufizuar p\u00ebrhapjen e Covid-19.<\/span><\/p>\n<p><span style=\"color: #000000;\">N\u00ebse dyshoni se jeni t\u00eb prekur nga COVID19 apo keni shenja t\u00eb s\u00ebmundjes, izolohuni menj\u00ebher\u00eb dhe kontaktoni me mjekun tuaj t\u00eb familjes p\u00ebr t\u2019u testuar sa m\u00eb par\u00eb ose telefononi Urgjenc\u00ebn Komb\u00ebtare n\u00eb numrin unik 127.<\/span><\/p>\n<p><span style=\"color: #000000;\">Ju informojm\u00eb p\u00ebr situat\u00ebn n\u00eb 24 or\u00ebt e fundit, si vijon: Jan\u00eb kryer 3,956 testime, nga t\u00eb cilat kan\u00eb rezultuar pozitiv\u00eb me COVID19, 1001 qytetar\u00eb, n\u00eb k\u00ebto bashki: 394 n\u00eb Tiran\u00eb, 57 n\u00eb Kruj\u00eb, 54 n\u00eb Fier, 53 n\u00eb Vlor\u00eb, 45 n\u00eb Berat, 39 n\u00eb Lushnje, 35 n\u00eb Durr\u00ebs, 30 n\u00eb Sarand\u00eb, 27 n\u00eb Shkod\u00ebr, 25 n\u00eb Gjirkast\u00ebr, 24 n\u00eb Elbasan, 18 n\u00eb Kam\u00ebz, 17 n\u00eb Ku\u00e7ov\u00eb, 16 n\u00eb Lezh\u00eb, 13 n\u00eb Tepelen\u00eb, 10 n\u00eb Kurbin, Mallakast\u00ebr, 9 n\u00eb Gramsh, 8 n\u00eb Vor\u00eb, Peqin, 7 n\u00eb Vau i Dej\u00ebs, Patos, Divjak\u00eb, Devoll, Dimal, 6 n\u00eb Selenic\u00eb, P\u00ebrmet, 5 n\u00eb Himar\u00eb, Delvin\u00eb, Kor\u00e7\u00eb, 4 n\u00eb Tropoj\u00eb, Memaliaj, Poli\u00e7an, 3 n\u00eb Kuk\u00ebs, Pogradec, C\u00ebrrik, Prrenjas, 2 n\u00eb Mal\u00ebsi e Madhe, Fush\u00eb- Arr\u00ebz, Mirdit\u00eb, Kavaj\u00eb, K\u00eblcyr\u00eb, 1 n\u00eb Puk\u00eb, Has, Rrogozhin\u00eb, Dib\u00ebr, Klos, Rroskovec, Konispol, Libohov\u00eb, Dropull, Maliq, Skrapar, Belsh, Librazhd.<\/span><br \/>\n<span style=\"color: #000000;\">Jan\u00eb 16,427 pacient\u00eb aktiv\u00eb me COVID19 n\u00eb t\u00eb gjith\u00eb vendin.<\/span><br \/>\n<span style=\"color: #000000;\">Aktualisht n\u00eb spitalet COVID po marrin trajtim 128 pacient\u00eb, nga t\u00eb cil\u00ebt 23 jan\u00eb n\u00eb gjendje m\u00eb t\u00eb r\u00ebnduar. N\u00eb 24 or\u00ebt e fundit me gjith\u00eb p\u00ebrpjekjet e stafit mjek\u00ebsor ka shtat\u00eb humbje jete me SARS-COV2 pozitiv: Dy qytetar\u00eb nga Vlora 55 dhe 82 vje\u00e7, nj\u00eb qyetetar nga Shkodra 66 vje\u00e7, kat\u00ebr qytetar\u00eb nga Tirana 66-93 vje\u00e7. Ministria e Sh\u00ebndet\u00ebsis\u00eb dhe Mbrojtjes Sociale u shpreh ngush\u00ebllimet familjar\u00ebve.<\/span><br \/>\n<span style=\"color: #000000;\">Jan\u00eb sh\u00ebruar 1,803 qytetar\u00eb gjat\u00eb 24 or\u00ebve t\u00eb fundit, duke e \u00e7uar numrin e t\u00eb sh\u00ebruarve n\u00eb 242,445 q\u00eb nga fillimi i epidemis\u00eb.<\/span><\/p>\n<p><strong><span style=\"color: #000000;\">Statistika (03 Shkurt 2022)<\/span><\/strong><\/p>\n<p><span style=\"color: #000000;\">Raste t\u00eb reja ditore 1,001<\/span><br \/>\n<span style=\"color: #000000;\">T\u00eb sh\u00ebruar n\u00eb 24 or\u00eb 1,803<\/span><br \/>\n<span style=\"color: #000000;\">T\u00eb shtruar n\u00eb spitale 128<\/span><br \/>\n<span style=\"color: #000000;\">Humbje jete n\u00eb 24 or\u00eb 7<\/span><br \/>\n<span style=\"color: #000000;\">Testime ditore 3,956<\/span><\/p>\n<p><span style=\"color: #000000;\">Testime totale 1,682,861<\/span><br \/>\n<span style=\"color: #000000;\">Raste pozitive 262,241<\/span><br \/>\n<span style=\"color: #000000;\">Raste t\u00eb sh\u00ebruara 242,445<\/span><br \/>\n<span style=\"color: #000000;\">Raste Aktive 16,427<\/span><br \/>\n<span style=\"color: #000000;\">Humbje jete 3,369<\/span><\/p>\n<p><strong><span style=\"color: #000000;\">Shp\u00ebrndarja gjeografike e rasteve aktive sipas qarqeve:<\/span><\/strong><br \/>\n<span style=\"color: #000000;\">Tiran\u00eb 7,199<\/span><br \/>\n<span style=\"color: #000000;\">Fier 1,707<\/span><br \/>\n<span style=\"color: #000000;\">Shkod\u00ebr 1,567<\/span><br \/>\n<span style=\"color: #000000;\">Vlor\u00eb 1,250<\/span><br \/>\n<span style=\"color: #000000;\">Elbasan 1,022<\/span><br \/>\n<span style=\"color: #000000;\">Gjirokast\u00ebr 806<\/span><br \/>\n<span style=\"color: #000000;\">Berat 793<\/span><br \/>\n<span style=\"color: #000000;\">Lezh\u00eb 639<\/span><br \/>\n<span style=\"color: #000000;\">Kor\u00e7\u00eb 603<\/span><br \/>\n<span style=\"color: #000000;\">Durr\u00ebs 415<\/span><br \/>\n<span style=\"color: #000000;\">Kuk\u00ebs 306<\/span><br \/>\n<span style=\"color: #000000;\">Dib\u00ebr 120<\/span><\/p>\n","protected":false,"gt_translate_keys":[{"key":"rendered","format":"html"}]},"excerpt":{"rendered":"<p>Shtat\u00eb persona kan\u00eb humbur jet\u00ebn gjat\u00eb 24-or\u00ebve t\u00eb fundit n\u00eb vend si dhe jan\u00eb regjistruar nj\u00eb mij\u00eb e nj\u00eb raste t\u00eb reja nga 3 mij\u00eb e 956 testime t\u00eb kryera. T\u00eb dh\u00ebnat jan\u00eb konfirmuar nga Ministria e Sh\u00ebndet\u00ebsis\u00eb. Po ashtu b\u00ebhet me dije se aktualisht n\u00eb spitalet COVID n\u00eb Tiran\u00eb po marrin trajtim 128 pacient\u00eb, [&hellip;]<\/p>\n","protected":false,"gt_translate_keys":[{"key":"rendered","format":"html"}]},"author":30,"featured_media":502106,"comment_status":"closed","ping_status":"closed","sticky":false,"template":"","format":"standard","meta":{"footnotes":""},"categories":[65,13],"tags":[],"class_list":["post-502105","post","type-post","status-publish","format-standard","has-post-thumbnail","hentry","category-lajme","category-te-fundit"],"gt_translate_keys":[{"key":"link","format":"url"}],"_links":{"self":[{"href":"https:\/\/www.hashtag.al\/index.php\/wp-json\/wp\/v2\/posts\/502105","targetHints":{"allow":["GET"]}}],"collection":[{"href":"https:\/\/www.hashtag.al\/index.php\/wp-json\/wp\/v2\/posts"}],"about":[{"href":"https:\/\/www.hashtag.al\/index.php\/wp-json\/wp\/v2\/types\/post"}],"author":[{"embeddable":true,"href":"https:\/\/www.hashtag.al\/index.php\/wp-json\/wp\/v2\/users\/30"}],"replies":[{"embeddable":true,"href":"https:\/\/www.hashtag.al\/index.php\/wp-json\/wp\/v2\/comments?post=502105"}],"version-history":[{"count":0,"href":"https:\/\/www.hashtag.al\/index.php\/wp-json\/wp\/v2\/posts\/502105\/revisions"}],"wp:featuredmedia":[{"embeddable":true,"href":"https:\/\/www.hashtag.al\/index.php\/wp-json\/wp\/v2\/media\/502106"}],"wp:attachment":[{"href":"https:\/\/www.hashtag.al\/index.php\/wp-json\/wp\/v2\/media?parent=502105"}],"wp:term":[{"taxonomy":"category","embeddable":true,"href":"https:\/\/www.hashtag.al\/index.php\/wp-json\/wp\/v2\/categories?post=502105"},{"taxonomy":"post_tag","embeddable":true,"href":"https:\/\/www.hashtag.al\/index.php\/wp-json\/wp\/v2\/tags?post=502105"}],"curies":[{"name":"wp","href":"https:\/\/api.w.org\/{rel}","templated":true}]}}