{"id":502083,"date":"2022-02-03T17:15:38","date_gmt":"2022-02-03T16:15:38","guid":{"rendered":"https:\/\/www.hashtag.al\/?p=502083"},"modified":"2022-02-03T17:24:11","modified_gmt":"2022-02-03T16:24:11","slug":"vdekja-e-3-vjecarit-ne-fier-ministria-e-arsimit-i-heq-licencen-kopshtit-ku-ndodhi-ngjarja","status":"publish","type":"post","link":"https:\/\/www.hashtag.al\/index.php\/2022\/02\/03\/vdekja-e-3-vjecarit-ne-fier-ministria-e-arsimit-i-heq-licencen-kopshtit-ku-ndodhi-ngjarja\/","title":{"rendered":"Vdekja e 3-vje\u00e7arit n\u00eb Fier, Ministria e Arsimit i heq licenc\u00ebn kopshtit ku ndodhi ngjarja","gt_translate_keys":[{"key":"rendered","format":"text"}]},"content":{"rendered":"<p><span style=\"color: #000000;\"><a href=\"https:\/\/www.hashtag.al\/wp-content\/uploads\/2022\/02\/kopshi.jpg\"><img loading=\"lazy\" decoding=\"async\" class=\"aligncenter size-full wp-image-502084\" src=\"https:\/\/www.hashtag.al\/wp-content\/uploads\/2022\/02\/kopshi.jpg\" alt=\"\" width=\"590\" height=\"354\" srcset=\"https:\/\/www.hashtag.al\/wp-content\/uploads\/2022\/02\/kopshi.jpg 590w, https:\/\/www.hashtag.al\/wp-content\/uploads\/2022\/02\/kopshi-300x180.jpg 300w\" sizes=\"auto, (max-width: 590px) 100vw, 590px\" \/><\/a><\/span><\/p>\n<p><span style=\"color: #000000;\">Ministria e Arsimit i ka hequr licenc\u00ebn kopshtit n\u00eb Fier, ku nj\u00eb f\u00ebmij\u00eb 3-vje\u00e7ar u mbyt nj\u00eb muaj m\u00eb par\u00eb.<\/span><\/p>\n<p><span style=\"color: #000000;\">Sipas ministris\u00eb s\u00eb Arsimit, institucioni arsimor parauniversitar privat kishte \u201cregjistruar dhe pranuar f\u00ebmij\u00eb n\u00eb kopsht mbi numrin e lejuar t\u00eb f\u00ebmij\u00ebve p\u00ebr grup, duke sjelle si pasoj\u00eb munges\u00ebn e p\u00ebrkujdesjes s\u00eb nevojshme p\u00ebr k\u00ebta f\u00ebmij\u00eb\u201d.<\/span><\/p>\n<p><span style=\"color: #000000;\">Po ashtu kopshti thuhet se nuk plot\u00ebsonte standardet infrastrukturore.<\/span><\/p>\n<p><span style=\"color: #000000;\">Kopshti gjithashtu sipas konstatimit t\u00eb MAS, nuk plot\u00ebson kriteret e parashikuara n\u00eb ligj q\u00eb edukator\u00ebt t\u00eb ken\u00eb diplom\u00ebn e ciklit t\u00eb par\u00eb \u201cBachelor\u201d.<\/span><\/p>\n<p><span style=\"color: #000000;\"><strong>NJOFTIMI:<\/strong><\/span><\/p>\n<p><span style=\"color: #000000;\">Ministria e Arsimit dhe Sportit, nisur nga rasti tragjik i Fierit, k\u00ebrkoi nga Drejtoria e P\u00ebrgjithshme e Arsimit Parauniversitar (DPAP) ngritjen e nj\u00eb grupi pune p\u00ebr inspektimin e institucionit arsimor parashkollor, kopshti \u201cFlatrat e Dijes\u201d.<\/span><\/p>\n<p><span style=\"color: #000000;\">https:\/\/arsimi.gov.al\/wp-content\/uploads\/2022\/02\/URDHER-NR.45.DT_.3.2.2022.pdf<\/span><\/p>\n<p><span style=\"color: #000000;\">Sipas relacionit t\u00eb grupit t\u00eb pun\u00ebs jan\u00eb gjetur k\u00ebto shkelje:<\/span><\/p>\n<p><span style=\"color: #000000;\">1- Nuk ka drejtues Didaktik.<\/span><br \/>\n<span style=\"color: #000000;\">2- Ka regjistruar f\u00ebmij\u00eb t\u00eb mosh\u00ebs n\u00ebn 3 vje\u00e7, n\u00eb kund\u00ebrshtim me ligjin.<\/span><br \/>\n<span style=\"color: #000000;\">3- Personeli m\u00ebsimdh\u00ebn\u00ebs nuk plot\u00ebson kriteret e parashikuara n\u00eb ligjin 69\/2012 neni 57.<\/span><br \/>\n<span style=\"color: #000000;\">4- Nuk plot\u00ebson standardet infrastrukturore.<\/span><br \/>\n<span style=\"color: #000000;\">5- Ka regjistruar dhe pranuar f\u00ebmij\u00eb mbi numrin e lejuar.<\/span><br \/>\n<span style=\"color: #000000;\">6- Nuk ka p\u00ebrmbushur detyrimet n\u00eb lidhje me dokumentacionin e nevojsh\u00ebm, duke p\u00ebrfshir\u00eb edhe kontratat me prind\u00ebrit.<\/span><\/p>\n<p><span style=\"color: #000000;\">Nisur nga k\u00ebto shkelje, MAS mori vendimin p\u00ebr mbylljen e veprimtaris\u00eb s\u00eb k\u00ebtij kopshti dhe revokimin e licenc\u00ebs nga QKB.<\/span><\/p>\n","protected":false,"gt_translate_keys":[{"key":"rendered","format":"html"}]},"excerpt":{"rendered":"<p>Ministria e Arsimit i ka hequr licenc\u00ebn kopshtit n\u00eb Fier, ku nj\u00eb f\u00ebmij\u00eb 3-vje\u00e7ar u mbyt nj\u00eb muaj m\u00eb par\u00eb. Sipas ministris\u00eb s\u00eb Arsimit, institucioni arsimor parauniversitar privat kishte \u201cregjistruar dhe pranuar f\u00ebmij\u00eb n\u00eb kopsht mbi numrin e lejuar t\u00eb f\u00ebmij\u00ebve p\u00ebr grup, duke sjelle si pasoj\u00eb munges\u00ebn e p\u00ebrkujdesjes s\u00eb nevojshme p\u00ebr k\u00ebta f\u00ebmij\u00eb\u201d. [&hellip;]<\/p>\n","protected":false,"gt_translate_keys":[{"key":"rendered","format":"html"}]},"author":30,"featured_media":502084,"comment_status":"closed","ping_status":"closed","sticky":false,"template":"","format":"standard","meta":{"footnotes":""},"categories":[65,13],"tags":[],"class_list":["post-502083","post","type-post","status-publish","format-standard","has-post-thumbnail","hentry","category-lajme","category-te-fundit"],"gt_translate_keys":[{"key":"link","format":"url"}],"_links":{"self":[{"href":"https:\/\/www.hashtag.al\/index.php\/wp-json\/wp\/v2\/posts\/502083","targetHints":{"allow":["GET"]}}],"collection":[{"href":"https:\/\/www.hashtag.al\/index.php\/wp-json\/wp\/v2\/posts"}],"about":[{"href":"https:\/\/www.hashtag.al\/index.php\/wp-json\/wp\/v2\/types\/post"}],"author":[{"embeddable":true,"href":"https:\/\/www.hashtag.al\/index.php\/wp-json\/wp\/v2\/users\/30"}],"replies":[{"embeddable":true,"href":"https:\/\/www.hashtag.al\/index.php\/wp-json\/wp\/v2\/comments?post=502083"}],"version-history":[{"count":0,"href":"https:\/\/www.hashtag.al\/index.php\/wp-json\/wp\/v2\/posts\/502083\/revisions"}],"wp:featuredmedia":[{"embeddable":true,"href":"https:\/\/www.hashtag.al\/index.php\/wp-json\/wp\/v2\/media\/502084"}],"wp:attachment":[{"href":"https:\/\/www.hashtag.al\/index.php\/wp-json\/wp\/v2\/media?parent=502083"}],"wp:term":[{"taxonomy":"category","embeddable":true,"href":"https:\/\/www.hashtag.al\/index.php\/wp-json\/wp\/v2\/categories?post=502083"},{"taxonomy":"post_tag","embeddable":true,"href":"https:\/\/www.hashtag.al\/index.php\/wp-json\/wp\/v2\/tags?post=502083"}],"curies":[{"name":"wp","href":"https:\/\/api.w.org\/{rel}","templated":true}]}}