{"id":502080,"date":"2022-02-03T16:59:10","date_gmt":"2022-02-03T15:59:10","guid":{"rendered":"https:\/\/www.hashtag.al\/?p=502080"},"modified":"2022-02-03T17:58:06","modified_gmt":"2022-02-03T16:58:06","slug":"vritet-lideri-i-isis-it-ne-siri-presidenti-i-shba-ve-e-hoqem-nga-fusha-e-betejes","status":"publish","type":"post","link":"https:\/\/www.hashtag.al\/index.php\/2022\/02\/03\/vritet-lideri-i-isis-it-ne-siri-presidenti-i-shba-ve-e-hoqem-nga-fusha-e-betejes\/","title":{"rendered":"Vritet lideri i ISIS-it n\u00eb Siri, Presidenti i SHBA-ve: E hoq\u00ebm nga fusha e betej\u00ebs","gt_translate_keys":[{"key":"rendered","format":"text"}]},"content":{"rendered":"<p><span style=\"color: #000000;\"><a href=\"https:\/\/www.hashtag.al\/wp-content\/uploads\/2022\/02\/biden-scaled.jpg\"><img loading=\"lazy\" decoding=\"async\" class=\"aligncenter size-full wp-image-502081\" src=\"https:\/\/www.hashtag.al\/wp-content\/uploads\/2022\/02\/biden-scaled.jpg\" alt=\"\" width=\"2560\" height=\"1707\" srcset=\"https:\/\/www.hashtag.al\/wp-content\/uploads\/2022\/02\/biden-scaled.jpg 2560w, https:\/\/www.hashtag.al\/wp-content\/uploads\/2022\/02\/biden-300x200.jpg 300w, https:\/\/www.hashtag.al\/wp-content\/uploads\/2022\/02\/biden-1024x683.jpg 1024w, https:\/\/www.hashtag.al\/wp-content\/uploads\/2022\/02\/biden-768x512.jpg 768w, https:\/\/www.hashtag.al\/wp-content\/uploads\/2022\/02\/biden-1536x1024.jpg 1536w, https:\/\/www.hashtag.al\/wp-content\/uploads\/2022\/02\/biden-2048x1365.jpg 2048w\" sizes=\"auto, (max-width: 2560px) 100vw, 2560px\" \/><\/a><\/span><\/p>\n<p><span style=\"color: #000000;\">Udh\u00ebheq\u00ebsi i grupit t\u00eb Shtetit Islamik (IS, dikur ISIS) \u00ebsht\u00eb vrar\u00eb gjat\u00eb nj\u00eb sulmi t\u00eb forcave speciale amerikane gjat\u00eb nat\u00ebs s\u00eb kaluar n\u00eb veriper\u00ebndim t\u00eb Siris\u00eb.<\/span><\/p>\n<p><span style=\"color: #000000;\">B\u00ebhet fjal\u00eb p\u00ebr Abu Ibrahim al-Hashimi al-Qurayshi.<\/span><\/p>\n<p><span style=\"color: #000000;\">Lajmin e dha vet\u00eb presidenti i SHBA-ve, Joe Biden i cili tha: <em>\u201cFal\u00eb aft\u00ebsive dhe trim\u00ebris\u00eb s\u00eb forcave tona t\u00eb armatosura, ne kemi hequr nga fusha e betej\u00ebs Abu Ibrahim al-Hashimi al-Qurayshi.\u201d<\/em><\/span><\/p>\n<p><span style=\"color: #000000;\">Sipas SHBA-ve, Qurayshi dhe an\u00ebtar\u00ebt e familjes s\u00eb tij u vran\u00eb nga shp\u00ebrthimi i nj\u00eb bombe.<\/span><\/p>\n<blockquote class=\"twitter-tweet\">\n<p dir=\"ltr\" lang=\"en\">NEW &#8212; U.S. forces &amp; helicopters have opened fire on the surrounded house in Dayr Balut, <a href=\"https:\/\/twitter.com\/hashtag\/Atmeh?src=hash&amp;ref_src=twsrc%5Etfw\">#Atmeh<\/a>.<\/p>\n<p>Audio clear here:<a href=\"https:\/\/t.co\/5zDPFSOz5R\">pic.twitter.com\/5zDPFSOz5R<\/a><\/p>\n<p>\u2014 Charles Lister (@Charles_Lister) <a href=\"https:\/\/twitter.com\/Charles_Lister\/status\/1489020935520800771?ref_src=twsrc%5Etfw\">February 2, 2022<\/a><\/p><\/blockquote>\n<p><script async src=\"https:\/\/platform.twitter.com\/widgets.js\" charset=\"utf-8\"><\/script><\/p>\n<p><span style=\"color: #000000;\">Zyrtar\u00ebt sirian\u00eb than\u00eb se gjet\u00ebn trupat e 13 personave pas bastisjes, shkruan <span style=\"color: #0000ff;\"><a style=\"color: #0000ff;\" href=\"https:\/\/www.bbc.com\/news\/world-middle-east-60246129\">BBC<\/a><\/span>.<\/span><\/p>\n<p><span style=\"color: #000000;\">Presidenti Biden tha se t\u00eb gjith\u00eb amerikan\u00ebt e p\u00ebrfshir\u00eb ishin kthyer t\u00eb sigurt nga operacioni, p\u00ebr t\u00eb cilin ai deklaroi se do t\u00eb &#8220;<em>mbronte popullin amerikan dhe aleat\u00ebt tan\u00eb dhe do ta b\u00ebnte bot\u00ebn nj\u00eb vend m\u00eb t\u00eb sigurt&#8221;.<\/em><\/span><\/p>\n<p><span style=\"color: #000000;\">Si\u00e7 shkruan <span style=\"color: #0000ff;\"><a style=\"color: #0000ff;\" href=\"https:\/\/www.reuters.com\/world\/us\/us-led-coalition-operation-northern-syria-targeted-jihadists-2022-02-03\/\">Reuters<\/a><\/span>, Abu Ibrahim al-Hashemi al-Qurayshi kishte udh\u00ebhequr grupin q\u00eb nga vdekja e themeluesit t\u00eb tij Abu Bakr al-Baghdadi, i cili gjithashtu u vra kur shp\u00ebrtheu nj\u00eb eksploziv gjat\u00eb nj\u00eb sulmi t\u00eb SHBA-ve n\u00eb vitin 2019.<\/span><\/p>\n<p><span style=\"color: #000000;\">Qyrayshi kishte mbetur kryesisht n\u00eb hije q\u00eb kur pasoi Bagdadin, i cili udh\u00ebhoqi grupin n\u00eb kulmin e kalifatit t\u00eb tij t\u00eb vet\u00ebshpallur, kur ai kontrollonte pjes\u00eb t\u00eb Siris\u00eb dhe Irakut dhe sundonte mbi miliona njer\u00ebz. Q\u00eb nga humbja e tij n\u00eb fush\u00ebn e betej\u00ebs gati tre vjet m\u00eb par\u00eb, grupi ka kryer sulme kryengrit\u00ebse n\u00eb Irak dhe Siri.<\/span><\/p>\n<blockquote class=\"twitter-tweet\">\n<p dir=\"ltr\" lang=\"en\">President Biden, Vice President Harris and members of the President\u2019s national security team observe the counterterrorism operation responsible for removing from the battlefield Abu Ibrahim al-Hashimi al-Qurayshi \u2014 the leader of ISIS. <a href=\"https:\/\/t.co\/uhK75WeUme\">pic.twitter.com\/uhK75WeUme<\/a><\/p>\n<p>\u2014 The White House (@WhiteHouse) <a href=\"https:\/\/twitter.com\/WhiteHouse\/status\/1489220744320012289?ref_src=twsrc%5Etfw\">February 3, 2022<\/a><\/p><\/blockquote>\n<p><script async src=\"https:\/\/platform.twitter.com\/widgets.js\" charset=\"utf-8\"><\/script><\/p>\n<p><a href=\"https:\/\/www.hashtag.al\/wp-content\/uploads\/2022\/02\/MJA3WQPI25JKTFKKCLJV2JZU7E.jpg\"><img loading=\"lazy\" decoding=\"async\" class=\"aligncenter size-full wp-image-502100\" src=\"https:\/\/www.hashtag.al\/wp-content\/uploads\/2022\/02\/MJA3WQPI25JKTFKKCLJV2JZU7E.jpg\" alt=\"\" width=\"960\" height=\"640\" srcset=\"https:\/\/www.hashtag.al\/wp-content\/uploads\/2022\/02\/MJA3WQPI25JKTFKKCLJV2JZU7E.jpg 960w, https:\/\/www.hashtag.al\/wp-content\/uploads\/2022\/02\/MJA3WQPI25JKTFKKCLJV2JZU7E-300x200.jpg 300w, https:\/\/www.hashtag.al\/wp-content\/uploads\/2022\/02\/MJA3WQPI25JKTFKKCLJV2JZU7E-768x512.jpg 768w\" sizes=\"auto, (max-width: 960px) 100vw, 960px\" \/><\/a><a href=\"https:\/\/www.hashtag.al\/wp-content\/uploads\/2022\/02\/J2WRK4VSLFKYRJOU55FZZLN5NM.jpg\"><img loading=\"lazy\" decoding=\"async\" class=\"aligncenter size-full wp-image-502099\" src=\"https:\/\/www.hashtag.al\/wp-content\/uploads\/2022\/02\/J2WRK4VSLFKYRJOU55FZZLN5NM.jpg\" alt=\"\" width=\"960\" height=\"640\" srcset=\"https:\/\/www.hashtag.al\/wp-content\/uploads\/2022\/02\/J2WRK4VSLFKYRJOU55FZZLN5NM.jpg 960w, https:\/\/www.hashtag.al\/wp-content\/uploads\/2022\/02\/J2WRK4VSLFKYRJOU55FZZLN5NM-300x200.jpg 300w, https:\/\/www.hashtag.al\/wp-content\/uploads\/2022\/02\/J2WRK4VSLFKYRJOU55FZZLN5NM-768x512.jpg 768w\" sizes=\"auto, (max-width: 960px) 100vw, 960px\" \/><\/a><a href=\"https:\/\/www.hashtag.al\/wp-content\/uploads\/2022\/02\/IINH32T2QJLCPDFYL57PUO3RSI.jpg\"><img loading=\"lazy\" decoding=\"async\" class=\"aligncenter size-full wp-image-502098\" src=\"https:\/\/www.hashtag.al\/wp-content\/uploads\/2022\/02\/IINH32T2QJLCPDFYL57PUO3RSI.jpg\" alt=\"\" width=\"960\" height=\"640\" srcset=\"https:\/\/www.hashtag.al\/wp-content\/uploads\/2022\/02\/IINH32T2QJLCPDFYL57PUO3RSI.jpg 960w, https:\/\/www.hashtag.al\/wp-content\/uploads\/2022\/02\/IINH32T2QJLCPDFYL57PUO3RSI-300x200.jpg 300w, https:\/\/www.hashtag.al\/wp-content\/uploads\/2022\/02\/IINH32T2QJLCPDFYL57PUO3RSI-768x512.jpg 768w\" sizes=\"auto, (max-width: 960px) 100vw, 960px\" \/><\/a><a href=\"https:\/\/www.hashtag.al\/wp-content\/uploads\/2022\/02\/3I732OHUQNN3NAEOBXXSVVHJUQ.jpg\"><img loading=\"lazy\" decoding=\"async\" class=\"aligncenter size-full wp-image-502097\" src=\"https:\/\/www.hashtag.al\/wp-content\/uploads\/2022\/02\/3I732OHUQNN3NAEOBXXSVVHJUQ.jpg\" alt=\"\" width=\"960\" height=\"640\" srcset=\"https:\/\/www.hashtag.al\/wp-content\/uploads\/2022\/02\/3I732OHUQNN3NAEOBXXSVVHJUQ.jpg 960w, https:\/\/www.hashtag.al\/wp-content\/uploads\/2022\/02\/3I732OHUQNN3NAEOBXXSVVHJUQ-300x200.jpg 300w, https:\/\/www.hashtag.al\/wp-content\/uploads\/2022\/02\/3I732OHUQNN3NAEOBXXSVVHJUQ-768x512.jpg 768w\" sizes=\"auto, (max-width: 960px) 100vw, 960px\" \/><\/a><a href=\"https:\/\/www.hashtag.al\/wp-content\/uploads\/2022\/02\/123114504_hi073498824-1.jpg\"><img loading=\"lazy\" decoding=\"async\" class=\"aligncenter size-full wp-image-502096\" src=\"https:\/\/www.hashtag.al\/wp-content\/uploads\/2022\/02\/123114504_hi073498824-1.jpg\" alt=\"\" width=\"976\" height=\"549\" srcset=\"https:\/\/www.hashtag.al\/wp-content\/uploads\/2022\/02\/123114504_hi073498824-1.jpg 976w, https:\/\/www.hashtag.al\/wp-content\/uploads\/2022\/02\/123114504_hi073498824-1-300x169.jpg 300w, https:\/\/www.hashtag.al\/wp-content\/uploads\/2022\/02\/123114504_hi073498824-1-768x432.jpg 768w\" sizes=\"auto, (max-width: 976px) 100vw, 976px\" \/><\/a><a href=\"https:\/\/www.hashtag.al\/wp-content\/uploads\/2022\/02\/123110796_mediaitem123110789.jpg\"><img loading=\"lazy\" decoding=\"async\" class=\"aligncenter size-full wp-image-502095\" src=\"https:\/\/www.hashtag.al\/wp-content\/uploads\/2022\/02\/123110796_mediaitem123110789.jpg\" alt=\"\" width=\"976\" height=\"549\" srcset=\"https:\/\/www.hashtag.al\/wp-content\/uploads\/2022\/02\/123110796_mediaitem123110789.jpg 976w, https:\/\/www.hashtag.al\/wp-content\/uploads\/2022\/02\/123110796_mediaitem123110789-300x169.jpg 300w, https:\/\/www.hashtag.al\/wp-content\/uploads\/2022\/02\/123110796_mediaitem123110789-768x432.jpg 768w\" sizes=\"auto, (max-width: 976px) 100vw, 976px\" \/><\/a><a href=\"https:\/\/www.hashtag.al\/wp-content\/uploads\/2022\/02\/123114504_hi073498824.jpg\"><img loading=\"lazy\" decoding=\"async\" class=\"aligncenter size-full wp-image-502091\" src=\"https:\/\/www.hashtag.al\/wp-content\/uploads\/2022\/02\/123114504_hi073498824.jpg\" alt=\"\" width=\"976\" height=\"549\" srcset=\"https:\/\/www.hashtag.al\/wp-content\/uploads\/2022\/02\/123114504_hi073498824.jpg 976w, https:\/\/www.hashtag.al\/wp-content\/uploads\/2022\/02\/123114504_hi073498824-300x169.jpg 300w, https:\/\/www.hashtag.al\/wp-content\/uploads\/2022\/02\/123114504_hi073498824-768x432.jpg 768w\" sizes=\"auto, (max-width: 976px) 100vw, 976px\" \/><\/a><\/p>\n","protected":false,"gt_translate_keys":[{"key":"rendered","format":"html"}]},"excerpt":{"rendered":"<p>Udh\u00ebheq\u00ebsi i grupit t\u00eb Shtetit Islamik (IS, dikur ISIS) \u00ebsht\u00eb vrar\u00eb gjat\u00eb nj\u00eb sulmi t\u00eb forcave speciale amerikane gjat\u00eb nat\u00ebs s\u00eb kaluar n\u00eb veriper\u00ebndim t\u00eb Siris\u00eb. B\u00ebhet fjal\u00eb p\u00ebr Abu Ibrahim al-Hashimi al-Qurayshi. Lajmin e dha vet\u00eb presidenti i SHBA-ve, Joe Biden i cili tha: \u201cFal\u00eb aft\u00ebsive dhe trim\u00ebris\u00eb s\u00eb forcave tona t\u00eb armatosura, ne [&hellip;]<\/p>\n","protected":false,"gt_translate_keys":[{"key":"rendered","format":"html"}]},"author":30,"featured_media":502081,"comment_status":"closed","ping_status":"closed","sticky":false,"template":"","format":"standard","meta":{"footnotes":""},"categories":[22,6,13],"tags":[],"class_list":["post-502080","post","type-post","status-publish","format-standard","has-post-thumbnail","hentry","category-ballina","category-nderkombetare","category-te-fundit"],"gt_translate_keys":[{"key":"link","format":"url"}],"_links":{"self":[{"href":"https:\/\/www.hashtag.al\/index.php\/wp-json\/wp\/v2\/posts\/502080","targetHints":{"allow":["GET"]}}],"collection":[{"href":"https:\/\/www.hashtag.al\/index.php\/wp-json\/wp\/v2\/posts"}],"about":[{"href":"https:\/\/www.hashtag.al\/index.php\/wp-json\/wp\/v2\/types\/post"}],"author":[{"embeddable":true,"href":"https:\/\/www.hashtag.al\/index.php\/wp-json\/wp\/v2\/users\/30"}],"replies":[{"embeddable":true,"href":"https:\/\/www.hashtag.al\/index.php\/wp-json\/wp\/v2\/comments?post=502080"}],"version-history":[{"count":0,"href":"https:\/\/www.hashtag.al\/index.php\/wp-json\/wp\/v2\/posts\/502080\/revisions"}],"wp:featuredmedia":[{"embeddable":true,"href":"https:\/\/www.hashtag.al\/index.php\/wp-json\/wp\/v2\/media\/502081"}],"wp:attachment":[{"href":"https:\/\/www.hashtag.al\/index.php\/wp-json\/wp\/v2\/media?parent=502080"}],"wp:term":[{"taxonomy":"category","embeddable":true,"href":"https:\/\/www.hashtag.al\/index.php\/wp-json\/wp\/v2\/categories?post=502080"},{"taxonomy":"post_tag","embeddable":true,"href":"https:\/\/www.hashtag.al\/index.php\/wp-json\/wp\/v2\/tags?post=502080"}],"curies":[{"name":"wp","href":"https:\/\/api.w.org\/{rel}","templated":true}]}}