{"id":502046,"date":"2022-02-03T14:59:44","date_gmt":"2022-02-03T13:59:44","guid":{"rendered":"https:\/\/www.hashtag.al\/?p=502046"},"modified":"2022-02-03T14:59:44","modified_gmt":"2022-02-03T13:59:44","slug":"albana-vokshi-administrata-publike-detyrohet-qe-te-angazhohet-edhe-si-patronazhiste-per-te-siguruar-vota-per-partine-shtet-sa-patronazhiste-kishin-manastirliu-dhe-manja-ne-zgjedhjet-e-25-prillit","status":"publish","type":"post","link":"https:\/\/www.hashtag.al\/index.php\/2022\/02\/03\/albana-vokshi-administrata-publike-detyrohet-qe-te-angazhohet-edhe-si-patronazhiste-per-te-siguruar-vota-per-partine-shtet-sa-patronazhiste-kishin-manastirliu-dhe-manja-ne-zgjedhjet-e-25-prillit\/","title":{"rendered":"Albana Vokshi: Administrata Publike detyrohet q\u00eb t\u00eb angazhohet edhe si patronazhiste p\u00ebr t\u00eb siguruar vota p\u00ebr partin\u00eb shtet, sa patronazhist\u00eb kishin Manastirliu dhe Manja n\u00eb zgjedhjet e 25 Prillit","gt_translate_keys":[{"key":"rendered","format":"text"}]},"content":{"rendered":"<p><span style=\"color: #000000;\"><a href=\"https:\/\/www.hashtag.al\/wp-content\/uploads\/2022\/02\/m.jpg\"><img loading=\"lazy\" decoding=\"async\" class=\"aligncenter size-full wp-image-502048\" src=\"https:\/\/www.hashtag.al\/wp-content\/uploads\/2022\/02\/m.jpg\" alt=\"\" width=\"835\" height=\"423\" srcset=\"https:\/\/www.hashtag.al\/wp-content\/uploads\/2022\/02\/m.jpg 835w, https:\/\/www.hashtag.al\/wp-content\/uploads\/2022\/02\/m-300x152.jpg 300w, https:\/\/www.hashtag.al\/wp-content\/uploads\/2022\/02\/m-768x389.jpg 768w\" sizes=\"auto, (max-width: 835px) 100vw, 835px\" \/><\/a><\/span><\/p>\n<p><span style=\"color: #000000;\">Deputetja demokrate e Komisionit t\u00eb Rithemelimit t\u00eb PD-s\u00eb Albana Vokshi ka denoncuar sot n\u00eb Parlament dhun\u00ebn dhe diskriminimin n\u00eb vendin e pun\u00ebs.<\/span><\/p>\n<p><span style=\"color: #000000;\">Vokshi p\u00ebrmendi k\u00ebrc\u00ebnimet n\u00eb administrat\u00ebn publike ndaj punonj\u00ebsve, p\u00ebr t\u2019u angazhuar n\u00eb fushata zgjedhore dhe p\u00ebr t\u00eb kryer edhe detyr\u00ebn e patronazhistit.<\/span><\/p>\n<p><span style=\"color: #000000;\">Ajo tha se vet\u00ebm n\u00eb nj\u00ebsit\u00eb 9 dhe 11 n\u00eb Tiran\u00eb, jan\u00eb angazhuar rreth 700 patronazhist\u00eb nga ministrja e Sh\u00ebndet\u00ebsis\u00eb Ogerta Manastirliu dhe 520 p\u00ebr ministrin e Drejt\u00ebsis\u00eb Ulsi Manja, t\u00eb cil\u00ebt kan\u00eb patronazhuar mi\u00ebjra qytetar\u00eb.<\/span><\/p>\n<p><em><span style=\"color: #000000;\">\u201cProbleme ka jo vet\u00ebm n\u00eb sektorin privat, dhun\u00eb, diskriminim, ngacmime, k\u00ebrc\u00ebnime, shantazhe ndodhin n\u00eb m\u00ebnyr\u00eb t\u00eb p\u00ebrditshme n\u00eb sektorin publik.<\/span><\/em><\/p>\n<p><em><span style=\"color: #000000;\">Mij\u00ebra raste t\u00eb shkarkimit dhe hedhjes n\u00eb rrug\u00eb t\u00eb punonj\u00ebsve t\u00eb administrat\u00ebs, vet\u00ebm p\u00ebr motive politike. Edhe sot paguhen dy rroga p\u00ebr nj\u00eb vend pune, duke sjell\u00eb nj\u00eb d\u00ebm t\u00eb konsideruesh\u00ebm n\u00eb buxhetin e shtetit. Qindra vendime gjykate q\u00eb nuk implementohen, sepse ministri apo deputeti i maxhoranc\u00ebs do t\u00eb mbaj\u00eb at\u00eb militantin apo at\u00eb patronazhistin n\u00eb at\u00eb vend pune.<\/span><\/em><\/p>\n<p><em><span style=\"color: #000000;\">Sot administrata publike \u00ebsht\u00eb n\u00eb terrorin e shefit, drejtorit, zv.ministrit, ministrit e me radh\u00eb nga gjith\u00eb hierarkia shtet\u00ebrore. Administrata Publike detyrohet q\u00eb t\u00eb kryej\u00eb detyrat shtet\u00ebrore por n\u00eb fushata elektorale duhet t\u00eb angazhohet edhe si patronazhiste p\u00ebr t\u00eb siguruar vota p\u00ebr partin\u00eb shtet.<\/span><\/em><\/p>\n<p><em><span style=\"color: #000000;\">E n\u00ebse kund\u00ebrshtojn\u00eb, edhe ata do t\u00eb shtohen n\u00eb radh\u00ebn e t\u00eb papun\u00ebve n\u00eb Shqip\u00ebri, e cila ka kapur shifra alarmante, sidomos gjat\u00eb periudh\u00ebs s\u00eb pandemis\u00eb.<\/span><\/em><\/p>\n<p><em><span style=\"color: #000000;\">P\u00ebr ta b\u00ebr\u00eb m\u00eb t\u00eb qart\u00eb, a e dini se sa punonj\u00ebs t\u00eb administrat\u00ebs kan\u00eb b\u00ebr\u00eb patronazhistin gjat\u00eb fushat\u00ebs zgjedhore t\u00eb 25 Prillit n\u00eb nj\u00ebsit\u00eb administrative 9 dhe 11?<\/span><\/em><\/p>\n<p><em><span style=\"color: #000000;\">P\u00ebr ministren Manastirliu, rreth 700 patronazhist\u00eb n\u00eb total. P\u00ebr 355 ka informacion nga k\u00ebta, 250 jan\u00eb n\u00ebpun\u00ebs civil\u00eb t\u00eb cil\u00ebt kan\u00eb patronazhuar 25 mij\u00eb e 445 qytetar\u00eb, votues. P\u00ebr zotin Manja kan\u00eb punuar 520 patronazhist\u00eb, rreth 180 n\u00ebpun\u00ebs civil\u00eb q\u00eb kan\u00eb patronazhuar 18 mij\u00eb e 480 t\u00eb patronazhuar, ja pra dhuna dhe diskriminimi q\u00eb ushtrohet ndaj punonj\u00ebsve civil\u00eb t\u00eb administrat\u00ebs. Kam \u00e7uar kall\u00ebzim n\u00eb SPAK, por ai hesht p\u00ebr krimin m\u00eb t\u00eb madh zgjedhor q\u00eb dhunoi t\u00eb drejt\u00ebn kushtetuese p\u00ebr t\u00eb votuar t\u00eb lir\u00eb.<\/span><\/em><\/p>\n<p><span style=\"color: #000000;\"><em>P\u00ebr fat t\u00eb keq, presioni mbi rrog\u00ebn e ka shnd\u00ebrruar armat\u00ebn e t\u00eb pun\u00ebsuarve n\u00eb nj\u00eb trup\u00eb pa forc\u00eb reagimi, e p\u00ebr m\u00eb tep\u00ebr pa nj\u00eb vizion dhe orientim p\u00ebr t\u00eb k\u00ebrkuar t\u00eb drejtat e tyre.\u201d<\/em>&#8211; deklaroi Vokshi.<\/span><\/p>\n<p><span style=\"color: #000000;\">Pak m\u00eb her\u00ebt, ajo p\u00ebrmendi sektorin privat, duke iu referuar nj\u00eb proteste t\u00eb dy dit\u00ebve m\u00eb par\u00eb t\u00eb punonj\u00ebseve t\u00eb nj\u00eb biznesi fason q\u00eb k\u00ebrkonin t\u00eb drejtat e tyre t\u00eb sanksionuara me ligj, p\u00ebr t\u2019u paguar p\u00ebr or\u00ebt shtes\u00eb dhe pun\u00ebn n\u00eb fundjav\u00eb.<\/span><\/p>\n<p><em><span style=\"color: #000000;\">\u201cPara dy dit\u00ebsh po ndiqja nj\u00eb kronik\u00eb televizive, ku disa zonja, punonj\u00ebse t\u00eb nj\u00eb biznesi fason protestonin p\u00ebr kushtet minimale n\u00eb vendin e pun\u00ebs. \u00c7far\u00eb k\u00ebrkonin ato? K\u00ebrkonin q\u00eb pronari i kompanis\u00eb t\u2019i paguante p\u00ebr or\u00ebt shtes\u00eb dhe t\u2019i paguante kur ato punonin gjat\u00eb fundjav\u00ebs, pra t\u00eb shtunave e t\u00eb dielave. P\u00ebr nj\u00eb vend demokratik dhe per\u00ebndimor ku Shqip\u00ebria d\u00ebshiron t\u00eb bashkohet, k\u00ebrkesat e k\u00ebtyre zonjave do dukeshin krejt absurde. Pse? Sepse jan\u00eb t\u00eb sanksionuara n\u00eb ligj, n\u00eb Kodin e Pun\u00ebs dhe n\u00eb Kushtetut\u00eb.<\/span><\/em><\/p>\n<p><em><span style=\"color: #000000;\">Por n\u00eb vendin ton\u00eb t\u00eb varf\u00ebruar, t\u00eb vjedhur, t\u00eb keq qeverisur nga k\u00ebta q\u00eb jan\u00eb ulur pas meje, t\u00eb pun\u00ebsuarit duhet t\u00eb k\u00ebrkojn\u00eb edhe t\u00eb drejtat e tyre minimale e s\u2019mund t\u00eb k\u00ebrkojn\u00eb m\u00eb tep\u00ebr.<\/span><\/em><\/p>\n<p><em><span style=\"color: #000000;\">Edhe k\u00ebto k\u00ebrkesa minimale \u00ebsht\u00eb e v\u00ebshtir\u00eb q\u00eb do t\u00eb mund t\u2019ju plot\u00ebsohen. Edhe pse p\u00ebrcaktohen pra qart\u00eb n\u00eb legjislacion.<\/span><\/em><\/p>\n<p><em><span style=\"color: #000000;\">K\u00ebto gra e vajza ashtu sikurse shum\u00eb t\u00eb tjera p\u00ebrpara tyre do t\u00eb detyrohen t\u00eb mbyllin goj\u00ebn, do t\u00eb kthehen kok\u00ebulur n\u00eb vendin e pun\u00ebs ose n\u00eb t\u00eb kund\u00ebrt do t\u00eb mund edhe t\u00eb largohen dhe t\u00eb humbasin pag\u00ebn me t\u00eb cil\u00ebn mbajn\u00eb familjen.<\/span><\/em><\/p>\n<p><em><span style=\"color: #000000;\">K\u00ebrc\u00ebnimi me vendin e pun\u00ebs \u00ebsht\u00eb forma m\u00eb e p\u00ebrhapur e diskriminimit. Pse? Sepse n\u00eb Shqip\u00ebri shteti nuk funksionon. Shteti nuk mbron qytetarin, nuk mbron punonj\u00ebsin por e sheh at\u00eb si armik.<\/span><\/em><\/p>\n<p><span style=\"color: #000000;\"><em>Shihni dhun\u00ebn, diskriminimin, p\u00ebr\u00e7mimin, injorimin e shtetit ndaj qytetar\u00ebve t\u00eb 5 Majit, t\u00eb Laprak\u00ebs, t\u00eb Paskuqanit q\u00eb k\u00ebrkojn\u00eb zbatimin e legjislacionit aktual dhe t\u00eb konventave nd\u00ebrkomb\u00ebtare. Edi Rama i sheh ata si armiq sa her\u00eb q\u00eb i pengojn\u00eb aferat e m\u00ebdha korruptive.<\/em>\u201d- tha Vokshi.<\/span><\/p>\n","protected":false,"gt_translate_keys":[{"key":"rendered","format":"html"}]},"excerpt":{"rendered":"<p>Deputetja demokrate e Komisionit t\u00eb Rithemelimit t\u00eb PD-s\u00eb Albana Vokshi ka denoncuar sot n\u00eb Parlament dhun\u00ebn dhe diskriminimin n\u00eb vendin e pun\u00ebs. Vokshi p\u00ebrmendi k\u00ebrc\u00ebnimet n\u00eb administrat\u00ebn publike ndaj punonj\u00ebsve, p\u00ebr t\u2019u angazhuar n\u00eb fushata zgjedhore dhe p\u00ebr t\u00eb kryer edhe detyr\u00ebn e patronazhistit. Ajo tha se vet\u00ebm n\u00eb nj\u00ebsit\u00eb 9 dhe 11 n\u00eb Tiran\u00eb, [&hellip;]<\/p>\n","protected":false,"gt_translate_keys":[{"key":"rendered","format":"html"}]},"author":30,"featured_media":502048,"comment_status":"closed","ping_status":"closed","sticky":false,"template":"","format":"standard","meta":{"footnotes":""},"categories":[65,13],"tags":[],"class_list":["post-502046","post","type-post","status-publish","format-standard","has-post-thumbnail","hentry","category-lajme","category-te-fundit"],"gt_translate_keys":[{"key":"link","format":"url"}],"_links":{"self":[{"href":"https:\/\/www.hashtag.al\/index.php\/wp-json\/wp\/v2\/posts\/502046","targetHints":{"allow":["GET"]}}],"collection":[{"href":"https:\/\/www.hashtag.al\/index.php\/wp-json\/wp\/v2\/posts"}],"about":[{"href":"https:\/\/www.hashtag.al\/index.php\/wp-json\/wp\/v2\/types\/post"}],"author":[{"embeddable":true,"href":"https:\/\/www.hashtag.al\/index.php\/wp-json\/wp\/v2\/users\/30"}],"replies":[{"embeddable":true,"href":"https:\/\/www.hashtag.al\/index.php\/wp-json\/wp\/v2\/comments?post=502046"}],"version-history":[{"count":0,"href":"https:\/\/www.hashtag.al\/index.php\/wp-json\/wp\/v2\/posts\/502046\/revisions"}],"wp:featuredmedia":[{"embeddable":true,"href":"https:\/\/www.hashtag.al\/index.php\/wp-json\/wp\/v2\/media\/502048"}],"wp:attachment":[{"href":"https:\/\/www.hashtag.al\/index.php\/wp-json\/wp\/v2\/media?parent=502046"}],"wp:term":[{"taxonomy":"category","embeddable":true,"href":"https:\/\/www.hashtag.al\/index.php\/wp-json\/wp\/v2\/categories?post=502046"},{"taxonomy":"post_tag","embeddable":true,"href":"https:\/\/www.hashtag.al\/index.php\/wp-json\/wp\/v2\/tags?post=502046"}],"curies":[{"name":"wp","href":"https:\/\/api.w.org\/{rel}","templated":true}]}}