{"id":502044,"date":"2022-02-03T14:26:00","date_gmt":"2022-02-03T13:26:00","guid":{"rendered":"https:\/\/www.hashtag.al\/?p=502044"},"modified":"2022-02-03T14:26:00","modified_gmt":"2022-02-03T13:26:00","slug":"seanca-ne-kushtetuese-meta-falenderoj-keshilltaret-e-mi-per-punen-e-shkelqyer-jo-vetem-do-i-dorezoj-pergjigjet-e-72-pyetjeve-por-do-ua-lexoj-cdo-shqiptari","status":"publish","type":"post","link":"https:\/\/www.hashtag.al\/index.php\/2022\/02\/03\/seanca-ne-kushtetuese-meta-falenderoj-keshilltaret-e-mi-per-punen-e-shkelqyer-jo-vetem-do-i-dorezoj-pergjigjet-e-72-pyetjeve-por-do-ua-lexoj-cdo-shqiptari\/","title":{"rendered":"Seanca n\u00eb Kushtetuese\/ Meta: Falenderoj k\u00ebshilltar\u00ebt e mi p\u00ebr pun\u00ebn e shk\u00eblqyer, jo vet\u00ebm do i dor\u00ebzoj p\u00ebrgjigjet e 72 pyetjeve por do ua lexoj \u00e7do shqiptari","gt_translate_keys":[{"key":"rendered","format":"text"}]},"content":{"rendered":"<p><span style=\"color: #000000;\"><a href=\"https:\/\/www.hashtag.al\/wp-content\/uploads\/2022\/02\/ilirmeta.jpg\"><img loading=\"lazy\" decoding=\"async\" class=\"aligncenter size-full wp-image-501703\" src=\"https:\/\/www.hashtag.al\/wp-content\/uploads\/2022\/02\/ilirmeta.jpg\" alt=\"\" width=\"1280\" height=\"853\" srcset=\"https:\/\/www.hashtag.al\/wp-content\/uploads\/2022\/02\/ilirmeta.jpg 1280w, https:\/\/www.hashtag.al\/wp-content\/uploads\/2022\/02\/ilirmeta-300x200.jpg 300w, https:\/\/www.hashtag.al\/wp-content\/uploads\/2022\/02\/ilirmeta-1024x682.jpg 1024w, https:\/\/www.hashtag.al\/wp-content\/uploads\/2022\/02\/ilirmeta-768x512.jpg 768w\" sizes=\"auto, (max-width: 1280px) 100vw, 1280px\" \/><\/a><\/span><\/p>\n<p><span style=\"color: #000000;\">Presidenti i vendit Ilir Meta ka reaguar pas seanc\u00ebs s\u00eb mbajtur sot n\u00eb Gjykat\u00ebn Kushtetuese p\u00ebr shkarkimin e tij.<\/span><\/p>\n<p><span style=\"color: #000000;\">Ai falenderon k\u00ebshilltar\u00ebt e tij p\u00ebr pun\u00ebn e b\u00ebr\u00eb gjat\u00eb k\u00ebtij procesi gjyq\u00ebsor, nd\u00ebrsa shton se brenda afatit t\u00eb l\u00ebn\u00eb do t\u00eb kthej\u00eb p\u00ebrgjigje p\u00ebr t\u00eb 72 pyetjet e Kushtetueses.<\/span><\/p>\n<p><em><span style=\"color: #000000;\">\u201cFalenderoj K\u00ebshilltar\u00ebt e mi p\u00ebr pun\u00ebn e shk\u00eblqyer, q\u00eb kan\u00eb b\u00ebr\u00eb gjat\u00eb fars\u00ebs gjyq\u00ebsore t\u00eb iniciuar nga ish-Kuvendi monist dhe antikushtetues.<\/span><\/em><\/p>\n<p><em><span style=\"color: #000000;\">Pasi u njoha me 72 pyetjet e an\u00ebtar\u00ebve t\u00eb Gjykat\u00ebs Kushtetuese, brenda 48 or\u00ebve jo vet\u00ebm do t\u00eb dor\u00ebzojm\u00eb 72 p\u00ebrgjigjet, por personalisht si President i Republik\u00ebs do ua lexoj t\u00eb gjith\u00eb qytetar\u00ebve t\u00eb Republik\u00ebs p\u00ebrgjigjen p\u00ebr \u00e7do pyetje, nga Institucioni i Kryetarit t\u00eb Shtetit.<\/span><\/em><\/p>\n<p><span style=\"color: #000000;\"><em>Mir\u00eb u takofshim sonte n\u00eb ora 21:00 n\u00eb &#8216;Frontline&#8217;, n\u00eb NEWS 24.\u201d<\/em>&#8211; shkruan Meta.<\/span><\/p>\n<p><span style=\"color: #000000;\">Gjykata Kushtetuese e Shqip\u00ebris\u00eb vendosi q\u00eb t\u00eb shtyj\u00eb p\u00ebr t\u00eb h\u00ebn\u00ebn seanc\u00ebn p\u00ebr shqyrtimin e shkarkimit t\u00eb presidentit t\u00eb shtetit, Ilir Meta.<\/span><\/p>\n<p><span style=\"color: #000000;\">An\u00ebtar\u00ebt e Gjykat\u00ebs i drejtuan 70 pyetje p\u00ebrfaq\u00ebsuesit ligjor t\u00eb presidentit, Bledar Dervishaj, i cili k\u00ebrkoi 48 or\u00eb koh\u00eb p\u00ebr t\u2019iu p\u00ebrgjigjur pyetjeve, me argumentin se duhet t\u00eb informoj\u00eb presidentin q\u00eb nuk ishte i pranish\u00ebm, p\u00ebr k\u00ebto pyetje.<\/span><\/p>\n","protected":false,"gt_translate_keys":[{"key":"rendered","format":"html"}]},"excerpt":{"rendered":"<p>Presidenti i vendit Ilir Meta ka reaguar pas seanc\u00ebs s\u00eb mbajtur sot n\u00eb Gjykat\u00ebn Kushtetuese p\u00ebr shkarkimin e tij. Ai falenderon k\u00ebshilltar\u00ebt e tij p\u00ebr pun\u00ebn e b\u00ebr\u00eb gjat\u00eb k\u00ebtij procesi gjyq\u00ebsor, nd\u00ebrsa shton se brenda afatit t\u00eb l\u00ebn\u00eb do t\u00eb kthej\u00eb p\u00ebrgjigje p\u00ebr t\u00eb 72 pyetjet e Kushtetueses. \u201cFalenderoj K\u00ebshilltar\u00ebt e mi p\u00ebr pun\u00ebn [&hellip;]<\/p>\n","protected":false,"gt_translate_keys":[{"key":"rendered","format":"html"}]},"author":30,"featured_media":501703,"comment_status":"closed","ping_status":"closed","sticky":false,"template":"","format":"standard","meta":{"footnotes":""},"categories":[65,13],"tags":[],"class_list":["post-502044","post","type-post","status-publish","format-standard","has-post-thumbnail","hentry","category-lajme","category-te-fundit"],"gt_translate_keys":[{"key":"link","format":"url"}],"_links":{"self":[{"href":"https:\/\/www.hashtag.al\/index.php\/wp-json\/wp\/v2\/posts\/502044","targetHints":{"allow":["GET"]}}],"collection":[{"href":"https:\/\/www.hashtag.al\/index.php\/wp-json\/wp\/v2\/posts"}],"about":[{"href":"https:\/\/www.hashtag.al\/index.php\/wp-json\/wp\/v2\/types\/post"}],"author":[{"embeddable":true,"href":"https:\/\/www.hashtag.al\/index.php\/wp-json\/wp\/v2\/users\/30"}],"replies":[{"embeddable":true,"href":"https:\/\/www.hashtag.al\/index.php\/wp-json\/wp\/v2\/comments?post=502044"}],"version-history":[{"count":0,"href":"https:\/\/www.hashtag.al\/index.php\/wp-json\/wp\/v2\/posts\/502044\/revisions"}],"wp:featuredmedia":[{"embeddable":true,"href":"https:\/\/www.hashtag.al\/index.php\/wp-json\/wp\/v2\/media\/501703"}],"wp:attachment":[{"href":"https:\/\/www.hashtag.al\/index.php\/wp-json\/wp\/v2\/media?parent=502044"}],"wp:term":[{"taxonomy":"category","embeddable":true,"href":"https:\/\/www.hashtag.al\/index.php\/wp-json\/wp\/v2\/categories?post=502044"},{"taxonomy":"post_tag","embeddable":true,"href":"https:\/\/www.hashtag.al\/index.php\/wp-json\/wp\/v2\/tags?post=502044"}],"curies":[{"name":"wp","href":"https:\/\/api.w.org\/{rel}","templated":true}]}}