{"id":502028,"date":"2022-02-03T13:38:18","date_gmt":"2022-02-03T12:38:18","guid":{"rendered":"https:\/\/www.hashtag.al\/?p=502028"},"modified":"2022-02-03T13:38:18","modified_gmt":"2022-02-03T12:38:18","slug":"spiropali-replikon-me-berishen-po-i-bini-braves-tone-qe-te-degjoje-brava-juaj-biri-juaj-politik-nuk-ndryshon-te-pakten-ndryshoni-ju-qe-te-kemi-shpetim","status":"publish","type":"post","link":"https:\/\/www.hashtag.al\/index.php\/2022\/02\/03\/spiropali-replikon-me-berishen-po-i-bini-braves-tone-qe-te-degjoje-brava-juaj-biri-juaj-politik-nuk-ndryshon-te-pakten-ndryshoni-ju-qe-te-kemi-shpetim\/","title":{"rendered":"Spiropali replikon me Berish\u00ebn: Po i bini brav\u00ebs ton\u00eb q\u00eb t\u00eb d\u00ebgjoj\u00eb brava juaj, biri juaj politik nuk ndryshon, t\u00eb pakt\u00ebn ndryshoni ju q\u00eb t\u00eb kemi shp\u00ebtim","gt_translate_keys":[{"key":"rendered","format":"text"}]},"content":{"rendered":"<p><span style=\"color: #000000;\"><a href=\"https:\/\/www.hashtag.al\/wp-content\/uploads\/2022\/02\/Spiropali.jpg\"><img loading=\"lazy\" decoding=\"async\" class=\"aligncenter size-full wp-image-502029\" src=\"https:\/\/www.hashtag.al\/wp-content\/uploads\/2022\/02\/Spiropali.jpg\" alt=\"\" width=\"835\" height=\"424\" srcset=\"https:\/\/www.hashtag.al\/wp-content\/uploads\/2022\/02\/Spiropali.jpg 835w, https:\/\/www.hashtag.al\/wp-content\/uploads\/2022\/02\/Spiropali-300x152.jpg 300w, https:\/\/www.hashtag.al\/wp-content\/uploads\/2022\/02\/Spiropali-768x390.jpg 768w\" sizes=\"auto, (max-width: 835px) 100vw, 835px\" \/><\/a><\/span><\/p>\n<p><span style=\"color: #000000;\">Ministrja p\u00ebr Marr\u00ebdh\u00ebnien me Parlamentin, Elisa Spiropali ka replikuar me ish-kryeministrin Sali Berisha pas fjalimit t\u00eb tij n\u00eb Kuvend ku denoncoi lidhjet e qeveris\u00eb me krimin e organizuar.<\/span><\/p>\n<p><span style=\"color: #000000;\">Spiropali e ironizoi Berish\u00ebn duke th\u00ebn\u00eb se \u201cpo i bini brav\u00ebs ton\u00eb, q\u00eb t\u00eb d\u00ebgjoj\u00eb brava juaj\u201d, duke iu referuar kreut t\u00eb PD-s\u00eb Lulzim Basha.<\/span><\/p>\n<p><span style=\"color: #000000;\">Spirpali i ka cil\u00ebsuar si fantazi pretendimet e Berish\u00ebs p\u00ebr drog\u00ebn dhe raportet nd\u00ebrkomb\u00ebtare p\u00ebr krimin dhe trafikun e drog\u00ebs n\u00eb Shqip\u00ebri.<\/span><\/p>\n<p><span style=\"color: #000000;\">Ministrja Spiropali i tha Berish\u00ebs s\u00eb pavar\u00ebsisht ndarjes me Bash\u00ebn, ata t\u00eb dy jan\u00eb p\u00ebrs\u00ebri bashk\u00eb si dikur me gjih\u00ebn q\u00eb p\u00ebrdorin.<\/span><\/p>\n<p><em><span style=\"color: #000000;\">\u201cUn\u00eb e kuptoj at\u00eb q\u00eb ju po b\u00ebni. Ju po i bini der\u00ebs son\u00eb q\u00eb t\u00eb d\u00ebgjoj\u00eb vrava juaj. Por as dera jon\u00eb nuk ka nd\u00ebrmend t\u00eb tundet dhe si duket as brava e tyre nuk ka nd\u00ebrmend t\u00eb shembet. Doli pak m\u00eb e fort\u00eb se\u00e7 e kishit menduar.<\/span><\/em><\/p>\n<p><em><span style=\"color: #000000;\">P\u00ebr t\u2019iu kthyer asaj q\u00eb ju that\u00eb dhe p\u00ebr t\u00eb b\u00ebr\u00eb nj\u00eb sqarim t\u00eb p\u00ebrgjithsh\u00ebm, meq\u00eb jemi edhe n\u00eb prag t\u00eb nj\u00eb fushate zgjedhore p\u00ebr zgjedhjet e pjesshme ku sigurisht n\u00eb 7 mars biri juaj politik do t\u00eb dal\u00eb e t\u00eb thot\u00eb \u2018bandat e Saliut, t\u00eb Met\u00ebs dhe t\u00eb Ram\u00ebs vodh\u00ebn k\u00ebto zgjedhje, por beteja sapo ka filluar dhe t\u2019ja nisim nga fillimi betej\u00ebs son\u00eb kund\u00ebr krimit\u2019. Duke p\u00ebrs\u00ebritur k\u00ebto q\u00eb sapo u than\u00eb k\u00ebtu \u00ebsht\u00eb e kot\u00eb ta paraprini.<\/span><\/em><\/p>\n<p><em><span style=\"color: #000000;\">L\u00ebreni t\u00eb b\u00ebj\u00eb fjalimin e tij kur t\u00eb vij\u00eb biri politik, sepse ngjan si dy pika uji me at\u00eb q\u00eb thoni ju. Ai ka m\u00ebsuar kaset\u00ebn tuaj dhe e p\u00ebrs\u00ebrit. Ndryshoni ju q\u00eb t\u00eb kemi shp\u00ebtim. Meq\u00eb n\u00eb zgjedhjet e pjesshme jeni ndar\u00eb n\u00eb sht\u00ebpi t\u00eb ndryshme mua m\u00eb vjen n\u00eb mendje nj\u00eb shprehje popullore: Ej moj kasolle ku na mblodhe.<\/span><\/em><\/p>\n<p><em><span style=\"color: #000000;\">P\u00ebr problemet e shqiptar\u00ebve e pun\u00ebt e tyre ata iu kan\u00eb provuar dhe e kan\u00eb dh\u00ebn\u00eb p\u00ebrgjigjen me vot\u00eb. Biri juaj ka humbur 5 a 7 zgjedhje. E ju nga 2013 e k\u00ebndej keni sh\u00ebnuar humbje pas humbje.<\/span><\/em><\/p>\n<p><em><span style=\"color: #000000;\">K\u00ebt\u00eb pun\u00eb kemi ne me ju. Ato shifrat e krimit dhe ato \u00ebndrrat me narko-qeveri e pushtim t\u00eb drog\u00ebs nga Amerika Latine, nuk ua besojn\u00eb as partner\u00ebt q\u00eb keni ca probleme koh\u00ebt e fundit dhe me ask\u00ebnd tjet\u00ebr. Ky nuk \u00ebsht\u00eb vend i krimit. Por \u00ebsht\u00eb nj\u00eb vend q\u00eb ka problemet e veta me krimin, por q\u00eb ka vendosur n\u00eb drejt\u00ebsin\u00eb e ka vendosur prioritet p\u00ebr t\u00eb luftuar krimin e organizuar t\u00eb lidhur me politik\u00ebn. Zero probleme me fqinj\u00ebt. Shqip\u00ebria nj\u00eb vend luajal n\u00eb marr\u00ebdh\u00ebnie me fqinj\u00ebt. Kur k\u00ebtu vijn\u00eb president\u00eb t\u00eb komisionit, t\u00eb parlamentit evropian dhe thon\u00eb me goj\u00ebn e tyre q\u00eb Shqip\u00ebria ka b\u00ebr\u00eb t\u00eb gjitha detyrat. Ata japin dhe tellalli juaj nuk e sheh. Fakti q\u00eb Shqip\u00ebria \u00ebsht\u00eb gati t\u00eb ulet n\u00eb tryez\u00ebn e Par\u00eb Nd\u00ebrqeveritare, ju nuk e d\u00ebgjoni.<\/span><\/em><\/p>\n<p><span style=\"color: #000000;\"><em>Ta ket\u00eb t\u00eb qart\u00eb edhe ai q\u00eb s\u2019mund t\u00eb laj\u00eb m\u00ebkatet e tij duke recituar m\u00ebkatet e t\u00eb tjer\u00ebve. Bashk\u00eb ishit, bashk\u00eb i keni b\u00ebr\u00eb, kur sulmonit institucionet dhe bashk\u00eb jeni sot me gjuh\u00ebn tuaj. \u00cbsht\u00eb si ajo kasollja q\u00eb pavar\u00ebsisht se ndahet n\u00eb anekse \u00ebsht\u00eb e nj\u00ebjta. Ju, jeni jasht\u00eb k\u00ebsaj pune. N\u00ebse riformoheni, ndryshoheni q\u00eb e shoh t\u00eb pamundur, mund t\u00eb vini k\u00ebtu s\u00eb bashku me birin tuaj i kthyer n\u00eb nj\u00eb kasolle pa dyer, pa porta, vet\u00ebm me dyer blindi ku ruhet p\u00ebr veten e familjen e tij.\u201d-<\/em> u shpreh Spiropali.<\/span><\/p>\n","protected":false,"gt_translate_keys":[{"key":"rendered","format":"html"}]},"excerpt":{"rendered":"<p>Ministrja p\u00ebr Marr\u00ebdh\u00ebnien me Parlamentin, Elisa Spiropali ka replikuar me ish-kryeministrin Sali Berisha pas fjalimit t\u00eb tij n\u00eb Kuvend ku denoncoi lidhjet e qeveris\u00eb me krimin e organizuar. Spiropali e ironizoi Berish\u00ebn duke th\u00ebn\u00eb se \u201cpo i bini brav\u00ebs ton\u00eb, q\u00eb t\u00eb d\u00ebgjoj\u00eb brava juaj\u201d, duke iu referuar kreut t\u00eb PD-s\u00eb Lulzim Basha. Spirpali i [&hellip;]<\/p>\n","protected":false,"gt_translate_keys":[{"key":"rendered","format":"html"}]},"author":30,"featured_media":502029,"comment_status":"closed","ping_status":"closed","sticky":false,"template":"","format":"standard","meta":{"footnotes":""},"categories":[65,13],"tags":[],"class_list":["post-502028","post","type-post","status-publish","format-standard","has-post-thumbnail","hentry","category-lajme","category-te-fundit"],"gt_translate_keys":[{"key":"link","format":"url"}],"_links":{"self":[{"href":"https:\/\/www.hashtag.al\/index.php\/wp-json\/wp\/v2\/posts\/502028","targetHints":{"allow":["GET"]}}],"collection":[{"href":"https:\/\/www.hashtag.al\/index.php\/wp-json\/wp\/v2\/posts"}],"about":[{"href":"https:\/\/www.hashtag.al\/index.php\/wp-json\/wp\/v2\/types\/post"}],"author":[{"embeddable":true,"href":"https:\/\/www.hashtag.al\/index.php\/wp-json\/wp\/v2\/users\/30"}],"replies":[{"embeddable":true,"href":"https:\/\/www.hashtag.al\/index.php\/wp-json\/wp\/v2\/comments?post=502028"}],"version-history":[{"count":0,"href":"https:\/\/www.hashtag.al\/index.php\/wp-json\/wp\/v2\/posts\/502028\/revisions"}],"wp:featuredmedia":[{"embeddable":true,"href":"https:\/\/www.hashtag.al\/index.php\/wp-json\/wp\/v2\/media\/502029"}],"wp:attachment":[{"href":"https:\/\/www.hashtag.al\/index.php\/wp-json\/wp\/v2\/media?parent=502028"}],"wp:term":[{"taxonomy":"category","embeddable":true,"href":"https:\/\/www.hashtag.al\/index.php\/wp-json\/wp\/v2\/categories?post=502028"},{"taxonomy":"post_tag","embeddable":true,"href":"https:\/\/www.hashtag.al\/index.php\/wp-json\/wp\/v2\/tags?post=502028"}],"curies":[{"name":"wp","href":"https:\/\/api.w.org\/{rel}","templated":true}]}}