{"id":501954,"date":"2022-02-03T09:46:06","date_gmt":"2022-02-03T08:46:06","guid":{"rendered":"https:\/\/www.hashtag.al\/?p=501954"},"modified":"2022-02-03T09:47:59","modified_gmt":"2022-02-03T08:47:59","slug":"gjendet-i-vdekur-nje-tjeter-shqiptar-ne-belgjike-prokurori-vdekje-e-dyshimte-ka-dhenja-dhune","status":"publish","type":"post","link":"https:\/\/www.hashtag.al\/index.php\/2022\/02\/03\/gjendet-i-vdekur-nje-tjeter-shqiptar-ne-belgjike-prokurori-vdekje-e-dyshimte-ka-dhenja-dhune\/","title":{"rendered":"Gjendet i vdekur nj\u00eb tjet\u00ebr shqiptar n\u00eb Belgjik\u00eb, prokurori: E dyshimt\u00eb, ka shenja dhune","gt_translate_keys":[{"key":"rendered","format":"text"}]},"content":{"rendered":"<p><span style=\"color: #000000;\"><img loading=\"lazy\" decoding=\"async\" class=\"aligncenter size-full wp-image-501955\" src=\"https:\/\/www.hashtag.al\/wp-content\/uploads\/2022\/02\/shqiptari.jpg\" alt=\"\" width=\"1280\" height=\"720\" srcset=\"https:\/\/www.hashtag.al\/wp-content\/uploads\/2022\/02\/shqiptari.jpg 1280w, https:\/\/www.hashtag.al\/wp-content\/uploads\/2022\/02\/shqiptari-300x169.jpg 300w, https:\/\/www.hashtag.al\/wp-content\/uploads\/2022\/02\/shqiptari-1024x576.jpg 1024w, https:\/\/www.hashtag.al\/wp-content\/uploads\/2022\/02\/shqiptari-768x432.jpg 768w\" sizes=\"auto, (max-width: 1280px) 100vw, 1280px\" \/><\/span><\/p>\n<p><span style=\"color: #000000;\">Nj\u00eb tjet\u00ebr shtetas shqiptar \u00ebsht\u00eb gjetur i vdekur n\u00eb Belgjik\u00eb. Ngjarja ka ndodhur n\u00eb rrethana t\u00eb dyshimta, teksa personi ende i paidentifikuar \u00ebsht\u00eb gjetur pa shenja jete n\u00eb qytetin e Roeselare.<\/span><\/p>\n<p><span style=\"color: #000000;\"> Sipas policis\u00eb e prokuror\u00ebve belg\u00eb, sh\u00ebrbimet e urgjenc\u00ebs u njoftuan n\u00eb or\u00ebn 5 t\u00eb m\u00ebngjesit t\u00eb sot\u00ebm lidhur me trupin e pajet\u00eb t\u00eb nj\u00eb 38-vje\u00e7ari. <\/span><\/p>\n<p><span style=\"color: #000000;\">Viktima u gjet n\u00eb shkall\u00ebt e pallatit nd\u00ebrsa sipas fqinj\u00ebve, rreth or\u00ebs 4 e 30 t\u00eb m\u00ebngjesit \u00ebsht\u00eb d\u00ebgjuar nj\u00eb zhurm\u00eb e fort\u00eb.<\/span><\/p>\n<p><span style=\"color: #000000;\"><em>\u201cViktima kishte shenja dhun\u00eb n\u00eb pjes\u00ebn e pasme t\u00eb kok\u00ebs.\u201d<\/em> &#8211; ka th\u00ebn\u00eb Tom Janssens, p\u00ebrfaq\u00ebsues i prokuroris\u00eb.<\/span><\/p>\n<p><span style=\"color: #000000;\"><em>\u201cNj\u00eb ekspert mjeko-logjor \u00ebsht\u00eb n\u00eb vendin e ngjarjes dhe bashk\u00eb me policin\u00eb e prokuror\u00ebt po k\u00ebqyrin zon\u00ebn. B\u00ebhet fjal\u00eb p\u00ebr nj\u00eb vdekje t\u00eb dyshimt\u00eb dhe do presim p\u00ebrfundimin e hetimit.\u201d<\/em> &#8211; shtoi ai.<\/span><\/p>\n<p><span style=\"color: #000000;\">Pak dit\u00eb m\u00eb par\u00eb n\u00eb Belgjik\u00eb u ekzekutua me arm\u00eb zjarri Bledar Mu\u00e7a, nj\u00eb person q\u00eb njihej si krahu i djatht\u00eb i Florenc e Ardian \u00c7apjas. Ekzekutimi i tij dyshohet se ka t\u00eb b\u00ebj\u00eb me luft\u00ebn mes bandave t\u00eb drog\u00ebs n\u00eb Belgjik\u00eb.<\/span><\/p>\n<p><span style=\"color: #000000;\"><img loading=\"lazy\" decoding=\"async\" class=\"aligncenter size-full wp-image-501956\" src=\"https:\/\/www.hashtag.al\/wp-content\/uploads\/2022\/02\/shqiptari.jpg2_.jpg\" alt=\"\" width=\"1280\" height=\"720\" srcset=\"https:\/\/www.hashtag.al\/wp-content\/uploads\/2022\/02\/shqiptari.jpg2_.jpg 1280w, https:\/\/www.hashtag.al\/wp-content\/uploads\/2022\/02\/shqiptari.jpg2_-300x169.jpg 300w, https:\/\/www.hashtag.al\/wp-content\/uploads\/2022\/02\/shqiptari.jpg2_-1024x576.jpg 1024w, https:\/\/www.hashtag.al\/wp-content\/uploads\/2022\/02\/shqiptari.jpg2_-768x432.jpg 768w\" sizes=\"auto, (max-width: 1280px) 100vw, 1280px\" \/><\/span><\/p>\n","protected":false,"gt_translate_keys":[{"key":"rendered","format":"html"}]},"excerpt":{"rendered":"<p>Nj\u00eb tjet\u00ebr shtetas shqiptar \u00ebsht\u00eb gjetur i vdekur n\u00eb Belgjik\u00eb. Ngjarja ka ndodhur n\u00eb rrethana t\u00eb dyshimta, teksa personi ende i paidentifikuar \u00ebsht\u00eb gjetur pa shenja jete n\u00eb qytetin e Roeselare. Sipas policis\u00eb e prokuror\u00ebve belg\u00eb, sh\u00ebrbimet e urgjenc\u00ebs u njoftuan n\u00eb or\u00ebn 5 t\u00eb m\u00ebngjesit t\u00eb sot\u00ebm lidhur me trupin e pajet\u00eb t\u00eb nj\u00eb [&hellip;]<\/p>\n","protected":false,"gt_translate_keys":[{"key":"rendered","format":"html"}]},"author":51,"featured_media":501955,"comment_status":"closed","ping_status":"closed","sticky":false,"template":"","format":"standard","meta":{"footnotes":""},"categories":[22,65,13],"tags":[],"class_list":["post-501954","post","type-post","status-publish","format-standard","has-post-thumbnail","hentry","category-ballina","category-lajme","category-te-fundit"],"gt_translate_keys":[{"key":"link","format":"url"}],"_links":{"self":[{"href":"https:\/\/www.hashtag.al\/index.php\/wp-json\/wp\/v2\/posts\/501954","targetHints":{"allow":["GET"]}}],"collection":[{"href":"https:\/\/www.hashtag.al\/index.php\/wp-json\/wp\/v2\/posts"}],"about":[{"href":"https:\/\/www.hashtag.al\/index.php\/wp-json\/wp\/v2\/types\/post"}],"author":[{"embeddable":true,"href":"https:\/\/www.hashtag.al\/index.php\/wp-json\/wp\/v2\/users\/51"}],"replies":[{"embeddable":true,"href":"https:\/\/www.hashtag.al\/index.php\/wp-json\/wp\/v2\/comments?post=501954"}],"version-history":[{"count":0,"href":"https:\/\/www.hashtag.al\/index.php\/wp-json\/wp\/v2\/posts\/501954\/revisions"}],"wp:featuredmedia":[{"embeddable":true,"href":"https:\/\/www.hashtag.al\/index.php\/wp-json\/wp\/v2\/media\/501955"}],"wp:attachment":[{"href":"https:\/\/www.hashtag.al\/index.php\/wp-json\/wp\/v2\/media?parent=501954"}],"wp:term":[{"taxonomy":"category","embeddable":true,"href":"https:\/\/www.hashtag.al\/index.php\/wp-json\/wp\/v2\/categories?post=501954"},{"taxonomy":"post_tag","embeddable":true,"href":"https:\/\/www.hashtag.al\/index.php\/wp-json\/wp\/v2\/tags?post=501954"}],"curies":[{"name":"wp","href":"https:\/\/api.w.org\/{rel}","templated":true}]}}