{"id":501751,"date":"2022-02-02T12:04:32","date_gmt":"2022-02-02T11:04:32","guid":{"rendered":"https:\/\/www.hashtag.al\/?p=501751"},"modified":"2022-02-02T14:22:55","modified_gmt":"2022-02-02T13:22:55","slug":"basha-sulmi-barbar-ndaj-pd-se-u-be-qe-berisha-ti-dorezonte-partine-ilirit-zgjodha-ti-vija-gjoksin-kesaj","status":"publish","type":"post","link":"https:\/\/www.hashtag.al\/index.php\/2022\/02\/02\/basha-sulmi-barbar-ndaj-pd-se-u-be-qe-berisha-ti-dorezonte-partine-ilirit-zgjodha-ti-vija-gjoksin-kesaj\/","title":{"rendered":"Basha: Sulmi barbar ndaj PD-s\u00eb u b\u00eb q\u00eb Berisha t\u2019i dor\u00ebzonte partin\u00eb Ilirit. Zgjodha t&#8217;i vija gjoksin situat\u00ebs n\u00eb PD","gt_translate_keys":[{"key":"rendered","format":"text"}]},"content":{"rendered":"<p><span style=\"color: #000000;\"><img loading=\"lazy\" decoding=\"async\" class=\"aligncenter size-full wp-image-501752\" src=\"https:\/\/www.hashtag.al\/wp-content\/uploads\/2022\/02\/basha.jpg\" alt=\"\" width=\"1294\" height=\"696\" srcset=\"https:\/\/www.hashtag.al\/wp-content\/uploads\/2022\/02\/basha.jpg 1294w, https:\/\/www.hashtag.al\/wp-content\/uploads\/2022\/02\/basha-300x161.jpg 300w, https:\/\/www.hashtag.al\/wp-content\/uploads\/2022\/02\/basha-1024x551.jpg 1024w, https:\/\/www.hashtag.al\/wp-content\/uploads\/2022\/02\/basha-768x413.jpg 768w\" sizes=\"auto, (max-width: 1294px) 100vw, 1294px\" \/><\/span><\/p>\n<p><span style=\"color: #000000;\">Kreu i PD-s\u00eb ka zhvilluar nj\u00eb takim me strukturat e deg\u00ebs 14 n\u00eb Tiran\u00eb. <\/span><\/p>\n<p><span style=\"color: #000000;\">N\u00eb fjal\u00ebn e tij Basha tha sulmi barbar i Sali Berish\u00ebs ndaj demokrat\u00ebve dhe ndaj selis\u00eb blu u b\u00eb p\u00ebr t\u2019ia dor\u00ebzuar partin\u00eb Ilir Met\u00ebs. <\/span><\/p>\n<p><span style=\"color: #000000;\">Ai theksoi se nuk e llogarit sulmin e denigrimin i tij si kryetar nga ana e Berish\u00ebs pasi ka zgjedhur vet\u00eb t\u2019i v\u00ebr\u00eb gjoksin situat\u00ebs p\u00ebr t\u00eb shmangur p\u00ebr\u00e7arjen mes demokrat\u00ebve.<\/span><\/p>\n<p><span style=\"color: #000000;\"><em>\u201cK\u00ebto dit\u00eb, e sotmja, e gjith\u00eb beteja, edhe sulmi, denigrimi q\u00eb u \u00ebsht\u00eb b\u00ebr\u00eb demokrat\u00ebve t\u00eb ndersh\u00ebm, si shum\u00eb prej jush n\u00eb k\u00ebt\u00eb sall\u00eb, drejtuesve, t\u00eb gjith\u00ebve. S\u2019po flas ndaj meje si kryetar i partis\u00eb, se vet\u00eb zgjodha t\u2019i vija gjoksin k\u00ebsaj, pik\u00ebrisht q\u00eb mos t\u00eb futej p\u00ebr\u00e7arja p\u00ebrmes demokrat\u00ebve apo deputet\u00ebve, zonjave, an\u00ebtar\u00ebve t\u00eb kryesis\u00eb. E gjitha kjo p\u00ebr \u00e7far\u00eb paska qen\u00eb? P\u00ebr t\u2019i dor\u00ebzuar PD-n\u00eb LSI-s\u00eb dhe Ilir Met\u00ebs? Gjith\u00eb ajo sken\u00eb barbare atje e sulmit kund\u00ebr sht\u00ebpis\u00eb s\u00eb demokrat\u00ebve, p\u00ebr \u00e7far\u00eb paska qen\u00eb, q\u00eb sht\u00ebpia e liris\u00eb t\u00eb kthehet n\u00eb sht\u00ebpin\u00eb e Ilirit?\u201d<\/em> &#8211; tha Basha.<\/span><\/p>\n<p><span style=\"color: #000000;\">se vendi po p\u00ebrballet me koh\u00eb t\u00eb err\u00ebta nd\u00ebrsa u zotua se ajo q\u00eb \u00ebsht\u00eb demokrate nuk do p\u00ebrlyhet nga hijet e korrupsionit e mbetjet e s\u00eb shkuar\u00ebs. <\/span><\/p>\n<p><span style=\"color: #000000;\">Kryedemokrati theksoi se vendi \u00ebsht\u00eb shum\u00eb pran\u00eb arritjes s\u00eb nj\u00eb prej \u00ebndrrave s\u00e7 \u00ebsht\u00eb ajo e nj\u00eb Shqip\u00ebrie normale, t\u00eb liris\u00eb s\u00eb fjal\u00ebs e pron\u00ebs, besimit, liris\u00eb s\u00eb tregut.<\/span><\/p>\n<p><span style=\"color: #000000;\"><em>\u201cKoh\u00ebt jan\u00eb t\u00eb err\u00ebta, sfidat jan\u00eb t\u00eb m\u00ebdha, por \u00e7far\u00eb \u00ebsht\u00eb shqiptare do t\u00eb mbetet shqiptare, \u00e7far\u00eb \u00ebsht\u00eb demokrate do t\u00eb mbetet demokrate, e nuk do t\u00eb p\u00ebrlyhet as nga hijet e korrupsionit, as nga mbetjet e t\u00eb shkuar\u00ebs, dhe as nuk do t\u00eb lejojm\u00eb t\u00eb komprometojn\u00eb e t\u00eb mbajn\u00eb peng Shqip\u00ebrin\u00eb, e t\u00eb mbajn\u00eb n\u00eb vend Shqip\u00ebrin\u00eb. Jemi kaq af\u00ebr arritjes, i nj\u00eb prej \u00ebndrrave me t\u00eb cilat kemi lindur, nj\u00eb Shqip\u00ebrie normale, t\u00eb zhvilluar. Nj\u00eb Shqip\u00ebrie t\u00eb lirive, t\u00eb liris\u00eb s\u00eb fjal\u00ebs, liris\u00eb s\u00eb pron\u00ebs, liris\u00eb s\u00eb besimit n\u00eb Zot, liris\u00eb s\u00eb l\u00ebvizjes, liris\u00eb s\u00eb tregut.\u201d &#8211; <\/em>tha Basha.<\/span><\/p>\n","protected":false,"gt_translate_keys":[{"key":"rendered","format":"html"}]},"excerpt":{"rendered":"<p>Kreu i PD-s\u00eb ka zhvilluar nj\u00eb takim me strukturat e deg\u00ebs 14 n\u00eb Tiran\u00eb. N\u00eb fjal\u00ebn e tij Basha tha sulmi barbar i Sali Berish\u00ebs ndaj demokrat\u00ebve dhe ndaj selis\u00eb blu u b\u00eb p\u00ebr t\u2019ia dor\u00ebzuar partin\u00eb Ilir Met\u00ebs. Ai theksoi se nuk e llogarit sulmin e denigrimin i tij si kryetar nga ana e [&hellip;]<\/p>\n","protected":false,"gt_translate_keys":[{"key":"rendered","format":"html"}]},"author":51,"featured_media":501752,"comment_status":"closed","ping_status":"closed","sticky":false,"template":"","format":"standard","meta":{"footnotes":""},"categories":[65,13],"tags":[],"class_list":["post-501751","post","type-post","status-publish","format-standard","has-post-thumbnail","hentry","category-lajme","category-te-fundit"],"gt_translate_keys":[{"key":"link","format":"url"}],"_links":{"self":[{"href":"https:\/\/www.hashtag.al\/index.php\/wp-json\/wp\/v2\/posts\/501751","targetHints":{"allow":["GET"]}}],"collection":[{"href":"https:\/\/www.hashtag.al\/index.php\/wp-json\/wp\/v2\/posts"}],"about":[{"href":"https:\/\/www.hashtag.al\/index.php\/wp-json\/wp\/v2\/types\/post"}],"author":[{"embeddable":true,"href":"https:\/\/www.hashtag.al\/index.php\/wp-json\/wp\/v2\/users\/51"}],"replies":[{"embeddable":true,"href":"https:\/\/www.hashtag.al\/index.php\/wp-json\/wp\/v2\/comments?post=501751"}],"version-history":[{"count":0,"href":"https:\/\/www.hashtag.al\/index.php\/wp-json\/wp\/v2\/posts\/501751\/revisions"}],"wp:featuredmedia":[{"embeddable":true,"href":"https:\/\/www.hashtag.al\/index.php\/wp-json\/wp\/v2\/media\/501752"}],"wp:attachment":[{"href":"https:\/\/www.hashtag.al\/index.php\/wp-json\/wp\/v2\/media?parent=501751"}],"wp:term":[{"taxonomy":"category","embeddable":true,"href":"https:\/\/www.hashtag.al\/index.php\/wp-json\/wp\/v2\/categories?post=501751"},{"taxonomy":"post_tag","embeddable":true,"href":"https:\/\/www.hashtag.al\/index.php\/wp-json\/wp\/v2\/tags?post=501751"}],"curies":[{"name":"wp","href":"https:\/\/api.w.org\/{rel}","templated":true}]}}