{"id":501650,"date":"2022-02-01T19:18:14","date_gmt":"2022-02-01T18:18:14","guid":{"rendered":"https:\/\/www.hashtag.al\/?p=501650"},"modified":"2022-02-01T19:18:14","modified_gmt":"2022-02-01T18:18:14","slug":"vendimi-per-shkarkimin-e-metes-gjykata-kushtetuese-shtyn-seancen","status":"publish","type":"post","link":"https:\/\/www.hashtag.al\/index.php\/2022\/02\/01\/vendimi-per-shkarkimin-e-metes-gjykata-kushtetuese-shtyn-seancen\/","title":{"rendered":"Vendimi p\u00ebr shkarkimin e Met\u00ebs, Gjykata Kushtetuese shtyn seanc\u00ebn","gt_translate_keys":[{"key":"rendered","format":"text"}]},"content":{"rendered":"<p style=\"text-align: justify;\"><span style=\"color: #000000;\"><img loading=\"lazy\" decoding=\"async\" class=\"size-full wp-image-501651 aligncenter\" src=\"https:\/\/www.hashtag.al\/wp-content\/uploads\/2022\/02\/ilir-meta.jpg\" alt=\"\" width=\"780\" height=\"440\" srcset=\"https:\/\/www.hashtag.al\/wp-content\/uploads\/2022\/02\/ilir-meta.jpg 780w, https:\/\/www.hashtag.al\/wp-content\/uploads\/2022\/02\/ilir-meta-300x169.jpg 300w, https:\/\/www.hashtag.al\/wp-content\/uploads\/2022\/02\/ilir-meta-768x433.jpg 768w\" sizes=\"auto, (max-width: 780px) 100vw, 780px\" \/><\/span><\/p>\n<p style=\"text-align: justify;\"><span style=\"color: #000000;\">Gjykata Kushtetuese pasi ka zhvilluar seanc\u00ebn e dit\u00ebs s\u00eb sotme ku ka d\u00ebgjuar pal\u00ebt n\u00eb \u00e7\u00ebshtjen p\u00ebr shkarkimin e Presidentit Ilir Meta nga Kuvendi ka shtyr\u00eb seanc\u00ebn p\u00ebr dit\u00ebn e enjte.<\/span><\/p>\n<p style=\"text-align: justify;\"><span style=\"color: #000000;\">Dit\u00ebn e enjte seanca do nis\u00eb prej or\u00ebs 10:00.<\/span><\/p>\n<p style=\"text-align: justify;\"><span style=\"color: #000000;\">Pal\u00ebt n\u00eb dit\u00ebn e sotme u p\u00ebrplas\u00ebn me nj\u00ebra tjet\u00ebr p\u00ebr nj\u00eb s\u00ebr\u00eb pik\u00ebpyetjesh. Nd\u00ebrsa Gjykat\u00ebsit hodh\u00ebn posht\u00eb nj\u00eb s\u00ebr\u00eb k\u00ebrkesash t\u00eb Presidentit p\u00ebr an\u00ebtar\u00ebt e trup\u00ebs gjykuese.<\/span><\/p>\n","protected":false,"gt_translate_keys":[{"key":"rendered","format":"html"}]},"excerpt":{"rendered":"<p>Gjykata Kushtetuese pasi ka zhvilluar seanc\u00ebn e dit\u00ebs s\u00eb sotme ku ka d\u00ebgjuar pal\u00ebt n\u00eb \u00e7\u00ebshtjen p\u00ebr shkarkimin e Presidentit Ilir Meta nga Kuvendi ka shtyr\u00eb seanc\u00ebn p\u00ebr dit\u00ebn e enjte. Dit\u00ebn e enjte seanca do nis\u00eb prej or\u00ebs 10:00. Pal\u00ebt n\u00eb dit\u00ebn e sotme u p\u00ebrplas\u00ebn me nj\u00ebra tjet\u00ebr p\u00ebr nj\u00eb s\u00ebr\u00eb pik\u00ebpyetjesh. Nd\u00ebrsa [&hellip;]<\/p>\n","protected":false,"gt_translate_keys":[{"key":"rendered","format":"html"}]},"author":32,"featured_media":501651,"comment_status":"closed","ping_status":"closed","sticky":false,"template":"","format":"standard","meta":{"footnotes":""},"categories":[65,13],"tags":[],"class_list":["post-501650","post","type-post","status-publish","format-standard","has-post-thumbnail","hentry","category-lajme","category-te-fundit"],"gt_translate_keys":[{"key":"link","format":"url"}],"_links":{"self":[{"href":"https:\/\/www.hashtag.al\/index.php\/wp-json\/wp\/v2\/posts\/501650","targetHints":{"allow":["GET"]}}],"collection":[{"href":"https:\/\/www.hashtag.al\/index.php\/wp-json\/wp\/v2\/posts"}],"about":[{"href":"https:\/\/www.hashtag.al\/index.php\/wp-json\/wp\/v2\/types\/post"}],"author":[{"embeddable":true,"href":"https:\/\/www.hashtag.al\/index.php\/wp-json\/wp\/v2\/users\/32"}],"replies":[{"embeddable":true,"href":"https:\/\/www.hashtag.al\/index.php\/wp-json\/wp\/v2\/comments?post=501650"}],"version-history":[{"count":0,"href":"https:\/\/www.hashtag.al\/index.php\/wp-json\/wp\/v2\/posts\/501650\/revisions"}],"wp:featuredmedia":[{"embeddable":true,"href":"https:\/\/www.hashtag.al\/index.php\/wp-json\/wp\/v2\/media\/501651"}],"wp:attachment":[{"href":"https:\/\/www.hashtag.al\/index.php\/wp-json\/wp\/v2\/media?parent=501650"}],"wp:term":[{"taxonomy":"category","embeddable":true,"href":"https:\/\/www.hashtag.al\/index.php\/wp-json\/wp\/v2\/categories?post=501650"},{"taxonomy":"post_tag","embeddable":true,"href":"https:\/\/www.hashtag.al\/index.php\/wp-json\/wp\/v2\/tags?post=501650"}],"curies":[{"name":"wp","href":"https:\/\/api.w.org\/{rel}","templated":true}]}}