{"id":501645,"date":"2022-02-01T18:48:17","date_gmt":"2022-02-01T17:48:17","guid":{"rendered":"https:\/\/www.hashtag.al\/?p=501645"},"modified":"2022-02-01T18:48:17","modified_gmt":"2022-02-01T17:48:17","slug":"lista-serbe-kundershton-zvogelimin-e-kompetencave-te-asosacionit","status":"publish","type":"post","link":"https:\/\/www.hashtag.al\/index.php\/2022\/02\/01\/lista-serbe-kundershton-zvogelimin-e-kompetencave-te-asosacionit\/","title":{"rendered":"Lista Serbe kund\u00ebrshton zvog\u00eblimin e kompetencave t\u00eb Asosacionit","gt_translate_keys":[{"key":"rendered","format":"text"}]},"content":{"rendered":"<p style=\"text-align: justify;\"><span style=\"color: #000000;\"><img loading=\"lazy\" decoding=\"async\" class=\"size-full wp-image-501646 aligncenter\" src=\"https:\/\/www.hashtag.al\/wp-content\/uploads\/2022\/02\/goran-rakic.jpg\" alt=\"\" width=\"1200\" height=\"800\" srcset=\"https:\/\/www.hashtag.al\/wp-content\/uploads\/2022\/02\/goran-rakic.jpg 1200w, https:\/\/www.hashtag.al\/wp-content\/uploads\/2022\/02\/goran-rakic-300x200.jpg 300w, https:\/\/www.hashtag.al\/wp-content\/uploads\/2022\/02\/goran-rakic-1024x683.jpg 1024w, https:\/\/www.hashtag.al\/wp-content\/uploads\/2022\/02\/goran-rakic-768x512.jpg 768w\" sizes=\"auto, (max-width: 1200px) 100vw, 1200px\" \/><\/span><\/p>\n<p style=\"text-align: justify;\"><span style=\"color: #000000;\">Lista Serbe, partia udh\u00ebheq\u00ebse serbe e Kosov\u00ebs e mb\u00ebshtetur nga Beogradi, ka th\u00ebn\u00eb se t\u00eb d\u00ebrguarit t\u00eb Shteteve t\u00eb Bashkuara t\u00eb Amerik\u00ebs, Gabriel Escobar dhe atij t\u00eb Bashkimit Evropian, Mirosllav Laj\u00e7ak u kan\u00eb v\u00ebn\u00eb n\u00eb dukje problemet e serb\u00ebve dhe obligimet e Kosov\u00ebs, sipas Marr\u00ebveshjes s\u00eb Brukselit, me fokus t\u00eb ve\u00e7ant\u00eb n\u00eb formimin e Asociacionit t\u00eb komunave me shumic\u00eb serbe.<\/span><\/p>\n<p style=\"text-align: justify;\"><span style=\"color: #000000;\">\u201cKryetari i List\u00ebs Serbe, Goran Rakiq theksoi se Marr\u00ebveshja e Brukselit \u00ebsht\u00eb e qart\u00eb dhe se populli serb kund\u00ebrshton synimet e Prishtin\u00ebs p\u00ebr t\u2019i reduktuar obligimet e tyre sa i p\u00ebrket kompetencave t\u00eb Asociacionit t\u00eb komunave me shumic\u00eb serbe, sikurse jan\u00eb ato n\u00eb fush\u00ebn e gjyq\u00ebsorit, energjetik\u00ebs, diplomave dhe realizimit t\u00eb vizitave p\u00ebr serb\u00ebt n\u00eb k\u00ebto hap\u00ebsira\u201d, thuhet n\u00eb nj\u00eb komunikat\u00eb t\u00eb List\u00ebs Serbe.<\/span><\/p>\n<p style=\"text-align: justify;\"><span style=\"color: #000000;\">Aty \u00ebsht\u00eb shtuar se p\u00ebrfaq\u00ebsuesit politik\u00eb t\u00eb serb\u00ebve kan\u00eb k\u00ebrkuar q\u00eb sa m\u00eb urgjentisht t\u00eb forcohet siguria p\u00ebr serb\u00ebt n\u00eb Kosov\u00eb, p\u00ebr pronat e tyre, por edhe p\u00ebr ato t\u00eb Kish\u00ebs Ortodokse Serbe.<\/span><\/p>\n<p style=\"text-align: justify;\"><span style=\"color: #000000;\">Escobar dhe Laj\u00e7ak jan\u00eb takuar t\u00eb mart\u00ebn, ve\u00e7 e ve\u00e7, me kreun e Partis\u00eb Demokratike t\u00eb Kosov\u00ebs, Memli Krasniqi, me kryetarin e Lidhjes Demokratike t\u00eb Kosov\u00ebs, Lumir Abdixhiku dhe me liderin e Aleanc\u00ebs p\u00ebr Ardhm\u00ebrin\u00eb e Kosov\u00ebs, Ramush Haradinaj.<\/span><\/p>\n<p style=\"text-align: justify;\"><span style=\"color: #000000;\">Lider\u00ebt e partive opozitare n\u00eb Kosov\u00eb kan\u00eb th\u00ebn\u00eb se nj\u00eb marr\u00ebveshje p\u00ebrfundimtare me Serbin\u00eb, duhet t\u00eb b\u00ebhet duke mos cenuar sovranitetin dhe integritetin territorial t\u00eb Kosov\u00ebs, si dhe t\u00eb p\u00ebrmbyllet me njohjen e nd\u00ebrsjell\u00eb.<\/span><\/p>\n","protected":false,"gt_translate_keys":[{"key":"rendered","format":"html"}]},"excerpt":{"rendered":"<p>Lista Serbe, partia udh\u00ebheq\u00ebse serbe e Kosov\u00ebs e mb\u00ebshtetur nga Beogradi, ka th\u00ebn\u00eb se t\u00eb d\u00ebrguarit t\u00eb Shteteve t\u00eb Bashkuara t\u00eb Amerik\u00ebs, Gabriel Escobar dhe atij t\u00eb Bashkimit Evropian, Mirosllav Laj\u00e7ak u kan\u00eb v\u00ebn\u00eb n\u00eb dukje problemet e serb\u00ebve dhe obligimet e Kosov\u00ebs, sipas Marr\u00ebveshjes s\u00eb Brukselit, me fokus t\u00eb ve\u00e7ant\u00eb n\u00eb formimin e Asociacionit [&hellip;]<\/p>\n","protected":false,"gt_translate_keys":[{"key":"rendered","format":"html"}]},"author":32,"featured_media":501646,"comment_status":"closed","ping_status":"closed","sticky":false,"template":"","format":"standard","meta":{"footnotes":""},"categories":[149,13],"tags":[],"class_list":["post-501645","post","type-post","status-publish","format-standard","has-post-thumbnail","hentry","category-kosoverajon","category-te-fundit"],"gt_translate_keys":[{"key":"link","format":"url"}],"_links":{"self":[{"href":"https:\/\/www.hashtag.al\/index.php\/wp-json\/wp\/v2\/posts\/501645","targetHints":{"allow":["GET"]}}],"collection":[{"href":"https:\/\/www.hashtag.al\/index.php\/wp-json\/wp\/v2\/posts"}],"about":[{"href":"https:\/\/www.hashtag.al\/index.php\/wp-json\/wp\/v2\/types\/post"}],"author":[{"embeddable":true,"href":"https:\/\/www.hashtag.al\/index.php\/wp-json\/wp\/v2\/users\/32"}],"replies":[{"embeddable":true,"href":"https:\/\/www.hashtag.al\/index.php\/wp-json\/wp\/v2\/comments?post=501645"}],"version-history":[{"count":0,"href":"https:\/\/www.hashtag.al\/index.php\/wp-json\/wp\/v2\/posts\/501645\/revisions"}],"wp:featuredmedia":[{"embeddable":true,"href":"https:\/\/www.hashtag.al\/index.php\/wp-json\/wp\/v2\/media\/501646"}],"wp:attachment":[{"href":"https:\/\/www.hashtag.al\/index.php\/wp-json\/wp\/v2\/media?parent=501645"}],"wp:term":[{"taxonomy":"category","embeddable":true,"href":"https:\/\/www.hashtag.al\/index.php\/wp-json\/wp\/v2\/categories?post=501645"},{"taxonomy":"post_tag","embeddable":true,"href":"https:\/\/www.hashtag.al\/index.php\/wp-json\/wp\/v2\/tags?post=501645"}],"curies":[{"name":"wp","href":"https:\/\/api.w.org\/{rel}","templated":true}]}}