{"id":501451,"date":"2022-02-01T07:08:27","date_gmt":"2022-02-01T06:08:27","guid":{"rendered":"https:\/\/www.hashtag.al\/?p=501451"},"modified":"2022-02-01T07:08:27","modified_gmt":"2022-02-01T06:08:27","slug":"murrizi-basha-pjese-e-katerkendeshit-te-bermudes-rama-do-humbe-disa-bashki-me-6-mars","status":"publish","type":"post","link":"https:\/\/www.hashtag.al\/index.php\/2022\/02\/01\/murrizi-basha-pjese-e-katerkendeshit-te-bermudes-rama-do-humbe-disa-bashki-me-6-mars\/","title":{"rendered":"Murrizi: Basha pjes\u00eb e Kat\u00ebrk\u00ebnd\u00ebshit t\u00eb Bermud\u00ebs, Rama do humb\u00eb disa bashki m\u00eb 6 mars","gt_translate_keys":[{"key":"rendered","format":"text"}]},"content":{"rendered":"<p><span style=\"color: #000000;\"><img loading=\"lazy\" decoding=\"async\" class=\"aligncenter size-full wp-image-501452\" src=\"https:\/\/www.hashtag.al\/wp-content\/uploads\/2022\/02\/murrizi.jpg\" alt=\"\" width=\"1089\" height=\"562\" srcset=\"https:\/\/www.hashtag.al\/wp-content\/uploads\/2022\/02\/murrizi.jpg 1089w, https:\/\/www.hashtag.al\/wp-content\/uploads\/2022\/02\/murrizi-300x155.jpg 300w, https:\/\/www.hashtag.al\/wp-content\/uploads\/2022\/02\/murrizi-1024x528.jpg 1024w, https:\/\/www.hashtag.al\/wp-content\/uploads\/2022\/02\/murrizi-768x396.jpg 768w\" sizes=\"auto, (max-width: 1089px) 100vw, 1089px\" \/><\/span><\/p>\n<p><span style=\"color: #000000;\">Ish-deputeti i PD-s\u00eb Murrizi ka komentuar zhvillimet e fundit n\u00eb kampin opozitar. <\/span><\/p>\n<p><span style=\"color: #000000;\">I ftuar n\u00eb emisionin \u20185 pyetjet nga Babaramo\u2019, ai tha se pas zgjedhjeve t\u00eb 6 marsit, Berisha ose Basha nuk do ken\u00eb legjitimitet p\u00ebr t\u2019iu drejtuar opozitar\u00ebve.<\/span><\/p>\n<p><span style=\"color: #000000;\"><em>\u201cUn\u00eb besoj se ka m\u00eb shum\u00eb Berisha, por 6 marsi do ta sfumoj\u00eb nj\u00ebrin nga k\u00ebta, nuk do t\u00eb ket\u00eb m\u00eb t\u00eb drejt\u00eb legjitime, morale q\u00eb t\u2019iu drejtohet publikisht shqiptar\u00ebve, t\u00eb flas\u00eb n\u00eb em\u00ebr t\u00eb shumic\u00ebs opozitare. Nj\u00ebri nga k\u00ebta do dal\u00eb para syve t\u00eb opozitar\u00ebve si mashtrues.\u201d<\/em> &#8211; tha Murrizi.<\/span><\/p>\n<p><span style=\"color: #000000;\">Sipas Murrizit, PS-ja e Ram\u00ebs do humb\u00eb disa bashki n\u00eb zgjedhjet e pjessshme t\u00eb 6 marsit.<\/span><\/p>\n<p><span style=\"color: #000000;\"><em>\u201cKy \u00ebsht\u00eb nj\u00eb test. M\u00eb interesante do jet\u00eb mes dy kandidat\u00ebve q\u00eb p\u00ebrfaq\u00ebsojn\u00eb opozit\u00ebn klasike. Kandidat\u00ebt q\u00eb jan\u00eb vendor nga Berisha dhe ata q\u00eb vendosen nga Basha. Ka bashki q\u00eb do i humb\u00eb edhe PS-ja. Edhe vet\u00eb Rama \u00ebsht\u00eb n\u00eb nj\u00eb far\u00eb baromteri, nj\u00eb test nj\u00eb vit pas pushtetit t\u00eb mandatit t\u00eb tret\u00eb.\u201d<\/em> &#8211; shtoi ish-deputeti demokrat, shkruan <span style=\"color: #0000ff;\">Shqiptarja<\/span>.<\/span><\/p>\n<p><span style=\"color: #000000;\">Ndryshe nga Basha q\u00eb e ka quajtur Trek\u00ebnd\u00ebshi i Bermud\u00ebs at\u00eb q\u00eb formohet nga Rama, Berisha e Meta, Murrizi deklaroi se b\u00ebhet fjal\u00eb p\u00ebr Kat\u00ebrk\u00ebnd\u00ebshin e Bermud\u00ebs ku nj\u00ebrin nga k\u00ebndet e ka z\u00ebn\u00eb Basha.<\/span><\/p>\n<p><span style=\"color: #000000;\"><em>\u201cKy \u00ebsht\u00eb nj\u00eb test p\u00ebr tri polet e politik\u00ebs, Luli \u00ebsht\u00eb p\u00ebrball\u00eb Trek\u00ebnd\u00ebshit t\u00eb Bermund\u00ebs, Ram\u00ebn Met\u00ebn, Berish\u00ebn. Rama \u00ebsht\u00eb p\u00ebrball\u00eb Trek\u00ebnd\u00ebshit t\u00eb Bermund\u00ebs, me emrat q\u00eb v\u00eb ky se jan\u00eb dy trek\u00ebnd\u00ebsha, ky ka trek\u00ebnd\u00ebsh Bash\u00ebn, Berish\u00ebn dhe Met\u00ebn. Po k\u00ebta nuk jan\u00eb trek\u00ebnd\u00ebsh, jan\u00eb katror\u00eb me brinj\u00eb simterike dhe n\u00eb mes t\u00eb k\u00ebtij katrori, Rama, Berisha, Meta Basha, kan\u00eb futur 4 milion\u00eb shqiptar\u00eb brenda e b\u00ebjn\u00eb sikur luftojn\u00eb nj\u00ebri-tjetrin dhe prej 20 vitesh ndajn\u00eb para publike nga taksat e shqiptar\u00ebve me t\u00eb nj\u00ebjt\u00ebt individ\u00eb.\u201d<\/em> &#8211; theksoi Murrizi.<\/span><\/p>\n","protected":false,"gt_translate_keys":[{"key":"rendered","format":"html"}]},"excerpt":{"rendered":"<p>Ish-deputeti i PD-s\u00eb Murrizi ka komentuar zhvillimet e fundit n\u00eb kampin opozitar. I ftuar n\u00eb emisionin \u20185 pyetjet nga Babaramo\u2019, ai tha se pas zgjedhjeve t\u00eb 6 marsit, Berisha ose Basha nuk do ken\u00eb legjitimitet p\u00ebr t\u2019iu drejtuar opozitar\u00ebve. \u201cUn\u00eb besoj se ka m\u00eb shum\u00eb Berisha, por 6 marsi do ta sfumoj\u00eb nj\u00ebrin nga k\u00ebta, [&hellip;]<\/p>\n","protected":false,"gt_translate_keys":[{"key":"rendered","format":"html"}]},"author":51,"featured_media":501452,"comment_status":"closed","ping_status":"closed","sticky":false,"template":"","format":"standard","meta":{"footnotes":""},"categories":[65,13],"tags":[],"class_list":["post-501451","post","type-post","status-publish","format-standard","has-post-thumbnail","hentry","category-lajme","category-te-fundit"],"gt_translate_keys":[{"key":"link","format":"url"}],"_links":{"self":[{"href":"https:\/\/www.hashtag.al\/index.php\/wp-json\/wp\/v2\/posts\/501451","targetHints":{"allow":["GET"]}}],"collection":[{"href":"https:\/\/www.hashtag.al\/index.php\/wp-json\/wp\/v2\/posts"}],"about":[{"href":"https:\/\/www.hashtag.al\/index.php\/wp-json\/wp\/v2\/types\/post"}],"author":[{"embeddable":true,"href":"https:\/\/www.hashtag.al\/index.php\/wp-json\/wp\/v2\/users\/51"}],"replies":[{"embeddable":true,"href":"https:\/\/www.hashtag.al\/index.php\/wp-json\/wp\/v2\/comments?post=501451"}],"version-history":[{"count":0,"href":"https:\/\/www.hashtag.al\/index.php\/wp-json\/wp\/v2\/posts\/501451\/revisions"}],"wp:featuredmedia":[{"embeddable":true,"href":"https:\/\/www.hashtag.al\/index.php\/wp-json\/wp\/v2\/media\/501452"}],"wp:attachment":[{"href":"https:\/\/www.hashtag.al\/index.php\/wp-json\/wp\/v2\/media?parent=501451"}],"wp:term":[{"taxonomy":"category","embeddable":true,"href":"https:\/\/www.hashtag.al\/index.php\/wp-json\/wp\/v2\/categories?post=501451"},{"taxonomy":"post_tag","embeddable":true,"href":"https:\/\/www.hashtag.al\/index.php\/wp-json\/wp\/v2\/tags?post=501451"}],"curies":[{"name":"wp","href":"https:\/\/api.w.org\/{rel}","templated":true}]}}