{"id":501437,"date":"2022-01-31T22:09:55","date_gmt":"2022-01-31T21:09:55","guid":{"rendered":"https:\/\/www.hashtag.al\/?p=501437"},"modified":"2022-01-31T22:09:55","modified_gmt":"2022-01-31T21:09:55","slug":"berisha-kam-marre-pjese-ne-bisedime-me-meten-per-koalicion-me-lsi-ne","status":"publish","type":"post","link":"https:\/\/www.hashtag.al\/index.php\/2022\/01\/31\/berisha-kam-marre-pjese-ne-bisedime-me-meten-per-koalicion-me-lsi-ne\/","title":{"rendered":"Berisha: Kam marr\u00eb pjes\u00eb n\u00eb bisedime me Met\u00ebn p\u00ebr koalicion me LSI-n\u00eb","gt_translate_keys":[{"key":"rendered","format":"text"}]},"content":{"rendered":"<p style=\"text-align: justify;\"><span style=\"color: #000000;\"><img loading=\"lazy\" decoding=\"async\" class=\"aligncenter size-full wp-image-501431\" src=\"https:\/\/www.hashtag.al\/wp-content\/uploads\/2022\/01\/berisha-cim-peka-live.png\" alt=\"\" width=\"877\" height=\"506\" srcset=\"https:\/\/www.hashtag.al\/wp-content\/uploads\/2022\/01\/berisha-cim-peka-live.png 877w, https:\/\/www.hashtag.al\/wp-content\/uploads\/2022\/01\/berisha-cim-peka-live-300x173.png 300w, https:\/\/www.hashtag.al\/wp-content\/uploads\/2022\/01\/berisha-cim-peka-live-768x443.png 768w, https:\/\/www.hashtag.al\/wp-content\/uploads\/2022\/01\/berisha-cim-peka-live-250x145.png 250w\" sizes=\"auto, (max-width: 877px) 100vw, 877px\" \/><\/span><\/p>\n<p style=\"text-align: justify;\"><span style=\"color: #000000;\">Ish-kryeministri Sali Berisha zbuloi detaje nga koalicioni me LSI-n\u00eb p\u00ebr zgjedhjet e pjesshme lokale t\u00eb 6 marsit.<\/span><\/p>\n<p style=\"text-align: justify;\"><span style=\"color: #000000;\">Berisha zbuloi se p\u00ebr marr\u00ebveshjen ka marr\u00eb pjes\u00eb n\u00eb bisedime edhe me Met\u00ebn p\u00ebr t\u00eb cilin thot\u00eb madje se jan\u00eb takuar me t\u00eb.<\/span><\/p>\n<p style=\"text-align: justify;\"><span style=\"color: #000000;\">Gjithashtu, Berisha tha n\u00eb emisionin \u00c7im Peka Live se ka takuar edhe krer\u00ebt e Kristiandemokrat\u00ebve dhe Demokristian\u00ebt.<\/span><\/p>\n<p style=\"text-align: justify;\"><span style=\"color: #000000;\">\u201c<em>Marr\u00ebveshjen me LSI-n\u00eb e firmosi zoti Flamur Noka nga ana jon\u00eb dhe Sekretarit i P\u00ebrgjithsh\u00ebm i LSI-s\u00eb, do jen\u00eb gjithashtu n\u00eb koalicion edhe Demokristian\u00ebt dhe Kristiandemokrat\u00ebt.<\/em><\/span><\/p>\n<p style=\"text-align: justify;\"><span style=\"color: #000000;\"><em>Kemi zhvilluar bisedime n\u00eb t\u00eb gjitha nivelet. Edhe un\u00eb kam marr\u00eb pjes\u00eb n\u00eb bisedime me zotin Meta. Jo detaje t\u00eb marr\u00ebveshjes, por un\u00eb e kam deklaruar q\u00eb jam p\u00ebr koalicion me LSI-n\u00eb dhe ka gjetur nj\u00eb mir\u00ebkuptim.<\/em><\/span><\/p>\n<p style=\"text-align: justify;\"><span style=\"color: #000000;\"><em>Marr\u00ebveshja nuk \u00ebsht\u00eb negociuar as nga un\u00eb as nga zoti Meta. Un\u00eb e kam takuar zotin Meta dhe kam takuar t\u00eb gjith\u00eb kryetar\u00ebt e partive opozitore, p\u00ebrve\u00e7 zotit Dule, i cili ndodhej jasht\u00eb shtetit, por kam komunikuar n\u00eb telefon dhe me t\u00eb. Un\u00eb kam deklaruar se jam me zotin Meta<\/em>\u201d, tha Berisha.<\/span><\/p>\n","protected":false,"gt_translate_keys":[{"key":"rendered","format":"html"}]},"excerpt":{"rendered":"<p>Ish-kryeministri Sali Berisha zbuloi detaje nga koalicioni me LSI-n\u00eb p\u00ebr zgjedhjet e pjesshme lokale t\u00eb 6 marsit. Berisha zbuloi se p\u00ebr marr\u00ebveshjen ka marr\u00eb pjes\u00eb n\u00eb bisedime edhe me Met\u00ebn p\u00ebr t\u00eb cilin thot\u00eb madje se jan\u00eb takuar me t\u00eb. Gjithashtu, Berisha tha n\u00eb emisionin \u00c7im Peka Live se ka takuar edhe krer\u00ebt e Kristiandemokrat\u00ebve [&hellip;]<\/p>\n","protected":false,"gt_translate_keys":[{"key":"rendered","format":"html"}]},"author":32,"featured_media":501431,"comment_status":"closed","ping_status":"closed","sticky":false,"template":"","format":"standard","meta":{"footnotes":""},"categories":[65,13],"tags":[],"class_list":["post-501437","post","type-post","status-publish","format-standard","has-post-thumbnail","hentry","category-lajme","category-te-fundit"],"gt_translate_keys":[{"key":"link","format":"url"}],"_links":{"self":[{"href":"https:\/\/www.hashtag.al\/index.php\/wp-json\/wp\/v2\/posts\/501437","targetHints":{"allow":["GET"]}}],"collection":[{"href":"https:\/\/www.hashtag.al\/index.php\/wp-json\/wp\/v2\/posts"}],"about":[{"href":"https:\/\/www.hashtag.al\/index.php\/wp-json\/wp\/v2\/types\/post"}],"author":[{"embeddable":true,"href":"https:\/\/www.hashtag.al\/index.php\/wp-json\/wp\/v2\/users\/32"}],"replies":[{"embeddable":true,"href":"https:\/\/www.hashtag.al\/index.php\/wp-json\/wp\/v2\/comments?post=501437"}],"version-history":[{"count":0,"href":"https:\/\/www.hashtag.al\/index.php\/wp-json\/wp\/v2\/posts\/501437\/revisions"}],"wp:featuredmedia":[{"embeddable":true,"href":"https:\/\/www.hashtag.al\/index.php\/wp-json\/wp\/v2\/media\/501431"}],"wp:attachment":[{"href":"https:\/\/www.hashtag.al\/index.php\/wp-json\/wp\/v2\/media?parent=501437"}],"wp:term":[{"taxonomy":"category","embeddable":true,"href":"https:\/\/www.hashtag.al\/index.php\/wp-json\/wp\/v2\/categories?post=501437"},{"taxonomy":"post_tag","embeddable":true,"href":"https:\/\/www.hashtag.al\/index.php\/wp-json\/wp\/v2\/tags?post=501437"}],"curies":[{"name":"wp","href":"https:\/\/api.w.org\/{rel}","templated":true}]}}