{"id":501433,"date":"2022-01-31T21:56:33","date_gmt":"2022-01-31T20:56:33","guid":{"rendered":"https:\/\/www.hashtag.al\/?p=501433"},"modified":"2022-01-31T21:57:08","modified_gmt":"2022-01-31T20:57:08","slug":"gjekmarkaj-berisha-u-be-anetar-i-lsi-se-e-cila-u-pasurua-me-nje-non-grata","status":"publish","type":"post","link":"https:\/\/www.hashtag.al\/index.php\/2022\/01\/31\/gjekmarkaj-berisha-u-be-anetar-i-lsi-se-e-cila-u-pasurua-me-nje-non-grata\/","title":{"rendered":"Gjekmarkaj: Berisha u b\u00eb an\u00ebtar i LSI-s\u00eb e cila u pasurua me nj\u00eb \u201cnon grata\u201d","gt_translate_keys":[{"key":"rendered","format":"text"}]},"content":{"rendered":"<p style=\"text-align: justify;\"><img loading=\"lazy\" decoding=\"async\" class=\"size-full wp-image-484767\" src=\"https:\/\/www.hashtag.al\/wp-content\/uploads\/2021\/11\/gjekmarkaj.jpg\" alt=\"\" width=\"1305\" height=\"719\" srcset=\"https:\/\/www.hashtag.al\/wp-content\/uploads\/2021\/11\/gjekmarkaj.jpg 1305w, https:\/\/www.hashtag.al\/wp-content\/uploads\/2021\/11\/gjekmarkaj-300x165.jpg 300w, https:\/\/www.hashtag.al\/wp-content\/uploads\/2021\/11\/gjekmarkaj-768x423.jpg 768w, https:\/\/www.hashtag.al\/wp-content\/uploads\/2021\/11\/gjekmarkaj-1024x564.jpg 1024w\" sizes=\"auto, (max-width: 1305px) 100vw, 1305px\" \/><\/p>\n<p style=\"text-align: justify;\"><span style=\"color: #000000;\">N\u00ebnkryetari i Partis\u00eb Demokratike, Agron Gjekmarkaj n\u00eb nj\u00eb intervist\u00eb p\u00ebr gazet\u00ebn <span style=\"color: #0000ff;\"><a style=\"color: #0000ff;\" href=\"https:\/\/kohajone.com\/interviste-ekskluzive-per-koha-jone-e-nenkryetarit-te-pd-agron-gjekmarkaj-berisha-u-be-sot-anetar-i-lsi-kurse-ajo-u-pasurua-me-nje-nongrata\/\">\u201cKoha Jon\u00eb\u201d<\/a><\/span>, deklaroi se Sali Berisha tashm\u00eb u b\u00eb an\u00ebtar i L\u00ebvizjes Socialiste p\u00ebr Integrim.<\/span><\/p>\n<p style=\"text-align: justify;\"><span style=\"color: #000000;\">M\u00eb tej ai tha se LSI-ja u pasurua me nj\u00eb an\u00ebtar \u201cnon grata\u201d.<\/span><\/p>\n<p style=\"text-align: justify;\"><span style=\"color: #000000;\">Gjekamarkaj theksoi se Rama po mb\u00ebshtet Berish\u00ebn pa komplekse.<\/span><\/p>\n<p style=\"text-align: justify;\"><span style=\"color: #000000;\">\u201c<em>Berisha sot u b\u00eb an\u00ebtar i LSI-s\u00eb, e cila u pasurua me nj\u00eb \u201cnon-grata\u201d. Rama po mb\u00ebshtet Berish\u00ebn pa ndroj\u00eb e komplekse. Pra kemi nj\u00eb trek\u00ebnd\u00ebsh tranzicionin Berisha- Rama-Meta s\u00eb bashku, dhe PD-m\u00eb e cila po ndahet nga e shkuara dhe tranzicioni n\u00eb em\u00ebr t\u00eb s\u00eb ardhmes dhe Shqip\u00ebris\u00eb. Trek\u00ebnd\u00ebshi \u00ebsht\u00eb e kaluara, \u00ebsht\u00eb \u201dnon-grata<\/em>\u201d-tha Gjekmarkaj.<\/span><\/p>\n","protected":false,"gt_translate_keys":[{"key":"rendered","format":"html"}]},"excerpt":{"rendered":"<p>N\u00ebnkryetari i Partis\u00eb Demokratike, Agron Gjekmarkaj n\u00eb nj\u00eb intervist\u00eb p\u00ebr gazet\u00ebn \u201cKoha Jon\u00eb\u201d, deklaroi se Sali Berisha tashm\u00eb u b\u00eb an\u00ebtar i L\u00ebvizjes Socialiste p\u00ebr Integrim. M\u00eb tej ai tha se LSI-ja u pasurua me nj\u00eb an\u00ebtar \u201cnon grata\u201d. Gjekamarkaj theksoi se Rama po mb\u00ebshtet Berish\u00ebn pa komplekse. \u201cBerisha sot u b\u00eb an\u00ebtar i LSI-s\u00eb, [&hellip;]<\/p>\n","protected":false,"gt_translate_keys":[{"key":"rendered","format":"html"}]},"author":32,"featured_media":484767,"comment_status":"closed","ping_status":"closed","sticky":false,"template":"","format":"standard","meta":{"footnotes":""},"categories":[65,13],"tags":[],"class_list":["post-501433","post","type-post","status-publish","format-standard","has-post-thumbnail","hentry","category-lajme","category-te-fundit"],"gt_translate_keys":[{"key":"link","format":"url"}],"_links":{"self":[{"href":"https:\/\/www.hashtag.al\/index.php\/wp-json\/wp\/v2\/posts\/501433","targetHints":{"allow":["GET"]}}],"collection":[{"href":"https:\/\/www.hashtag.al\/index.php\/wp-json\/wp\/v2\/posts"}],"about":[{"href":"https:\/\/www.hashtag.al\/index.php\/wp-json\/wp\/v2\/types\/post"}],"author":[{"embeddable":true,"href":"https:\/\/www.hashtag.al\/index.php\/wp-json\/wp\/v2\/users\/32"}],"replies":[{"embeddable":true,"href":"https:\/\/www.hashtag.al\/index.php\/wp-json\/wp\/v2\/comments?post=501433"}],"version-history":[{"count":0,"href":"https:\/\/www.hashtag.al\/index.php\/wp-json\/wp\/v2\/posts\/501433\/revisions"}],"wp:featuredmedia":[{"embeddable":true,"href":"https:\/\/www.hashtag.al\/index.php\/wp-json\/wp\/v2\/media\/484767"}],"wp:attachment":[{"href":"https:\/\/www.hashtag.al\/index.php\/wp-json\/wp\/v2\/media?parent=501433"}],"wp:term":[{"taxonomy":"category","embeddable":true,"href":"https:\/\/www.hashtag.al\/index.php\/wp-json\/wp\/v2\/categories?post=501433"},{"taxonomy":"post_tag","embeddable":true,"href":"https:\/\/www.hashtag.al\/index.php\/wp-json\/wp\/v2\/tags?post=501433"}],"curies":[{"name":"wp","href":"https:\/\/api.w.org\/{rel}","templated":true}]}}