{"id":501343,"date":"2022-01-31T16:19:54","date_gmt":"2022-01-31T15:19:54","guid":{"rendered":"https:\/\/www.hashtag.al\/?p=501343"},"modified":"2022-01-31T16:22:40","modified_gmt":"2022-01-31T15:22:40","slug":"ministri-kosovar-liburn-aliu-hekurudha-prishtine-durres-po-behet-realitet","status":"publish","type":"post","link":"https:\/\/www.hashtag.al\/index.php\/2022\/01\/31\/ministri-kosovar-liburn-aliu-hekurudha-prishtine-durres-po-behet-realitet\/","title":{"rendered":"Ministri kosovar Liburn Aliu: Hekurudha Prishtin\u00eb-Durr\u00ebs po b\u00ebhet realitet","gt_translate_keys":[{"key":"rendered","format":"text"}]},"content":{"rendered":"<p><span style=\"color: #000000;\"><a href=\"https:\/\/www.hashtag.al\/wp-content\/uploads\/2022\/01\/272632759_10220549415026357_7371020469976654224_n.jpg\"><img loading=\"lazy\" decoding=\"async\" class=\"aligncenter size-full wp-image-501344\" src=\"https:\/\/www.hashtag.al\/wp-content\/uploads\/2022\/01\/272632759_10220549415026357_7371020469976654224_n.jpg\" alt=\"\" width=\"2048\" height=\"1536\" srcset=\"https:\/\/www.hashtag.al\/wp-content\/uploads\/2022\/01\/272632759_10220549415026357_7371020469976654224_n.jpg 2048w, https:\/\/www.hashtag.al\/wp-content\/uploads\/2022\/01\/272632759_10220549415026357_7371020469976654224_n-300x225.jpg 300w, https:\/\/www.hashtag.al\/wp-content\/uploads\/2022\/01\/272632759_10220549415026357_7371020469976654224_n-1024x768.jpg 1024w, https:\/\/www.hashtag.al\/wp-content\/uploads\/2022\/01\/272632759_10220549415026357_7371020469976654224_n-768x576.jpg 768w, https:\/\/www.hashtag.al\/wp-content\/uploads\/2022\/01\/272632759_10220549415026357_7371020469976654224_n-1536x1152.jpg 1536w\" sizes=\"auto, (max-width: 2048px) 100vw, 2048px\" \/><\/a><\/span><\/p>\n<p><span style=\"color: #000000;\">K\u00ebt\u00eb t\u00eb h\u00ebn\u00eb ministri i Mjedisit, Planifikimit Hap\u00ebsinor dhe Infrastruktur\u00ebs n\u00eb Kosov\u00eb Liburn Aliu ndodhet n\u00eb Durr\u00ebs.<\/span><\/p>\n<p><span style=\"color: #000000;\">N\u00eb qytetin bregdetar po diskutohet lidhur me projektin e dizajnit p\u00ebr linj\u00ebn hekurudhore Prishtin\u00eb \u2013 Durr\u00ebs, q\u00eb sipas ministrit Aliu po b\u00ebhet realitet.<\/span><\/p>\n<p><span style=\"color: #000000;\"><em>\u00a0\u201cJemi tek drejtoria e p\u00ebrgjithshme e hekurudhave n\u00eb Durr\u00ebs p\u00ebr t\u00eb diskutuar p\u00ebr hapat e m\u00ebtejm\u00eb t\u00eb linj\u00ebs hekurudhore q\u00eb do t\u2019i bashkoj\u00eb ekonomit\u00eb tona dhe do t\u2019i fuqizoj\u00eb mund\u00ebsit\u00eb p\u00ebr zhvillim ekonomik, si p\u00ebr Kosov\u00ebn ashtu edhe p\u00ebr Shqip\u00ebrin\u00eb.\u201d<\/em>&#8211; shkroi Aliu, i cili ndan edhe nj\u00eb hart\u00eb t\u00eb hekurudh\u00ebs se si do t\u00eb jet\u00eb.<\/span><\/p>\n<p><span style=\"color: #000000;\">N\u00eb dhjetor t\u00eb vitit t\u00eb kaluar, Aliu kishte prezantuar p\u00ebr media projektin p\u00ebr nd\u00ebrtimin e hekurudh\u00ebs Prishtin\u00eb-Durr\u00ebs.<\/span><\/p>\n<p class=\"selectionShareable\"><span style=\"color: #000000;\">Kujtojm\u00eb se m\u00eb 23 tetor, K\u00ebshilli Komb\u00ebtar i Territorit miratoi lejen e nd\u00ebrtimit p\u00ebr linj\u00ebn hekurudhore Tiran\u00eb-Durr\u00ebs.<\/span><\/p>\n<p class=\"selectionShareable\"><span style=\"color: #000000;\">Linja hekurudhore Tiran\u00eb-Durr\u00ebs dhe lidhja e saj e re me Rinasin do t\u00eb zbatohet nga kompania INC spa, e cila u shpall fituese nj\u00eb vit m\u00eb par\u00eb nd\u00ebrkoh\u00eb q\u00eb autoriteti kontraktor do t\u00eb mbetet Hekurudha Shqiptare.<\/span><\/p>\n<p><a href=\"https:\/\/www.hashtag.al\/wp-content\/uploads\/2022\/01\/272972324_10220549414906354_726696465583210019_n.jpg\"><img loading=\"lazy\" decoding=\"async\" class=\"aligncenter size-full wp-image-501345\" src=\"https:\/\/www.hashtag.al\/wp-content\/uploads\/2022\/01\/272972324_10220549414906354_726696465583210019_n.jpg\" alt=\"\" width=\"1658\" height=\"1688\" srcset=\"https:\/\/www.hashtag.al\/wp-content\/uploads\/2022\/01\/272972324_10220549414906354_726696465583210019_n.jpg 1658w, https:\/\/www.hashtag.al\/wp-content\/uploads\/2022\/01\/272972324_10220549414906354_726696465583210019_n-295x300.jpg 295w, https:\/\/www.hashtag.al\/wp-content\/uploads\/2022\/01\/272972324_10220549414906354_726696465583210019_n-1006x1024.jpg 1006w, https:\/\/www.hashtag.al\/wp-content\/uploads\/2022\/01\/272972324_10220549414906354_726696465583210019_n-768x782.jpg 768w, https:\/\/www.hashtag.al\/wp-content\/uploads\/2022\/01\/272972324_10220549414906354_726696465583210019_n-1509x1536.jpg 1509w, https:\/\/www.hashtag.al\/wp-content\/uploads\/2022\/01\/272972324_10220549414906354_726696465583210019_n-80x80.jpg 80w\" sizes=\"auto, (max-width: 1658px) 100vw, 1658px\" \/><\/a><\/p>\n","protected":false,"gt_translate_keys":[{"key":"rendered","format":"html"}]},"excerpt":{"rendered":"<p>K\u00ebt\u00eb t\u00eb h\u00ebn\u00eb ministri i Mjedisit, Planifikimit Hap\u00ebsinor dhe Infrastruktur\u00ebs n\u00eb Kosov\u00eb Liburn Aliu ndodhet n\u00eb Durr\u00ebs. N\u00eb qytetin bregdetar po diskutohet lidhur me projektin e dizajnit p\u00ebr linj\u00ebn hekurudhore Prishtin\u00eb \u2013 Durr\u00ebs, q\u00eb sipas ministrit Aliu po b\u00ebhet realitet. \u00a0\u201cJemi tek drejtoria e p\u00ebrgjithshme e hekurudhave n\u00eb Durr\u00ebs p\u00ebr t\u00eb diskutuar p\u00ebr hapat e [&hellip;]<\/p>\n","protected":false,"gt_translate_keys":[{"key":"rendered","format":"html"}]},"author":30,"featured_media":501346,"comment_status":"closed","ping_status":"closed","sticky":false,"template":"","format":"standard","meta":{"footnotes":""},"categories":[149,65,13],"tags":[],"class_list":["post-501343","post","type-post","status-publish","format-standard","has-post-thumbnail","hentry","category-kosoverajon","category-lajme","category-te-fundit"],"gt_translate_keys":[{"key":"link","format":"url"}],"_links":{"self":[{"href":"https:\/\/www.hashtag.al\/index.php\/wp-json\/wp\/v2\/posts\/501343","targetHints":{"allow":["GET"]}}],"collection":[{"href":"https:\/\/www.hashtag.al\/index.php\/wp-json\/wp\/v2\/posts"}],"about":[{"href":"https:\/\/www.hashtag.al\/index.php\/wp-json\/wp\/v2\/types\/post"}],"author":[{"embeddable":true,"href":"https:\/\/www.hashtag.al\/index.php\/wp-json\/wp\/v2\/users\/30"}],"replies":[{"embeddable":true,"href":"https:\/\/www.hashtag.al\/index.php\/wp-json\/wp\/v2\/comments?post=501343"}],"version-history":[{"count":0,"href":"https:\/\/www.hashtag.al\/index.php\/wp-json\/wp\/v2\/posts\/501343\/revisions"}],"wp:featuredmedia":[{"embeddable":true,"href":"https:\/\/www.hashtag.al\/index.php\/wp-json\/wp\/v2\/media\/501346"}],"wp:attachment":[{"href":"https:\/\/www.hashtag.al\/index.php\/wp-json\/wp\/v2\/media?parent=501343"}],"wp:term":[{"taxonomy":"category","embeddable":true,"href":"https:\/\/www.hashtag.al\/index.php\/wp-json\/wp\/v2\/categories?post=501343"},{"taxonomy":"post_tag","embeddable":true,"href":"https:\/\/www.hashtag.al\/index.php\/wp-json\/wp\/v2\/tags?post=501343"}],"curies":[{"name":"wp","href":"https:\/\/api.w.org\/{rel}","templated":true}]}}