{"id":501322,"date":"2022-01-31T15:07:21","date_gmt":"2022-01-31T14:07:21","guid":{"rendered":"https:\/\/www.hashtag.al\/?p=501322"},"modified":"2022-01-31T15:07:21","modified_gmt":"2022-01-31T14:07:21","slug":"balla-per-kandidatet-e-komisionit-te-rithemelimit-produktet-qe-vijne-nga-non-grata-mbeten-non-grata","status":"publish","type":"post","link":"https:\/\/www.hashtag.al\/index.php\/2022\/01\/31\/balla-per-kandidatet-e-komisionit-te-rithemelimit-produktet-qe-vijne-nga-non-grata-mbeten-non-grata\/","title":{"rendered":"Balla p\u00ebr kandidat\u00ebt e Komisionit t\u00eb Rithemelimit: Produktet q\u00eb vijn\u00eb nga \u201cnon-grata\u201d mbeten \u201cnon-grata\u201d","gt_translate_keys":[{"key":"rendered","format":"text"}]},"content":{"rendered":"<p><span style=\"color: #000000;\"><a href=\"https:\/\/www.hashtag.al\/wp-content\/uploads\/2022\/01\/TBalla.jpeg\"><img loading=\"lazy\" decoding=\"async\" class=\"aligncenter size-full wp-image-501323\" src=\"https:\/\/www.hashtag.al\/wp-content\/uploads\/2022\/01\/TBalla.jpeg\" alt=\"\" width=\"675\" height=\"450\" srcset=\"https:\/\/www.hashtag.al\/wp-content\/uploads\/2022\/01\/TBalla.jpeg 675w, https:\/\/www.hashtag.al\/wp-content\/uploads\/2022\/01\/TBalla-300x200.jpeg 300w\" sizes=\"auto, (max-width: 675px) 100vw, 675px\" \/><\/a><\/span><\/p>\n<p><span style=\"color: #000000;\">Kreu i grupit parlamentar t\u00eb PS-s\u00eb, Taulant Balla ka nj\u00eb koment p\u00ebr kandidat\u00ebt q\u00eb dol\u00ebn nga zgjedhjet e djeshme t\u00eb Komisionit t\u00eb Rithemelimit t\u00eb PD-s\u00eb.<\/span><\/p>\n<p><span style=\"color: #000000;\">N\u00eb nj\u00eb deklarat\u00eb p\u00ebr mediat ku u pyet nga gazetar\u00ebt p\u00ebr votimet q\u00eb u zhvilluan dje, Basha tha se produktet q\u00eb vijn\u00eb nga \u201cnon-grata\u201d duke iu referuar k\u00ebtu ish-kryeministrit Sali Berisha, mbeten \u201cnon-grata\u201d.<\/span><\/p>\n<p><span style=\"color: #000000;\"><em>\u201cK\u00ebtu do p\u00ebrgjigjem personalisht dhe jo i kreu i grupit parlamentar t\u00eb PS-s\u00eb. Non-grata ngelet non-grata, dhe produktet q\u00eb vijn\u00eb nga non-grata mbeten non-grata.\u201d-<\/em> jan\u00eb fjal\u00ebt e Ball\u00ebs.<\/span><\/p>\n","protected":false,"gt_translate_keys":[{"key":"rendered","format":"html"}]},"excerpt":{"rendered":"<p>Kreu i grupit parlamentar t\u00eb PS-s\u00eb, Taulant Balla ka nj\u00eb koment p\u00ebr kandidat\u00ebt q\u00eb dol\u00ebn nga zgjedhjet e djeshme t\u00eb Komisionit t\u00eb Rithemelimit t\u00eb PD-s\u00eb. N\u00eb nj\u00eb deklarat\u00eb p\u00ebr mediat ku u pyet nga gazetar\u00ebt p\u00ebr votimet q\u00eb u zhvilluan dje, Basha tha se produktet q\u00eb vijn\u00eb nga \u201cnon-grata\u201d duke iu referuar k\u00ebtu ish-kryeministrit Sali [&hellip;]<\/p>\n","protected":false,"gt_translate_keys":[{"key":"rendered","format":"html"}]},"author":30,"featured_media":501323,"comment_status":"closed","ping_status":"closed","sticky":false,"template":"","format":"standard","meta":{"footnotes":""},"categories":[65,13],"tags":[],"class_list":["post-501322","post","type-post","status-publish","format-standard","has-post-thumbnail","hentry","category-lajme","category-te-fundit"],"gt_translate_keys":[{"key":"link","format":"url"}],"_links":{"self":[{"href":"https:\/\/www.hashtag.al\/index.php\/wp-json\/wp\/v2\/posts\/501322","targetHints":{"allow":["GET"]}}],"collection":[{"href":"https:\/\/www.hashtag.al\/index.php\/wp-json\/wp\/v2\/posts"}],"about":[{"href":"https:\/\/www.hashtag.al\/index.php\/wp-json\/wp\/v2\/types\/post"}],"author":[{"embeddable":true,"href":"https:\/\/www.hashtag.al\/index.php\/wp-json\/wp\/v2\/users\/30"}],"replies":[{"embeddable":true,"href":"https:\/\/www.hashtag.al\/index.php\/wp-json\/wp\/v2\/comments?post=501322"}],"version-history":[{"count":0,"href":"https:\/\/www.hashtag.al\/index.php\/wp-json\/wp\/v2\/posts\/501322\/revisions"}],"wp:featuredmedia":[{"embeddable":true,"href":"https:\/\/www.hashtag.al\/index.php\/wp-json\/wp\/v2\/media\/501323"}],"wp:attachment":[{"href":"https:\/\/www.hashtag.al\/index.php\/wp-json\/wp\/v2\/media?parent=501322"}],"wp:term":[{"taxonomy":"category","embeddable":true,"href":"https:\/\/www.hashtag.al\/index.php\/wp-json\/wp\/v2\/categories?post=501322"},{"taxonomy":"post_tag","embeddable":true,"href":"https:\/\/www.hashtag.al\/index.php\/wp-json\/wp\/v2\/tags?post=501322"}],"curies":[{"name":"wp","href":"https:\/\/api.w.org\/{rel}","templated":true}]}}